{"id":1017,"date":"2011-12-31T20:00:27","date_gmt":"2011-12-31T19:00:27","guid":{"rendered":"http:\/\/www.rodolphe-passions.info\/wordpress\/?p=1017"},"modified":"2012-01-01T18:44:18","modified_gmt":"2012-01-01T17:44:18","slug":"bilan-2011","status":"publish","type":"post","link":"https:\/\/www.rodolphe-passions.fr\/wordpress\/2011\/12\/bilan-2011\/","title":{"rendered":"Bilan 2011"},"content":{"rendered":"<p align=\"justify\">Pluvieuse derni\u00e8re journ\u00e9e de 2011, l&rsquo;occasion est id\u00e9ale de faire un petit bilan de la saison \u00e9coul\u00e9e. Saison plac\u00e9e sous le signe du cyclosport, avec le Grand Troph\u00e9e de nouveau comme objectif, et bien s\u00fbr progresser dans les classements scratch des diff\u00e9rentes \u00e9preuves auxquelles j&rsquo;ai particip\u00e9. Je tenais \u00e9galement \u00e0 mieux g\u00e9rer mes temps forts et faibles, pour conserver une relative fra\u00eecheur jusqu&rsquo;\u00e0 juillet.<\/p>\n<p align=\"justify\">Pas de chambardement durant la pr\u00e9-saison donc, avec une condition en l\u00e9g\u00e8re hausse d\u00e8s le mois de janvier. Les entra\u00eenements collectifs r\u00e9alis\u00e9s dans le froid mais au sec (la plupart du temps) me permettent d&rsquo;acqu\u00e9rir du foncier et du rythme avec mes co\u00e9quipiers de Fontaine et les coureurs de Grenoble ; rapidement je prends de l&rsquo;avance par rapport \u00e0 2010, et j&rsquo;accroche mon premier dossard pour une course nationale \u00e0 <a href=\"http:\/\/www.rodolphe-passions.fr\/wordpress\/2011\/03\/grand-prix-de-montmeyran\/\">Montmeyran<\/a> mi-mars.<\/p>\n<p align=\"justify\">Pluie diluvienne, pas de jambes : je prends l\u00e0-bas un grand coup derri\u00e8re la casquette, et abandonne \u00e0 mi-course : une premi\u00e8re depuis bien longtemps. J&rsquo;encha\u00eene en cyclosport avec la <a href=\"http:\/\/www.rodolphe-passions.fr\/wordpress\/2011\/03\/corima-drome-provencale\/\">Corima<\/a> o\u00f9 le niveau est \u00e0 peine moins relev\u00e9 ; une nouvelle fois sous la pluie et le froid je perds beaucoup de places dans le final, mais la condition est en hausse du c\u00f4t\u00e9 de Mont\u00e9limar. D\u00e9but avril je m&rsquo;aligne \u00e0 <a href=\"http:\/\/www.rodolphe-passions.fr\/wordpress\/2011\/04\/grand-prix-de-vienne\/\">Vienne<\/a> pour la premi\u00e8re fois ; je tiens ma place dans le peloton jusqu&rsquo;au bout apr\u00e8s avoir beaucoup souffert en d\u00e9but de course, me permettant une petite attaque dans le final (pour la forme ;)).<\/p>\n<p align=\"justify\">Arrive la premi\u00e8re manche du Grand Troph\u00e9e \u00e0 <a href=\"http:\/\/www.rodolphe-passions.fr\/wordpress\/2011\/04\/granfondo-colnago-cogolin\/\">Cogolin<\/a>, o\u00f9 malgr\u00e9 une sinusite tenace je souhaite faire aussi bien que l&rsquo;an dernier (top 10). Le plateau \u00ab\u00a0quatre \u00e9toiles\u00a0\u00bb pr\u00e9sent sur le grand parcours me ram\u00e8ne vite sur Terre et je dois me contenter d&rsquo;une place dans les quarante au sprint, apr\u00e8s avoir suivi (et l\u00e2ch\u00e9) le groupe de chasse pendant 120 km. C&rsquo;est \u00e0 ce moment-l\u00e0 que d\u00e9bute mon partenariat avec Alban de <a href=\"http:\/\/www.cyclesetforme.fr\/\">Cycles et Forme<\/a>, qui me propose un capteur de puissance Powertap pour le reste de la saison en \u00e9change d&rsquo;un peu de publicit\u00e9 pour sa nouvelle activit\u00e9 sur les grosses \u00e9preuves du calendrier cyclosport. J&rsquo;accepte sans h\u00e9siter, et apprends petit \u00e0 petit les bases de l&rsquo;entra\u00eenement par la puissance&#8230; Ce qui ne tarde pas \u00e0 porter ses fruits.<\/p>\n<p align=\"justify\">D\u00e9but mai je cours \u00e0 <a href=\"http:\/\/www.rodolphe-passions.fr\/wordpress\/2011\/05\/grand-prix-de-fontaine\/\">Fontaine<\/a> davantage pour repr\u00e9senter le club et faire du rythme, en vue du <a href=\"http:\/\/www.rodolphe-passions.fr\/wordpress\/2011\/05\/grand-prix-de-voiron\/\">Grand Prix de Voiron<\/a> que je ne voulais pas manquer. Apr\u00e8s un mauvais chrono le matin, je me fais plaisir l&rsquo;apr\u00e8s-midi sur un parcours accident\u00e9 en Pr\u00e9alpes, o\u00f9 j&rsquo;accompagne les meilleurs jusqu&rsquo;\u00e0 la derni\u00e8re difficult\u00e9. De quoi me regonfler \u00e0 bloc pour la <a href=\"http:\/\/www.rodolphe-passions.fr\/wordpress\/2011\/05\/ventoux-beaumes-de-venise\/\">Ventoux<\/a> o\u00f9 dans la chaleur je retrouve d&rsquo;excellentes sensations pour me classer tout pr\u00e8s d&rsquo;un top 15 scratch en compagnie de mes adversaires habituels. La suite est moins bonne au <a href=\"http:\/\/www.rodolphe-passions.fr\/wordpress\/2011\/05\/challenge-vercors\/\">Challenge Vercors<\/a> o\u00f9 j&rsquo;apprends \u00e0 g\u00e9rer un jour sans, fatigu\u00e9 physiquement et nerveusement. J&rsquo;y prends n\u00e9anmoins le maillot de leader du Grand Troph\u00e9e avant les <a href=\"http:\/\/www.rodolphe-passions.fr\/wordpress\/2011\/06\/trois-ballons\/\">Trois Ballons<\/a>, premier grand rendez-vous de la saison.<\/p>\n<p align=\"justify\">Sur un parcours que j&rsquo;adore je r\u00e9alise la course parfaite pendant six heures malgr\u00e9 un d\u00e9part ultra-rapide ; malheureusement je m&rsquo;\u00e9croule dans l&rsquo;ascension finale alors qu&rsquo;un top 20 me tendait les bras&#8230; La plus grosse d\u00e9ception de cette ann\u00e9e, tant j&rsquo;avais ma\u00eetris\u00e9 tous les param\u00e8tres ce jour-l\u00e0. J&rsquo;arrive n\u00e9anmoins \u00e0 <a href=\"http:\/\/www.rodolphe-passions.fr\/wordpress\/2011\/06\/morzine-vallee-daulps\/\">Morzine<\/a> avec bon moral malgr\u00e9 la m\u00e9t\u00e9o hivernale ; apr\u00e8s avoir accompagn\u00e9 les meilleurs jusqu&rsquo;au pied de la derni\u00e8re ascension j&rsquo;accroche mon premier top 15 de la saison. En Oisans nous retrouvons enfin le soleil, bien que j&rsquo;y garde un souvenir mitig\u00e9 de l&rsquo;an pass\u00e9.<\/p>\n<p align=\"justify\">Je r\u00e9alise alors une tr\u00e8s bonne <a href=\"http:\/\/www.rodolphe-passions.fr\/wordpress\/2011\/06\/vaujany\/\">Vaujany<\/a> (top 20), et semble enfin avoir trouv\u00e9 la recette pour ma\u00eetriser les arriv\u00e9es au sommet. Je me pr\u00e9sente six jours plus tard au d\u00e9part de la <a href=\"http:\/\/www.rodolphe-passions.fr\/wordpress\/2011\/07\/marmotte-2\/\">Marmotte<\/a> nerveux, mais avec des jambes de feu. D\u00e8s la premi\u00e8re ascension (Glandon) je laisse partir les trente meilleurs partis comme des avions, mais c&rsquo;est pour mieux n\u00e9gocier l&rsquo;encha\u00eenement T\u00e9l\u00e9graphe-Galibier, et enfin l&rsquo;Alpe-d&rsquo;Huez que j&rsquo;efface en moins d&rsquo;une heure&#8230; Au final je boucle l&rsquo;\u00e9preuve en 6h37 et dans les quarante premiers, ce que je n&rsquo;esp\u00e9rais m\u00eame pas le matin m\u00eame !<\/p>\n<p align=\"justify\">Une semaine plus tard je prends le d\u00e9part de la <a href=\"http:\/\/www.rodolphe-passions.fr\/wordpress\/2011\/07\/serre-che-luc-alphand-4\/\">Luc Alphand<\/a> \u00e0 Serre-Chevalier, pour un \u00ab\u00a0chantier\u00a0\u00bb court mais intense. Apr\u00e8s deux Galibier nous arrivons en haut du terrible Granon ; dans les dix premiers tout au long de l&rsquo;\u00e9preuve je ne craque pas et conserve ma place dans le top 10. A l&rsquo;issue d&rsquo;un encha\u00eenement juin-juillet charg\u00e9 je ne suis pas trop entam\u00e9, mais l\u00e8ve un peu le pied pour bien finir la saison. La <a href=\"http:\/\/www.rodolphe-passions.fr\/wordpress\/2011\/07\/risoul-vauban-2\/\">Risoul-Vauban<\/a> d\u00e9but ao\u00fbt me permet une nouvelle fois de go\u00fbter \u00e0 la haute-montagne avec un nouveau top 10 \u00e0 la cl\u00e9 ; j&rsquo;arrive aux Deux-Alpes quelques semaine plus tard pour achever ma victoire dans le Grand Troph\u00e9e, sur les routes de la <a href=\"http:\/\/www.rodolphe-passions.fr\/wordpress\/2011\/08\/memorial-cycling-marco-pantani\/\">Pantani<\/a>.<\/p>\n<p align=\"justify\">Une fois de plus le d\u00e9part est extr\u00eamement rapide et la chaleur fait de gros d\u00e9g\u00e2ts : bien avant la mi-course il y en a partout et mon groupe reprend progressivement des coureurs l\u00e2ch\u00e9s de l&rsquo;avant, pour jouer la cinqui\u00e8me place \u00e0 25 km de l&rsquo;arriv\u00e9e ! Une d\u00e9faillance dans le final me co\u00fbte plusieurs places, mais je reste dans le top 10 et conclus en beaut\u00e9 le Grand Troph\u00e9e. J&rsquo;encha\u00eene avec la <a href=\"http:\/\/www.rodolphe-passions.fr\/wordpress\/2011\/08\/vercors-drome\/\">Vercors-Dr\u00f4me<\/a> le weekend suivant, o\u00f9 un peu juste physiquement je la joue plus tactique pour finir une nouvelle fois dixi\u00e8me.<\/p>\n<p align=\"justify\">Je mets alors l&rsquo;accent sur le travail \u00e0 PMA pour pr\u00e9parer des efforts plus courts comme la grimp\u00e9e de <a href=\"http:\/\/www.rodolphe-passions.fr\/wordpress\/2011\/09\/grimpee-de-st-nizier-2\/\">St-Nizier<\/a>. Pr\u00e9paration efficace puisque sous la pluie j&rsquo;explose mon pr\u00e9c\u00e9dent record de 2&prime; pour descendre sous les 43&prime;. La suite est moins \u00e9vidente \u00e0 la <a href=\"http:\/\/www.rodolphe-passions.fr\/wordpress\/2011\/09\/dromoise-2\/\">Dr\u00f4moise<\/a> ; sur un parcours glissant et moins montagneux la lassitude me gagne, m\u00eame si j&rsquo;assure un top 15 pas si loin du vainqueur. Je conclus la saison \u00e0 <a href=\"http:\/\/www.rodolphe-passions.fr\/wordpress\/2011\/10\/cimes-du-lac-dannecy\/\">Annecy<\/a> sur un parcours superbe avec une m\u00e9t\u00e9o parfaite ; avec de bonnes sensations malgr\u00e9 une ann\u00e9e bien remplie je termine une nouvelle fois dans les dix premiers, de beaux souvenirs plein la t\u00eate.<\/p>\n<p align=\"justify\">Bref 2011 marque une nouvelle \u00e9tape dans ma progression ; avec l&rsquo;exp\u00e9rience je g\u00e8re mieux les moments difficiles et physiquement je suis dans mes meilleures ann\u00e9es. Pas de points FFC marqu\u00e9s cette saison, n\u00e9anmoins je repars en 3\u00b0 cat\u00e9gorie pour 2012 : la longueur et la difficult\u00e9 des courses me conviennent davantage qu&rsquo;en Pass&rsquo;Cyclisme, m\u00eame si \u00e7a implique souvent de courir avec des adversaires en 2\u00b0 cat\u00e9gorie (et l\u00e0 ce n&rsquo;est plus la m\u00eame chanson :P). Mi-ao\u00fbt un club voisin m&rsquo;a propos\u00e9 de compl\u00e9ter leur \u00e9quipe au Circuit de la Dr\u00f4me : je regrette d&rsquo;avoir d\u00e9clin\u00e9 cette invitation (craignant de trop en faire), du coup j&rsquo;aimerais inscrire une belle course de ce type \u00e0 mon calendrier cette saison (avant de tenter l&rsquo;exp\u00e9rience en cyclosport pour 2013 ?). En cyclosport je repars sur la m\u00eame base : huit \u00e9preuves du Grand Troph\u00e9e avec en point d&rsquo;orgue la Marmotte et les Trois Ballons. C\u00f4t\u00e9 entra\u00eenement l&rsquo;exp\u00e9rience Powertap fut tr\u00e8s int\u00e9ressante, et pour 2012 je serai \u00e9quip\u00e9 d&rsquo;un capteur p\u00e9dalier type Power2Max, re\u00e7u et install\u00e9 il y a quelques jours seulement&#8230;<\/p>\n<p align=\"justify\">Enfin 2011 fut particuli\u00e8rement riche en rencontres sur la route et en-dehors ; c\u00f4toyer d&rsquo;autres cyclosportifs dans des cols mythiques, sous le soleil, la pluie, la chaleur, le vent, le froid tisse des liens&#8230; Aussi je transmets \u00e0 tous les lecteurs de ce blog mes meilleurs v\u0153ux pour 2012, et la r\u00e9ussite \u00e0 la fois sportive, professionnelle et personnelle :-).<\/p>\n","protected":false},"excerpt":{"rendered":"<p>Pluvieuse derni\u00e8re journ\u00e9e de 2011, l&rsquo;occasion est id\u00e9ale de faire un petit bilan de la saison \u00e9coul\u00e9e. Saison plac\u00e9e sous le signe du cyclosport, avec le Grand Troph\u00e9e de nouveau comme objectif, et bien s\u00fbr progresser dans les classements scratch &hellip; <a href=\"https:\/\/www.rodolphe-passions.fr\/wordpress\/2011\/12\/bilan-2011\/\">Continuer la lecture <span class=\"meta-nav\">&rarr;<\/span><\/a><\/p>\n","protected":false},"author":1,"featured_media":0,"comment_status":"open","ping_status":"open","sticky":false,"template":"","format":"standard","meta":{"jetpack_post_was_ever_published":false,"_jetpack_newsletter_access":"","_jetpack_dont_email_post_to_subs":false,"_jetpack_newsletter_tier_id":0,"_jetpack_memberships_contains_paywalled_content":false,"_jetpack_memberships_contains_paid_content":false,"footnotes":"","jetpack_publicize_message":"","jetpack_publicize_feature_enabled":true,"jetpack_social_post_already_shared":false,"jetpack_social_options":{"image_generator_settings":{"template":"highway","enabled":false},"version":2}},"categories":[9],"tags":[],"class_list":["post-1017","post","type-post","status-publish","format-standard","hentry","category-divers"],"jetpack_publicize_connections":[],"jetpack_featured_media_url":"","jetpack_shortlink":"https:\/\/wp.me\/p12zYw-gp","jetpack_sharing_enabled":true,"jetpack_likes_enabled":true,"_links":{"self":[{"href":"https:\/\/www.rodolphe-passions.fr\/wordpress\/wp-json\/wp\/v2\/posts\/1017"}],"collection":[{"href":"https:\/\/www.rodolphe-passions.fr\/wordpress\/wp-json\/wp\/v2\/posts"}],"about":[{"href":"https:\/\/www.rodolphe-passions.fr\/wordpress\/wp-json\/wp\/v2\/types\/post"}],"author":[{"embeddable":true,"href":"https:\/\/www.rodolphe-passions.fr\/wordpress\/wp-json\/wp\/v2\/users\/1"}],"replies":[{"embeddable":true,"href":"https:\/\/www.rodolphe-passions.fr\/wordpress\/wp-json\/wp\/v2\/comments?post=1017"}],"version-history":[{"count":8,"href":"https:\/\/www.rodolphe-passions.fr\/wordpress\/wp-json\/wp\/v2\/posts\/1017\/revisions"}],"predecessor-version":[{"id":1025,"href":"https:\/\/www.rodolphe-passions.fr\/wordpress\/wp-json\/wp\/v2\/posts\/1017\/revisions\/1025"}],"wp:attachment":[{"href":"https:\/\/www.rodolphe-passions.fr\/wordpress\/wp-json\/wp\/v2\/media?parent=1017"}],"wp:term":[{"taxonomy":"category","embeddable":true,"href":"https:\/\/www.rodolphe-passions.fr\/wordpress\/wp-json\/wp\/v2\/categories?post=1017"},{"taxonomy":"post_tag","embeddable":true,"href":"https:\/\/www.rodolphe-passions.fr\/wordpress\/wp-json\/wp\/v2\/tags?post=1017"}],"curies":[{"name":"wp","href":"https:\/\/api.w.org\/{rel}","templated":true}]}}