{"id":1100,"date":"2012-03-11T20:00:45","date_gmt":"2012-03-11T19:00:45","guid":{"rendered":"http:\/\/www.rodolphe-passions.info\/wordpress\/?p=1100"},"modified":"2012-03-13T18:40:25","modified_gmt":"2012-03-13T17:40:25","slug":"grand-prix-de-montmeyran-2","status":"publish","type":"post","link":"https:\/\/www.rodolphe-passions.fr\/wordpress\/2012\/03\/grand-prix-de-montmeyran-2\/","title":{"rendered":"Grand Prix de Montmeyran"},"content":{"rendered":"<p align=\"justify\">Comme l&rsquo;an pass\u00e9 j&rsquo;accroche mon premier dossard \u00e0 Montmeyran, en 2\/3\/J. Pas de pluie cette ann\u00e9e, mais du soleil et un fort vent du nord qui p\u00e8sera plus sur la course que l&rsquo;unique difficult\u00e9 du circuit de 12.5 km : la c\u00f4te de la Baume-Cornillane. Cette fois-ci j&rsquo;arrive suffisamment t\u00f4t pour prendre mon dossard et m&rsquo;habiller tranquillement : pas de stress. Je m&rsquo;installe \u00e0 c\u00f4t\u00e9 de Philippe et Romuald qui courent parmi les 80 engag\u00e9s en Pass&rsquo;Cyclisme&#8230; La liste d&rsquo;engag\u00e9s chez les nationaux affiche complet : nous sommes 200 sur la ligne de d\u00e9part.<\/p>\n<p align=\"justify\"><img loading=\"lazy\" decoding=\"async\" src=\"http:\/\/www.rodolphe-passions.fr\/wordpress\/wp-content\/uploads\/2012\/03\/grand_prix_de_montmeyran_1.jpg\" alt=\"GP de Montmeyran\" title=\"GP de Montmeyran\" width=\"400\" height=\"267\" class=\"alignright size-full wp-image-1110\" srcset=\"https:\/\/www.rodolphe-passions.fr\/wordpress\/wp-content\/uploads\/2012\/03\/grand_prix_de_montmeyran_1.jpg 400w, https:\/\/www.rodolphe-passions.fr\/wordpress\/wp-content\/uploads\/2012\/03\/grand_prix_de_montmeyran_1-300x200.jpg 300w\" sizes=\"(max-width: 400px) 100vw, 400px\" \/>En attendant le d\u00e9part nous partons tous les trois nous \u00e9chauffer sur un tour de circuit, et nous rendre compte de la force du vent (surtout quand on le prend de c\u00f4t\u00e9)&#8230; Tr\u00e8s surprenant la premi\u00e8re fois ; je crois que je vais travailler la bordure cet apr\u00e8s-midi :-). Quelques sprints plus tard avec des sensations correctes je retourne vers la ligne de d\u00e9part, que je pense -\u00e0 tort- plac\u00e9e plus haut dans le bourg. Mauvaise pioche : le temps de redescendre tous les coureurs ont pris place, je suis dernier ou presque sur la ligne, vent de face :-(.<\/p>\n<p align=\"justify\">Trois&#8230; deux&#8230; un&#8230; partez ! Je me retrouve dans la m\u00eame situation que l&rsquo;an dernier, plant\u00e9 \u00e0 200 m du peloton sauf que l\u00e0, pas de gros gabarit pour me ramener&#8230; On relaie \u00e0 deux ou trois en vain, le paquet s&rsquo;\u00e9loigne doucement : c&rsquo;est d\u00e9j\u00e0 fini. De rage j&rsquo;insiste seul dans la bosse ; avec le vent favorable je commence \u00e0 remonter des coureurs l\u00e2ch\u00e9s, et l&rsquo;\u00e9ventail se met en place dans la longue descente sur Montmeyran. Le temps de comprendre comment une bordure fonctionne, j&rsquo;arrive enfin \u00e0 m&rsquo;abriter dedans et reprends mon souffle en me d\u00e9salt\u00e9rant. L&rsquo;effort est commun, et nous avons un groupe important en point de mire.<\/p>\n<p align=\"justify\"><a href=\"http:\/\/www.rodolphe-passions.fr\/wordpress\/wp-content\/uploads\/2012\/03\/grand_prix_de_montmeyran_2.jpg\"><img loading=\"lazy\" decoding=\"async\" src=\"http:\/\/www.rodolphe-passions.fr\/wordpress\/wp-content\/uploads\/2012\/03\/grand_prix_de_montmeyran_2.jpg\" alt=\"GP de Montmeyran\" title=\"GP de Montmeyran\" width=\"267\" height=\"400\" class=\"alignleft size-full wp-image-1112\" srcset=\"https:\/\/www.rodolphe-passions.fr\/wordpress\/wp-content\/uploads\/2012\/03\/grand_prix_de_montmeyran_2.jpg 267w, https:\/\/www.rodolphe-passions.fr\/wordpress\/wp-content\/uploads\/2012\/03\/grand_prix_de_montmeyran_2-200x300.jpg 200w\" sizes=\"(max-width: 267px) 100vw, 267px\" \/><\/a>Le premier tour se termine ainsi, avec les premiers abandons. Je ne suis pas venu jusqu&rsquo;ici pour faire dix bornes, autant prendre cela comme un entra\u00eenement ; je poursuis les relais malgr\u00e9 le vent qui nous colle \u00e0 la route. Le groupe devant s&rsquo;\u00e9loigne de nouveau, pour se rapprocher dans la difficult\u00e9 du circuit&#8230; Avec un coureur de Chamb\u00e9ry nous gardons le rythme, et jusqu&rsquo;\u00e0 mi-course nous remontons r\u00e9guli\u00e8rement des coureurs attard\u00e9s en gardant le groupe en point de mire, sans pouvoir le rejoindre malheureusement.<\/p>\n<p align=\"justify\">La fatigue et la lassitude commencent \u00e0 se faire sentir, et sur une acc\u00e9l\u00e9ration anodine je saute de l&rsquo;\u00e9ventail \u00e0 la fin du quatri\u00e8me tour : me voil\u00e0 seul dans la pampa \u00e0 quatre tours de l&rsquo;arriv\u00e9e ! Dans le cinqui\u00e8me tour j&rsquo;accuse le coup, mais je suis aux premi\u00e8res loges pour voir Philippe gagner la course en Pass&rsquo;Cyclisme&#8230; apr\u00e8s cinq tours en solitaire. Tout simplement monstrueux avec de telles conditions. Dans le sixi\u00e8me tour un petit groupe avec Nicolas me rejoint ; nous effectuons deux tours ensemble sous des rafales de plus en plus violentes.<\/p>\n<p align=\"justify\">Plusieurs fois je me fais peur dans la ligne droite oppos\u00e9e ; craignant de me faire envoyer droit au foss\u00e9 je jette l&rsquo;\u00e9ponge \u00e0 la cloche, apr\u00e8s 90 km et 2h30 de course. \u00c9videmment d\u00e9\u00e7u du d\u00e9roulement de la course, mais courir dans une bordure ne s&rsquo;improvise pas : quand on s&rsquo;y prend mal on saute, tout simplement. Une exp\u00e9rience enrichissante bien que frustrante : je m&rsquo;en sors sans chute et rassur\u00e9 sur ma condition, ce n&rsquo;est d\u00e9j\u00e0 pas si mal. Rendez-vous dans deux semaines \u00e0 la Corima, pour retrouver mon terrain de pr\u00e9dilection ;-).<\/p>\n<p align=\"justify\">R\u00e9sultats : <a href=\"http:\/\/www.ffc-rhonealpes.com\/fichier_pdf\/Montmeyran_11032012.pdf\">Grand Prix de Montmeyran<\/a><\/p>\n<p><center><iframe height='405' width='590' frameborder='0' allowtransparency='true' scrolling='no' src='http:\/\/app.strava.com\/runs\/5074711\/embed\/41f92ab0ff2aab348d77884bc31fe56a6a8f8253'><\/iframe><\/center><\/p>\n","protected":false},"excerpt":{"rendered":"<p>Comme l&rsquo;an pass\u00e9 j&rsquo;accroche mon premier dossard \u00e0 Montmeyran, en 2\/3\/J. Pas de pluie cette ann\u00e9e, mais du soleil et un fort vent du nord qui p\u00e8sera plus sur la course que l&rsquo;unique difficult\u00e9 du circuit de 12.5 km : &hellip; <a href=\"https:\/\/www.rodolphe-passions.fr\/wordpress\/2012\/03\/grand-prix-de-montmeyran-2\/\">Continuer la lecture <span class=\"meta-nav\">&rarr;<\/span><\/a><\/p>\n","protected":false},"author":1,"featured_media":0,"comment_status":"open","ping_status":"open","sticky":false,"template":"","format":"standard","meta":{"jetpack_post_was_ever_published":false,"_jetpack_newsletter_access":"","_jetpack_dont_email_post_to_subs":false,"_jetpack_newsletter_tier_id":0,"_jetpack_memberships_contains_paywalled_content":false,"_jetpack_memberships_contains_paid_content":false,"footnotes":"","jetpack_publicize_message":"","jetpack_publicize_feature_enabled":true,"jetpack_social_post_already_shared":false,"jetpack_social_options":{"image_generator_settings":{"template":"highway","enabled":false},"version":2}},"categories":[14],"tags":[],"class_list":["post-1100","post","type-post","status-publish","format-standard","hentry","category-ffc"],"jetpack_publicize_connections":[],"jetpack_featured_media_url":"","jetpack_shortlink":"https:\/\/wp.me\/p12zYw-hK","jetpack_sharing_enabled":true,"jetpack_likes_enabled":true,"_links":{"self":[{"href":"https:\/\/www.rodolphe-passions.fr\/wordpress\/wp-json\/wp\/v2\/posts\/1100"}],"collection":[{"href":"https:\/\/www.rodolphe-passions.fr\/wordpress\/wp-json\/wp\/v2\/posts"}],"about":[{"href":"https:\/\/www.rodolphe-passions.fr\/wordpress\/wp-json\/wp\/v2\/types\/post"}],"author":[{"embeddable":true,"href":"https:\/\/www.rodolphe-passions.fr\/wordpress\/wp-json\/wp\/v2\/users\/1"}],"replies":[{"embeddable":true,"href":"https:\/\/www.rodolphe-passions.fr\/wordpress\/wp-json\/wp\/v2\/comments?post=1100"}],"version-history":[{"count":10,"href":"https:\/\/www.rodolphe-passions.fr\/wordpress\/wp-json\/wp\/v2\/posts\/1100\/revisions"}],"predecessor-version":[{"id":1111,"href":"https:\/\/www.rodolphe-passions.fr\/wordpress\/wp-json\/wp\/v2\/posts\/1100\/revisions\/1111"}],"wp:attachment":[{"href":"https:\/\/www.rodolphe-passions.fr\/wordpress\/wp-json\/wp\/v2\/media?parent=1100"}],"wp:term":[{"taxonomy":"category","embeddable":true,"href":"https:\/\/www.rodolphe-passions.fr\/wordpress\/wp-json\/wp\/v2\/categories?post=1100"},{"taxonomy":"post_tag","embeddable":true,"href":"https:\/\/www.rodolphe-passions.fr\/wordpress\/wp-json\/wp\/v2\/tags?post=1100"}],"curies":[{"name":"wp","href":"https:\/\/api.w.org\/{rel}","templated":true}]}}