{"id":1114,"date":"2012-03-25T20:00:29","date_gmt":"2012-03-25T19:00:29","guid":{"rendered":"http:\/\/www.rodolphe-passions.info\/wordpress\/?p=1114"},"modified":"2012-04-11T12:49:23","modified_gmt":"2012-04-11T11:49:23","slug":"corima-drome-provencale-2","status":"publish","type":"post","link":"https:\/\/www.rodolphe-passions.fr\/wordpress\/2012\/03\/corima-drome-provencale-2\/","title":{"rendered":"Corima &#8211; Dr\u00f4me Proven\u00e7ale"},"content":{"rendered":"<p align=\"justify\">Apr\u00e8s le d\u00e9luge de l&rsquo;an pass\u00e9 c&rsquo;est un grand soleil qui nous accueille ce matin \u00e0 Mont\u00e9limar pour la troisi\u00e8me -et d\u00e9j\u00e0 classique- Corima. Le grand parcours reste inchang\u00e9 : la c\u00f4te de Citelle puis les cols de Valouse, la Sausse, Comps et Perthuis sont charg\u00e9s de faire la s\u00e9lection avec un \u00e9l\u00e9ment important : le vent. Pour ma part c&rsquo;est l&rsquo;occasion de voir o\u00f9 en est ma condition, bien que mes objectifs soient plus \u00e9loign\u00e9s dans la saison (et surtout plus montagneux). Cela reste n\u00e9anmoins un plaisir de renouer avec le cyclosport : dans le sas prioritaire j&rsquo;aper\u00e7ois Micka\u00ebl, Nicolas, S\u00e9bastien, Fr\u00e9d\u00e9ric, Jean-Luc et tant d&rsquo;autres&#8230;<\/p>\n<p align=\"justify\"><img loading=\"lazy\" decoding=\"async\" src=\"http:\/\/www.rodolphe-passions.fr\/wordpress\/wp-content\/uploads\/2012\/03\/corima_3.jpg\" alt=\"Corima - Dr\u00f4me Proven\u00e7ale\" title=\"Corima - Dr\u00f4me Proven\u00e7ale\" width=\"400\" height=\"226\" class=\"alignleft size-full wp-image-1150\" srcset=\"https:\/\/www.rodolphe-passions.fr\/wordpress\/wp-content\/uploads\/2012\/03\/corima_3.jpg 400w, https:\/\/www.rodolphe-passions.fr\/wordpress\/wp-content\/uploads\/2012\/03\/corima_3-300x169.jpg 300w\" sizes=\"(max-width: 400px) 100vw, 400px\" \/>La travers\u00e9e de Mont\u00e9limar est neutralis\u00e9e, pourtant les 1800 concurrents sont tr\u00e8s nerveux avec de nombreux coups de patin voire chutes sans gravit\u00e9. Je veille \u00e0 garder mes distances (autant que possible), et profite de la sortie de la ville pour remonter en t\u00eate avant la premi\u00e8re difficult\u00e9. D\u00e8s le d\u00e9part r\u00e9el quelques attaques secouent le peloton ; je suis le mouvement sans trop de mal, mais sans avoir la socquette l\u00e9g\u00e8re non plus. Quelques hommes arrivent \u00e0 se d\u00e9tacher, et on arrive rapidement \u00e0 la c\u00f4te de la Citelle, premi\u00e8re difficult\u00e9 du jour.<\/p>\n<p align=\"justify\">Avec le vent personne n&rsquo;ose prendre l&rsquo;initiative, la mont\u00e9e est moins rapide que l&rsquo;an pass\u00e9. Le train est suffisamment soutenu pour revenir sur les hommes de t\u00eate, mais pas assez pour \u00e9cr\u00e9mer le peloton. La descente qui suit est tr\u00e8s rapide, et bient\u00f4t nous arrivons \u00e0 la s\u00e9paration des parcours, o\u00f9 \u00e7a frotte un peu. Je reste devant sans regarder ce qui se passe derri\u00e8re : S\u00e9bastien en profite pour prendre quelques longueurs, histoire de basculer avec les meilleurs si la bagarre commence. J&rsquo;entends un accrochage entre deux coureurs derri\u00e8re moi en pleine mont\u00e9e, preuve que le rythme n&rsquo;est pas tr\u00e8s rapide.<\/p>\n<p align=\"justify\">Cela ne dure pas, et \u00e0 un kilom\u00e8tre du sommet le tenant du titre Reynaud place un violent d\u00e9marrage, bient\u00f4t relay\u00e9 par Heydens, Genthon et quelques autres coureurs dont St\u00e9phane du GMC38. Connaissant la descente technique qui suit je me fais mal pour prendre le wagon, mais plafonne \u00e0 100 m du sommet. La descente est rapide et \u00e9troite ; sans me retourner j&rsquo;ouvre grand la poign\u00e9e pour me rapprocher, en vain. Au bas de celle-ci un groupe de chasse plus important me reprend, et nous finissons par rentrer juste avant le col de la Sausse.<\/p>\n<p align=\"justify\">Nicolas tente sa chance seul, j&rsquo;en profite pour m&rsquo;alimenter ; cela fait d\u00e9j\u00e0 deux heures qu&rsquo;on roule. Je redoute des attaques dans le col, mais elles ne viennent pas : le rythme est \u00e9lev\u00e9 mais r\u00e9gulier, et je bascule au sommet avec le groupe&#8230; Tout reste \u00e0 faire m\u00eame s&rsquo;il reste un homme en t\u00eate. La descente nous ram\u00e8ne \u00e0 toute allure sur Crupies, avant d&rsquo;entamer la courte mais difficile c\u00f4te de Comps. D&rsquo;entr\u00e9e je sens que \u00e7a va \u00eatre difficile de tenir, mais tiens bon en queue de groupe. Nicolas est repris et les favoris se font la guerre en vue du sommet : \u00e0 la rupture je d\u00e9croche avec St\u00e9phane puis Fr\u00e9d\u00e9ric. Les dix meilleurs sont partis, et j&rsquo;int\u00e8gre le groupe de chasse dans la descente.<\/p>\n<p align=\"justify\">Je souffle un peu, ravitaille et fais le point : dix devant, nous derri\u00e8re et une difficult\u00e9 restante. J&rsquo;avais craqu\u00e9 ici l&rsquo;an pass\u00e9, rendant les trente derniers kilom\u00e8tres longs et p\u00e9nibles \u00e0 couvrir&#8230; Pas question que l&rsquo;histoire se r\u00e9p\u00e8te. Dans un faux-plat vent de face JP Roux part seul en contre ; personne ne r\u00e9agit \u00e0 son attaque, et nous entamons l&rsquo;ascension vers le col de Perthuis. Les jambes br\u00fblent au fur et \u00e0 mesure que le sommet se rapproche, mais \u00e0 entendre le souffle rauque de mes adversaires c&rsquo;est aussi le cas pour eux ; je me fais violence et bascule avec le reste de la troupe. La descente est men\u00e9e tambour battant jusqu&rsquo;\u00e0 ce qu&rsquo;on croise un accident\u00e9 dans une \u00e9pingle : les pompiers sont l\u00e0 et l&rsquo;ont d\u00e9j\u00e0 immobilis\u00e9, voil\u00e0 de quoi calmer les ardeurs de chacun :-(.<\/p>\n<p align=\"justify\"><img loading=\"lazy\" decoding=\"async\" src=\"http:\/\/www.rodolphe-passions.fr\/wordpress\/wp-content\/uploads\/2012\/03\/corima_2.jpg\" alt=\"Corima - Dr\u00f4me Proven\u00e7ale\" title=\"Corima - Dr\u00f4me Proven\u00e7ale\" width=\"400\" height=\"266\" class=\"alignright size-full wp-image-1124\" srcset=\"https:\/\/www.rodolphe-passions.fr\/wordpress\/wp-content\/uploads\/2012\/03\/corima_2.jpg 400w, https:\/\/www.rodolphe-passions.fr\/wordpress\/wp-content\/uploads\/2012\/03\/corima_2-300x199.jpg 300w\" sizes=\"(max-width: 400px) 100vw, 400px\" \/>Il reste maintenant 30 km \u00e0 couvrir, vent de c\u00f4t\u00e9. Sous l&rsquo;impulsion de Nicolas et Fr\u00e9d\u00e9ric les relais s&rsquo;organisent efficacement, ainsi que les in\u00e9vitables \u00e9ventails&#8230; L&rsquo;exp\u00e9rience de Montmeyran il y a deux semaines est salutaire ;-). Chacun donne de sa personne et les kilom\u00e8tres d\u00e9filent \u00e0 toute allure, mais petit \u00e0 petit certains montrent des signes de lassitude. Bluff ou pas cela ne perturbe pas Fr\u00e9d\u00e9ric et Nicolas, clairement les deux plus costauds du groupe. D\u00e8s que le vent tourne \u00e7a roule \u00e0 50 km\/h, impossible pour moi de prendre le moindre relais dans ces conditions.<\/p>\n<p align=\"justify\">Nous arrivons group\u00e9s \u00e0 Savasse, dernier toboggan du parcours \u00e0 5 km de l&rsquo;arriv\u00e9e. Chacun (ou presque) tente sa chance dans la courte difficult\u00e9, mais le regroupement est g\u00e9n\u00e9ral dans la descente. Sentant le (mauvais) coup venir au sprint je tente ma chance \u00e0 2 km de la ligne, en vain. Les jambes t\u00e9tanis\u00e9es je prends la derni\u00e8re place du groupe, soit la 20\u00b0 au scratch en 3h49&rsquo;02\u00a0\u00bb (7\u00b0 des moins de 30 ans). St\u00e9phane remporte le sprint pour se classer 12\u00b0 ; quant \u00e0 Nicolas et Fr\u00e9d\u00e9ric ils prennent les 16\u00b0 et 17\u00b0 places. Cinq minutes plus t\u00f4t Lionel Genthon remporte l&rsquo;\u00e9preuve l\u00e9g\u00e8rement d\u00e9tach\u00e9, devant Nicolas Reynaud et Michel Heydens.<\/p>\n<p align=\"justify\">Premi\u00e8re cyclosportive de la saison, premier top 20 sur un terrain pas forc\u00e9ment id\u00e9al pour moi&#8230; Pas de regrets \u00e0 avoir, car devant c&rsquo;est du tr\u00e8s costaud avec une belle progression par rapport \u00e0 l&rsquo;an dernier. Une mani\u00e8re id\u00e9ale de lancer la saison et valider le travail effectu\u00e9 jusqu&rsquo;ici ; rendez-vous \u00e0 Vienne (2\/3\/J) dimanche prochain.<\/p>\n<p align=\"justify\">R\u00e9sultats : <a href=\"http:\/\/www.corimadromeprovencale.com\/tl_files\/Corima2012\/classement\/CDP%202012%20%20Clt%20General%20CYCLO.pdf\">Corima &#8211; Dr\u00f4me Proven\u00e7ale<\/a><\/p>\n<p><center><iframe height='405' width='590' frameborder='0' allowtransparency='true' scrolling='no' src='http:\/\/app.strava.com\/runs\/5707743\/embed\/07cfc1b810198e068428de6c65a98291b873d517'><\/iframe><\/center><\/p>\n","protected":false},"excerpt":{"rendered":"<p>Apr\u00e8s le d\u00e9luge de l&rsquo;an pass\u00e9 c&rsquo;est un grand soleil qui nous accueille ce matin \u00e0 Mont\u00e9limar pour la troisi\u00e8me -et d\u00e9j\u00e0 classique- Corima. Le grand parcours reste inchang\u00e9 : la c\u00f4te de Citelle puis les cols de Valouse, la &hellip; <a href=\"https:\/\/www.rodolphe-passions.fr\/wordpress\/2012\/03\/corima-drome-provencale-2\/\">Continuer la lecture <span class=\"meta-nav\">&rarr;<\/span><\/a><\/p>\n","protected":false},"author":1,"featured_media":0,"comment_status":"open","ping_status":"open","sticky":false,"template":"","format":"standard","meta":{"jetpack_post_was_ever_published":false,"_jetpack_newsletter_access":"","_jetpack_dont_email_post_to_subs":false,"_jetpack_newsletter_tier_id":0,"_jetpack_memberships_contains_paywalled_content":false,"_jetpack_memberships_contains_paid_content":false,"footnotes":"","jetpack_publicize_message":"","jetpack_publicize_feature_enabled":true,"jetpack_social_post_already_shared":false,"jetpack_social_options":{"image_generator_settings":{"template":"highway","enabled":false},"version":2}},"categories":[4],"tags":[],"class_list":["post-1114","post","type-post","status-publish","format-standard","hentry","category-cyclosportives"],"jetpack_publicize_connections":[],"jetpack_featured_media_url":"","jetpack_shortlink":"https:\/\/wp.me\/p12zYw-hY","jetpack_sharing_enabled":true,"jetpack_likes_enabled":true,"_links":{"self":[{"href":"https:\/\/www.rodolphe-passions.fr\/wordpress\/wp-json\/wp\/v2\/posts\/1114"}],"collection":[{"href":"https:\/\/www.rodolphe-passions.fr\/wordpress\/wp-json\/wp\/v2\/posts"}],"about":[{"href":"https:\/\/www.rodolphe-passions.fr\/wordpress\/wp-json\/wp\/v2\/types\/post"}],"author":[{"embeddable":true,"href":"https:\/\/www.rodolphe-passions.fr\/wordpress\/wp-json\/wp\/v2\/users\/1"}],"replies":[{"embeddable":true,"href":"https:\/\/www.rodolphe-passions.fr\/wordpress\/wp-json\/wp\/v2\/comments?post=1114"}],"version-history":[{"count":17,"href":"https:\/\/www.rodolphe-passions.fr\/wordpress\/wp-json\/wp\/v2\/posts\/1114\/revisions"}],"predecessor-version":[{"id":1149,"href":"https:\/\/www.rodolphe-passions.fr\/wordpress\/wp-json\/wp\/v2\/posts\/1114\/revisions\/1149"}],"wp:attachment":[{"href":"https:\/\/www.rodolphe-passions.fr\/wordpress\/wp-json\/wp\/v2\/media?parent=1114"}],"wp:term":[{"taxonomy":"category","embeddable":true,"href":"https:\/\/www.rodolphe-passions.fr\/wordpress\/wp-json\/wp\/v2\/categories?post=1114"},{"taxonomy":"post_tag","embeddable":true,"href":"https:\/\/www.rodolphe-passions.fr\/wordpress\/wp-json\/wp\/v2\/tags?post=1114"}],"curies":[{"name":"wp","href":"https:\/\/api.w.org\/{rel}","templated":true}]}}