{"id":1154,"date":"2012-04-15T20:00:24","date_gmt":"2012-04-15T19:00:24","guid":{"rendered":"http:\/\/www.rodolphe-passions.info\/wordpress\/?p=1154"},"modified":"2012-04-19T13:50:12","modified_gmt":"2012-04-19T12:50:12","slug":"granfondo-cannondale-golfe-de-st-tropez","status":"publish","type":"post","link":"https:\/\/www.rodolphe-passions.fr\/wordpress\/2012\/04\/granfondo-cannondale-golfe-de-st-tropez\/","title":{"rendered":"Granfondo Cannondale &#8211; Golfe de St Tropez"},"content":{"rendered":"<p align=\"justify\">Le partenaire change (Cannondale remplace Colnago), mais pas la formule : j&rsquo;ai rendez-vous ce matin avec le Grand Troph\u00e9e \u00e0 St-Tropez. Le parcours est conforme aux \u00e9ditions pr\u00e9c\u00e9dentes, l&rsquo;arriv\u00e9e \u00e9tant d\u00e9plac\u00e9e \u00e0 Gassin. Les puncheurs (ou non-sprinters comme moi) esp\u00e9raient une arriv\u00e9e en c\u00f4te dans le village : rat\u00e9, puisque celle-ci est jug\u00e9e en bas, sur terrain plat. Peu importe : un peu plus de mille participants se massent au d\u00e9part des deux parcours, sous un frais matin ensoleill\u00e9. Les habitu\u00e9s sont l\u00e0 (David, Hugues, Jean-Luc, Pierre&#8230;) ainsi que beaucoup d&rsquo;\u00e9trangers dont le team Grinta : l&rsquo;\u00e9preuve est qualificative pour la finale de l&rsquo;UCI World Cycling Tour fin ao\u00fbt \u00e0 Pietermaritzburg (Afrique du Sud).<\/p>\n<p align=\"justify\"><img loading=\"lazy\" decoding=\"async\" src=\"http:\/\/www.rodolphe-passions.fr\/wordpress\/wp-content\/uploads\/2012\/04\/granfondo_cannondale_st_tropez_1.jpg\" alt=\"Granfondo Cannondale - Golfe de St Tropez\" title=\"Granfondo Cannondale - Golfe de St Tropez\" width=\"266\" height=\"400\" class=\"alignleft size-full wp-image-1156\" srcset=\"https:\/\/www.rodolphe-passions.fr\/wordpress\/wp-content\/uploads\/2012\/04\/granfondo_cannondale_st_tropez_1.jpg 266w, https:\/\/www.rodolphe-passions.fr\/wordpress\/wp-content\/uploads\/2012\/04\/granfondo_cannondale_st_tropez_1-199x300.jpg 199w\" sizes=\"(max-width: 266px) 100vw, 266px\" \/>Apr\u00e8s une semaine de repos forc\u00e9 (malade + m\u00e9t\u00e9o maussade) je pars un peu dans l&rsquo;inconnu sur ce parcours exigeant (179 km &#8211; 2500 m). La nuit qui pr\u00e9c\u00e8de est comme d&rsquo;habitude agit\u00e9e, mais au petit matin je suis pr\u00eat au combat, d&rsquo;autant que le soleil a d\u00e9cid\u00e9 de se montrer. Bien plac\u00e9 sur la ligne je pars dans les premi\u00e8res positions, et me place devant pour \u00e9viter les emb\u00fbches d&rsquo;un d\u00e9part massif en ville, puis sur des routes sinueuses et \u00e9troites. Le plan se d\u00e9roule parfaitement jusqu&rsquo;\u00e0 Cavalaire, via le col de Collebasse. Virage \u00e0 droite, c&rsquo;est parti pour le premier point chaud.<\/p>\n<p align=\"justify\">On attaque le col du Canadel au train, pas suffisamment vite pour \u00e9tirer le peloton : c&rsquo;est difficile de remonter aux avants-postes. J&rsquo;arrive tant bien que mal \u00e0 me frayer un chemin vers la t\u00eate, quand les gros bras d\u00e9cident de passer \u00e0 l&rsquo;action : une demi-douzaine d&rsquo;hommes prennent quelques longueurs, je fais l&rsquo;effort pour tester un peu les jambes. Elles r\u00e9pondent bien, mais je dois m&#8217;employer pour garder ma place jusqu&rsquo;au sommet, franchi \u00e0 une vingtaine d&rsquo;unit\u00e9s. Le reste de la troupe n&rsquo;est pas bien loin, et finit par revenir sur la route des cr\u00eates. Pas grand chose \u00e0 signaler : certains profitent du train de s\u00e9nateur pour satisfaire un besoin naturel.<\/p>\n<p align=\"justify\"><img loading=\"lazy\" decoding=\"async\" src=\"http:\/\/www.rodolphe-passions.fr\/wordpress\/wp-content\/uploads\/2012\/04\/granfondo_cannondale_st_tropez_21.jpg\" alt=\"Granfondo Cannondale - Golfe de St Tropez\" title=\"Granfondo Cannondale - Golfe de St Tropez\" width=\"266\" height=\"400\" class=\"alignright size-full wp-image-1172\" srcset=\"https:\/\/www.rodolphe-passions.fr\/wordpress\/wp-content\/uploads\/2012\/04\/granfondo_cannondale_st_tropez_21.jpg 266w, https:\/\/www.rodolphe-passions.fr\/wordpress\/wp-content\/uploads\/2012\/04\/granfondo_cannondale_st_tropez_21-199x300.jpg 199w\" sizes=\"(max-width: 266px) 100vw, 266px\" \/>Le col de Gratteloup est franchi dans l&rsquo;\u00e9lan, et les Grinta commencent \u00e0 s&rsquo;agiter dans le col de Babaou : l\u00e0 encore je me mets \u00e0 bloc pour suivre, mais le peloton finit par rentrer. Les kilom\u00e8tres d\u00e9filent rapidement, sans vraiment faire la s\u00e9lection : au ravitaillement de Collobri\u00e8res (km 78) nous sommes encore une bonne quarantaine dans le coup, c&rsquo;est beaucoup. Quelques coureurs tentent de partir en facteur, personne ne veut rouler derri\u00e8re et le col des Fourches (habituel juge de paix) va faire exploser le peloton.<\/p>\n<p align=\"justify\">La route est tr\u00e8s \u00e9troite et gravillonneuse (voire caillouteuse) au pied, et je d\u00e9croche d\u00e8s la premi\u00e8re pente. Un replat suit, je reviens dans les roues et vois que c&rsquo;est dur pour tout le monde, alors je m&rsquo;accroche. Rapidement je ferme la marche d&rsquo;un groupe de vingt, qui se morcelle petit \u00e0 petit. Devant les meilleurs s&rsquo;expliquent et prennent 30&Prime; sur un groupe men\u00e9 par David et Jean-Luc : \u00e0 quelques longueurs derri\u00e8re je me bats avec Kristof Houben (champion du monde cyclosport chez les 30-34 ans) pour les garder en point de mire. Seconde apr\u00e8s seconde nous nous rapprochons pour basculer avec eux au sommet, avant la difficile descente sur Gonfaron.<\/p>\n<p align=\"justify\">Devant ils sont cinq dont trois Grinta ; je me retrouve en chasse dans un groupe avec David, Jean-Luc, Michel Heydens et Patrick Fiorentino (VC La Pomme)&#8230; \u00e7a pourrait \u00eatre pire ;-). La descente est rapide, mais sans plus : arriv\u00e9s \u00e0 Gonfaron les fuyards ont une bonne minute d&rsquo;avance et la chasse commence \u00e0 s&rsquo;organiser. Les relais tournent mollement : David, Jean-Luc et Michel sont faciles, moi beaucoup moins alors qu&rsquo;on n&rsquo;a pas atteint les deux tiers de la course. La mont\u00e9e vers la Garde-Freinet est roulante et sans \u00e0-coups : un lacet plus haut nous apercevons la t\u00eate de course, mais ce n&rsquo;est pas \u00e0 ce rythme que nous allons les revoir.<\/p>\n<p align=\"justify\">Le rythme s&rsquo;acc\u00e9l\u00e8re \u00e0 peine au col de Vignon, et nous restons group\u00e9s jusqu&rsquo;\u00e0 Vidauban, avant la longue travers\u00e9e de la \u00ab\u00a0vall\u00e9e de la mort\u00a0\u00bb : une bonne vingtaine de kilom\u00e8tres sinueux, sans ombre et jamais plats. Le groupe continue au train, tandis que je ressens mes premi\u00e8res crampes \u00e0 la moindre mont\u00e9e. Tenir le plus longtemps possible dans ce groupe : tel est mon unique objectif. Juste avant le Plan-de-la-Tour David acc\u00e9l\u00e8re le rythme pour \u00e9viter un d\u00e9marrage : je serre les dents et \u00e7a passe&#8230; 25 km restent \u00e0 couvrir avec un l\u00e9ger vent de face. Je filoche un peu derri\u00e8re, et m&rsquo;attends \u00e0 quelques attaques des moins bons sprinteurs du groupe.<\/p>\n<p align=\"justify\">Kristof est le premier \u00e0 d\u00e9gainer, sans surprendre personne : Michel y va de suite, et le groupe se recompose avant le col du Reverdi. Profitant d&rsquo;un moment de flottement David s&rsquo;en va seul, personne ne r\u00e9agit : le voil\u00e0 parti pour 15 km en mode chrono :-). Par solidarit\u00e9 is\u00e9roise Jean-Luc n&rsquo;a pas trop envie de rouler derri\u00e8re, moi non plus&#8230; de toute fa\u00e7on je suis \u00e0 la rupture. Quelques attaques secouent de nouveau le groupe, et je finis par l\u00e2cher prise juste avant le sommet de cette derni\u00e8re c\u00f4te. Je m&rsquo;applique dans la descente, devant \u00e7a temporise un peu. Profitant de l&rsquo;aspiration d&rsquo;une voiture je rentre sur eux : maintenant c&rsquo;est plat, y&rsquo;a plus qu&rsquo;\u00e0 tourner les cannes et essayer de faire un sprint correct.<\/p>\n<p align=\"justify\">Les kilom\u00e8tres d\u00e9filent et tout le monde s&rsquo;observe : arrive la longue ligne droite vers Gassin, avant un dernier virage \u00e0 300 m de la ligne. Je fais le tempo dans le l\u00e9ger faux-plat, quand Jean-Luc puis Michel me d\u00e9bordent juste avant le virage. Je vire en quatri\u00e8me ou cinqui\u00e8me position du groupe, donne tout mais me fais d\u00e9border sur la ligne : avant-dernier du groupe je termine l&rsquo;\u00e9preuve \u00e0 la 13\u00b0 place scratch, au pied du podium des 18-29 ans&#8230; une fois de plus :-P. David et Jean-Luc terminent respectivement 6\u00b0 et 8\u00b0 ; devant c&rsquo;est un tripl\u00e9 du team Grinta puisque Bart Deurbroeck l&#8217;emporte devant David Motte et Bart Van Damme. Pass\u00e9e la petite d\u00e9ception du sprint final je m&rsquo;en tire plut\u00f4t bien malgr\u00e9 50 derniers kilom\u00e8tres bien difficiles : pour l&rsquo;anecdote je suis qualifi\u00e9 pour les Mondiaux UCWT en Afrique du Sud&#8230; m\u00eame si je suis s\u00fbr \u00e0 99.9 % de ne pas y aller !<\/p>\n<p align=\"justify\">R\u00e9sultats : <a href=\"http:\/\/www.sportcommunication.info\/web2010\/resultat.php?annee=2012&#038;parcours=4&#038;cat=100&#038;langue=1\">Granfondo Cannondale &#8211; Golfe de St Tropez<\/a><\/p>\n<p><center><iframe height='405' width='590' frameborder='0' allowtransparency='true' scrolling='no' src='http:\/\/app.strava.com\/runs\/6861542\/embed\/cab4b0ba85325a584e611a0c8a4b6080d093d5e5'><\/iframe><\/center><\/p>\n","protected":false},"excerpt":{"rendered":"<p>Le partenaire change (Cannondale remplace Colnago), mais pas la formule : j&rsquo;ai rendez-vous ce matin avec le Grand Troph\u00e9e \u00e0 St-Tropez. Le parcours est conforme aux \u00e9ditions pr\u00e9c\u00e9dentes, l&rsquo;arriv\u00e9e \u00e9tant d\u00e9plac\u00e9e \u00e0 Gassin. Les puncheurs (ou non-sprinters comme moi) esp\u00e9raient &hellip; <a href=\"https:\/\/www.rodolphe-passions.fr\/wordpress\/2012\/04\/granfondo-cannondale-golfe-de-st-tropez\/\">Continuer la lecture <span class=\"meta-nav\">&rarr;<\/span><\/a><\/p>\n","protected":false},"author":1,"featured_media":0,"comment_status":"open","ping_status":"open","sticky":false,"template":"","format":"standard","meta":{"jetpack_post_was_ever_published":false,"_jetpack_newsletter_access":"","_jetpack_dont_email_post_to_subs":false,"_jetpack_newsletter_tier_id":0,"_jetpack_memberships_contains_paywalled_content":false,"_jetpack_memberships_contains_paid_content":false,"footnotes":"","jetpack_publicize_message":"","jetpack_publicize_feature_enabled":true,"jetpack_social_post_already_shared":false,"jetpack_social_options":{"image_generator_settings":{"template":"highway","enabled":false},"version":2}},"categories":[4],"tags":[],"class_list":["post-1154","post","type-post","status-publish","format-standard","hentry","category-cyclosportives"],"jetpack_publicize_connections":[],"jetpack_featured_media_url":"","jetpack_shortlink":"https:\/\/wp.me\/p12zYw-iC","jetpack_sharing_enabled":true,"jetpack_likes_enabled":true,"_links":{"self":[{"href":"https:\/\/www.rodolphe-passions.fr\/wordpress\/wp-json\/wp\/v2\/posts\/1154"}],"collection":[{"href":"https:\/\/www.rodolphe-passions.fr\/wordpress\/wp-json\/wp\/v2\/posts"}],"about":[{"href":"https:\/\/www.rodolphe-passions.fr\/wordpress\/wp-json\/wp\/v2\/types\/post"}],"author":[{"embeddable":true,"href":"https:\/\/www.rodolphe-passions.fr\/wordpress\/wp-json\/wp\/v2\/users\/1"}],"replies":[{"embeddable":true,"href":"https:\/\/www.rodolphe-passions.fr\/wordpress\/wp-json\/wp\/v2\/comments?post=1154"}],"version-history":[{"count":17,"href":"https:\/\/www.rodolphe-passions.fr\/wordpress\/wp-json\/wp\/v2\/posts\/1154\/revisions"}],"predecessor-version":[{"id":1729,"href":"https:\/\/www.rodolphe-passions.fr\/wordpress\/wp-json\/wp\/v2\/posts\/1154\/revisions\/1729"}],"wp:attachment":[{"href":"https:\/\/www.rodolphe-passions.fr\/wordpress\/wp-json\/wp\/v2\/media?parent=1154"}],"wp:term":[{"taxonomy":"category","embeddable":true,"href":"https:\/\/www.rodolphe-passions.fr\/wordpress\/wp-json\/wp\/v2\/categories?post=1154"},{"taxonomy":"post_tag","embeddable":true,"href":"https:\/\/www.rodolphe-passions.fr\/wordpress\/wp-json\/wp\/v2\/tags?post=1154"}],"curies":[{"name":"wp","href":"https:\/\/api.w.org\/{rel}","templated":true}]}}