{"id":1184,"date":"2012-05-13T20:00:31","date_gmt":"2012-05-13T19:00:31","guid":{"rendered":"http:\/\/www.rodolphe-passions.info\/wordpress\/?p=1184"},"modified":"2012-05-28T13:09:03","modified_gmt":"2012-05-28T12:09:03","slug":"grand-prix-de-voiron-2","status":"publish","type":"post","link":"https:\/\/www.rodolphe-passions.fr\/wordpress\/2012\/05\/grand-prix-de-voiron-2\/","title":{"rendered":"Grand Prix de Voiron"},"content":{"rendered":"<p align=\"justify\">Ce matin je suis \u00e0 Voiron pour mon premier objectif de l&rsquo;ann\u00e9e : le championnat Is\u00e8re en 3\u00b0 cat\u00e9gorie FFC. Bizarrerie du comit\u00e9, le classement est commun avec les Pass&rsquo;Cyclisme Open, mais peu importe ; l&rsquo;\u00e9preuve se d\u00e9roule \u00e9galement avec les nationaux et les juniors. Deux tron\u00e7ons sont propos\u00e9s avec un chrono individuel le matin (3.6 km), et une course en ligne l&rsquo;apr\u00e8s-midi (106 km). Les \u00e9quipes de Vaulx-en-Velin et Grenoble sont fortement repr\u00e9sent\u00e9es, ce qui promet une belle empoignade l&rsquo;apr\u00e8s-midi.<\/p>\n<p align=\"justify\"><img loading=\"lazy\" decoding=\"async\" src=\"http:\/\/www.rodolphe-passions.fr\/wordpress\/wp-content\/uploads\/2012\/05\/gp_voiron.jpg\" alt=\"Grand Prix de Voiron\" title=\"Grand Prix de Voiron\" width=\"400\" height=\"267\" class=\"alignleft size-full wp-image-1188\" srcset=\"https:\/\/www.rodolphe-passions.fr\/wordpress\/wp-content\/uploads\/2012\/05\/gp_voiron.jpg 400w, https:\/\/www.rodolphe-passions.fr\/wordpress\/wp-content\/uploads\/2012\/05\/gp_voiron-300x200.jpg 300w\" sizes=\"(max-width: 400px) 100vw, 400px\" \/>C\u00f4t\u00e9 fontainois nous sommes trois \u00e0 nous aligner : C\u00e9dric et Lionel m&rsquo;accompagnent. 9h41, top d\u00e9part : il fait frais voire froid et j&rsquo;essaie de ne pas partir trop vite dans l&rsquo;ascension vers Croix-Bayard, me calant autour des 370 watts. C&rsquo;est dur, mais avec les encouragements de Herv\u00e9 dans la voiture je m&rsquo;arrache gros plateau jusqu&rsquo;\u00e0 la bascule, et donne tout dans le dernier kilom\u00e8tre plat -vent de face- avant l&rsquo;arriv\u00e9e. Je termine en 7&rsquo;01\u00a0\u00bb \u00e0 une seconde de C\u00e9dric, dans le ventre mou du classement&#8230; C&rsquo;est d\u00e9j\u00e0 bien mieux que l&rsquo;an pass\u00e9 ; je pointe \u00e0 38&Prime; du vainqueur Todeschini, et surtout 16&Prime; de Brice, leader des 3\/PCO. Bref, rien de r\u00e9dhibitoire avant l&rsquo;\u00e9tape en ligne.<\/p>\n<p align=\"justify\">Le temps de se restaurer tranquillement le midi, et le soleil commence \u00e0 r\u00e9chauffer l&rsquo;atmosph\u00e8re. Vu les forces en pr\u00e9sence la tactique est simple : rester avec C\u00e9dric au contact de Brice jusqu&rsquo;\u00e0 l&rsquo;ascension finale, et tenter de le d\u00e9cramponner (m\u00eame si ce sera tr\u00e8s difficile). Le d\u00e9part fictif dans le centre-ville est extr\u00eamement nerveux, et d\u00e8s le d\u00e9part r\u00e9el \u00e7a roule \u00e0 bloc vers St-Etienne-de-Crossey. Un groupe de huit se d\u00e9gage avant le premier passage \u00e0 St-Sixte, et je suis au taquet pour garder ma place devant. Descente tr\u00e8s rapide sur St-Geoire, et un peloton massif se pr\u00e9sente pour la premi\u00e8re boucle autour de St-Sulpice, avec 1&prime; de retard sur l&rsquo;\u00e9chapp\u00e9e.<\/p>\n<p align=\"justify\">C&rsquo;est dangereux pour le leader, donc les Vaudais roulent ; je me concentre sur le maillot rouge de Brice, avant d&rsquo;aborder la descente suivante \u00e0 l&rsquo;avant du peloton. Les virages s&rsquo;encha\u00eenent rapidement, et dans l&rsquo;un d&rsquo;eux le coureur me pr\u00e9c\u00e9dant se met en travers sur des gravillons. Lanc\u00e9 \u00e0 60 km\/h je n&rsquo;ai pas le temps de r\u00e9agir : c&rsquo;est la chute ! Je passe par-dessus, retombe lourdement sur le coude gauche et termine ma course dans le foss\u00e9. Les pieds dans l&rsquo;eau je me rel\u00e8ve, et essaie de bouger&#8230; tout est ok sauf le coude gauche, qui enfle \u00e0 vue d\u2019\u0153il. Il est tr\u00e8s probablement cass\u00e9 : course termin\u00e9e \u00e9videmment, ainsi qu&rsquo;une bonne partie de la saison :(.<\/p>\n<p align=\"justify\">J&rsquo;arrive aux urgences de l&rsquo;h\u00f4pital de Voiron en soir\u00e9e, le verdict est sans appel : fracture de l&rsquo;ol\u00e9cr\u00e2ne gauche. L&rsquo;op\u00e9ration (osth\u00e9osynth\u00e8se) pr\u00e9vue le lendemain est un succ\u00e8s ; d&rsquo;apr\u00e8s les diff\u00e9rents m\u00e9decins consult\u00e9s je ne garderai pas de s\u00e9quelles avec une r\u00e9\u00e9ducation s\u00e9rieuse, c&rsquo;est d\u00e9j\u00e0 \u00e7a. Reste maintenant \u00e0 faire preuve de patience : j&rsquo;en ai pour 2\/3 semaines d&rsquo;attelle, puis 2 mois de r\u00e9\u00e9ducation&#8230; ce qui m&rsquo;am\u00e8ne \u00e0 fin-ao\u00fbt\/d\u00e9but septembre si tout se passe bien. De quoi encore profiter de l&rsquo;\u00e9t\u00e9 indien sur le v\u00e9lo :). @ bient\u00f4t !<\/p>\n<p><center><iframe height='405' width='590' frameborder='0' allowtransparency='true' scrolling='no' src='http:\/\/app.strava.com\/runs\/8658156\/embed\/3c28af99ea30f04298c1cda28286a595c5f21d86'><\/iframe><\/center><br \/>\n<center><iframe height='405' width='590' frameborder='0' allowtransparency='true' scrolling='no' src='http:\/\/app.strava.com\/runs\/8658265\/embed\/a866b643370870cebeba09a76645a9327a1c472e'><\/iframe><\/center><\/p>\n","protected":false},"excerpt":{"rendered":"<p>Ce matin je suis \u00e0 Voiron pour mon premier objectif de l&rsquo;ann\u00e9e : le championnat Is\u00e8re en 3\u00b0 cat\u00e9gorie FFC. Bizarrerie du comit\u00e9, le classement est commun avec les Pass&rsquo;Cyclisme Open, mais peu importe ; l&rsquo;\u00e9preuve se d\u00e9roule \u00e9galement avec &hellip; <a href=\"https:\/\/www.rodolphe-passions.fr\/wordpress\/2012\/05\/grand-prix-de-voiron-2\/\">Continuer la lecture <span class=\"meta-nav\">&rarr;<\/span><\/a><\/p>\n","protected":false},"author":1,"featured_media":0,"comment_status":"open","ping_status":"open","sticky":false,"template":"","format":"standard","meta":{"jetpack_post_was_ever_published":false,"_jetpack_newsletter_access":"","_jetpack_dont_email_post_to_subs":false,"_jetpack_newsletter_tier_id":0,"_jetpack_memberships_contains_paywalled_content":false,"_jetpack_memberships_contains_paid_content":false,"footnotes":"","jetpack_publicize_message":"","jetpack_publicize_feature_enabled":true,"jetpack_social_post_already_shared":false,"jetpack_social_options":{"image_generator_settings":{"template":"highway","enabled":false},"version":2}},"categories":[14],"tags":[],"class_list":["post-1184","post","type-post","status-publish","format-standard","hentry","category-ffc"],"jetpack_publicize_connections":[],"jetpack_featured_media_url":"","jetpack_shortlink":"https:\/\/wp.me\/p12zYw-j6","jetpack_sharing_enabled":true,"jetpack_likes_enabled":true,"_links":{"self":[{"href":"https:\/\/www.rodolphe-passions.fr\/wordpress\/wp-json\/wp\/v2\/posts\/1184"}],"collection":[{"href":"https:\/\/www.rodolphe-passions.fr\/wordpress\/wp-json\/wp\/v2\/posts"}],"about":[{"href":"https:\/\/www.rodolphe-passions.fr\/wordpress\/wp-json\/wp\/v2\/types\/post"}],"author":[{"embeddable":true,"href":"https:\/\/www.rodolphe-passions.fr\/wordpress\/wp-json\/wp\/v2\/users\/1"}],"replies":[{"embeddable":true,"href":"https:\/\/www.rodolphe-passions.fr\/wordpress\/wp-json\/wp\/v2\/comments?post=1184"}],"version-history":[{"count":6,"href":"https:\/\/www.rodolphe-passions.fr\/wordpress\/wp-json\/wp\/v2\/posts\/1184\/revisions"}],"predecessor-version":[{"id":1193,"href":"https:\/\/www.rodolphe-passions.fr\/wordpress\/wp-json\/wp\/v2\/posts\/1184\/revisions\/1193"}],"wp:attachment":[{"href":"https:\/\/www.rodolphe-passions.fr\/wordpress\/wp-json\/wp\/v2\/media?parent=1184"}],"wp:term":[{"taxonomy":"category","embeddable":true,"href":"https:\/\/www.rodolphe-passions.fr\/wordpress\/wp-json\/wp\/v2\/categories?post=1184"},{"taxonomy":"post_tag","embeddable":true,"href":"https:\/\/www.rodolphe-passions.fr\/wordpress\/wp-json\/wp\/v2\/tags?post=1184"}],"curies":[{"name":"wp","href":"https:\/\/api.w.org\/{rel}","templated":true}]}}