{"id":1248,"date":"2012-09-30T20:00:19","date_gmt":"2012-09-30T19:00:19","guid":{"rendered":"http:\/\/www.rodolphe-passions.info\/wordpress\/?p=1248"},"modified":"2012-10-06T15:32:20","modified_gmt":"2012-10-06T14:32:20","slug":"cimes-du-lac-dannecy-2","status":"publish","type":"post","link":"https:\/\/www.rodolphe-passions.fr\/wordpress\/2012\/09\/cimes-du-lac-dannecy-2\/","title":{"rendered":"Cimes du lac d&rsquo;Annecy"},"content":{"rendered":"<p align=\"justify\">Courir l&rsquo;automne en montagne est souvent une loterie&#8230; Si l&rsquo;an pass\u00e9 la m\u00e9t\u00e9o \u00e9tait parfaite au bord du lac d&rsquo;Annecy, c&rsquo;est l&rsquo;inverse pour cette deuxi\u00e8me \u00e9dition. Malgr\u00e9 tout l&rsquo;entrainement est rest\u00e9 s\u00e9rieux ces derni\u00e8res semaines, alors je me motive et j&rsquo;appr\u00e9hende les descentes forc\u00e9ment humides, donc glissantes. En partant de Grenoble le ciel reste sec, et \u00e0 part une ou deux averses il en est de m\u00eame en arrivant sur place. Peu de monde en prenant mon dossard (le 13 !), avec \u00e0 peine 250 inscrits sur le grand parcours (et un tiers de non-partants).<\/p>\n<p align=\"justify\"><img loading=\"lazy\" decoding=\"async\" src=\"http:\/\/www.rodolphe-passions.fr\/wordpress\/wp-content\/uploads\/2012\/09\/cimes_du_lac_d_annecy.jpg\" alt=\"Cimes du lac d&#039;Annecy\" title=\"Cimes du lac d&#039;Annecy\" width=\"400\" height=\"272\" class=\"alignleft size-full wp-image-1251\" srcset=\"https:\/\/www.rodolphe-passions.fr\/wordpress\/wp-content\/uploads\/2012\/09\/cimes_du_lac_d_annecy.jpg 400w, https:\/\/www.rodolphe-passions.fr\/wordpress\/wp-content\/uploads\/2012\/09\/cimes_du_lac_d_annecy-300x204.jpg 300w\" sizes=\"(max-width: 400px) 100vw, 400px\" \/>C\u00f4t\u00e9 habillement pas de chichi ; je pars pour prendre la pluie, qui ne tombe pas encore. Soit casquette, maillot, manchettes, gants\/surchaussures n\u00e9opr\u00e8ne et bien s\u00fbr la veste Goretex dans la poche. Le d\u00e9part tarde \u00e0 \u00eatre donn\u00e9, et en discutant avec David je vois quelques habitu\u00e9s du cyclosport : les teams Chamrousse et Scott venus en nombre, ainsi que Thomas Dietsch, en pr\u00e9paration des Mondiaux VTT Marathon le weekend prochain \u00e0 Ornans. Apr\u00e8s sa large victoire sous la pluie \u00e0 la Foresti\u00e8re le weekend pr\u00e9c\u00e9dent David est \u00e9videmment motiv\u00e9, et apr\u00e8s un \u00e9ni\u00e8me discours nous partons enfin, direction le col de Leschaux.<\/p>\n<p align=\"justify\">La premi\u00e8re partie n&rsquo;est pas tr\u00e8s difficile, la route est humide mais la temp\u00e9rature reste supportable. Certains tentent de prendre le large comme \u00c9ric Wagon (Grenoble) ou Nicolas Fritsch (Voiron), mais sans y aller du tac au tac j&rsquo;arrive \u00e0 suivre le mouvement \u00e0 chaque fois. Au passage du col nous ne sommes d\u00e9j\u00e0 plus qu&rsquo;une petite vingtaine, lorsque des pourcentages plus difficles se pr\u00e9sentent. L\u00e0 on ne rigole plus, et les favoris se mettent \u00e0 bloc : Dietsch et Roux s&rsquo;envolent, pris en chasse par un petit groupe comprenant les deux autres Nicolas (Fritsch et Ougier), avec Jean-Francis Pessey.<\/p>\n<p align=\"justify\">Derri\u00e8re je suis en mode chrono, emmenant deux autres adversaires et David. \u00c9ric revient fort sur nous et prend un gros relais ; derri\u00e8re on n&rsquo;en m\u00e8ne pas large et je sens David \u00e0 la rupture. A mi-pente un \u00e9pais brouillard apparait, renfor\u00e7ant le c\u00f4t\u00e9 \u00e9pique de la chose&#8230; Pour le paysage on repassera ! En vue du sommet nous sommes incapables de suivre le tempo imprim\u00e9 par \u00c9ric, et l\u00e0-haut j&rsquo;enfile des gants chauds pour la descente. La temp\u00e9rature n&rsquo;est pas glaciale (8\u00b0C), mais la route est d\u00e9tremp\u00e9e et je perds tr\u00e8s rapidement le contact avec mon groupe dans les premiers lacets.<\/p>\n<p align=\"justify\">La pluie commence alors \u00e0 tomber, lorsque j&rsquo;aper\u00e7ois \u00c9ric \u00e0 l&rsquo;arr\u00eat dans un virage. Transi de froid il va rentrer au plus court ; de mon c\u00f4t\u00e9 j&rsquo;enfile l&rsquo;imperm\u00e9able et continue ma lente descente vers Quintal, on verra bien comment \u00e7a se pr\u00e9sente. Jean-Luc, puis Fr\u00e9d\u00e9ric me rattrapent, ainsi que d&rsquo;autres coureurs. Dire que l&rsquo;an dernier c&rsquo;est moi qui reprenait des minutes dans cette m\u00eame descente&#8230; Peu avant Lescheraines d&rsquo;autres coureurs me reprennent et la pluie redouble. Les muscles t\u00e9tanis\u00e9s par l&rsquo;humidit\u00e9 je n&rsquo;ai plus rien \u00e0 esp\u00e9rer et d\u00e9cide d&rsquo;arr\u00eater les frais.<\/p>\n<p align=\"justify\">Par cons\u00e9quent retour via le col de Leschaux, o\u00f9 le d\u00e9luge m&rsquo;accompagne jusqu&rsquo;\u00e0 la voiture. Je n&rsquo;aime pas abandonner (surtout quand la condition est bonne), mais l\u00e0 je n&rsquo;avais plus grand chose \u00e0 gagner (\u00e0 part une bonne gamelle, comme certains concurrents). Coup de chapeau \u00e0 tous ceux qui ont boucl\u00e9 l&rsquo;\u00e9preuve ce matin : Nicolas Roux et Thomas Dietsch remportent l&rsquo;\u00e9preuve main dans la main, avec pr\u00e8s d&rsquo;un quart d&rsquo;heure d&rsquo;avance sur le troisi\u00e8me ! Apr\u00e8s un d\u00e9but difficile David fait une remont\u00e9e fantastique pour terminer au pied du podium, tandis que Nicolas compl\u00e8te le top 5. Dans des conditions m\u00e9t\u00e9o tr\u00e8s d\u00e9licates les \u00e9carts sont \u00e9normes&#8230; Pour ma part c&rsquo;\u00e9tait la derni\u00e8re cyclosportive d&rsquo;une saison largement tronqu\u00e9e par mon accident mi-mai : rendez-vous en 2013 !<\/p>\n<p align=\"justify\">R\u00e9sultats : <a href=\"http:\/\/www.challengecyclotour.com\/objets\/2012\/CLA_classement-final.pdf\">Cimes du lac d&rsquo;Annecy<\/a><\/p>\n<p><center><iframe height='405' width='590' frameborder='0' allowtransparency='true' scrolling='no' src='http:\/\/app.strava.com\/runs\/23589863\/embed\/e12550e85604045c9a3526d6379c15a18a4e7cf0'><\/iframe><\/center><\/p>\n","protected":false},"excerpt":{"rendered":"<p>Courir l&rsquo;automne en montagne est souvent une loterie&#8230; Si l&rsquo;an pass\u00e9 la m\u00e9t\u00e9o \u00e9tait parfaite au bord du lac d&rsquo;Annecy, c&rsquo;est l&rsquo;inverse pour cette deuxi\u00e8me \u00e9dition. Malgr\u00e9 tout l&rsquo;entrainement est rest\u00e9 s\u00e9rieux ces derni\u00e8res semaines, alors je me motive et &hellip; <a href=\"https:\/\/www.rodolphe-passions.fr\/wordpress\/2012\/09\/cimes-du-lac-dannecy-2\/\">Continuer la lecture <span class=\"meta-nav\">&rarr;<\/span><\/a><\/p>\n","protected":false},"author":1,"featured_media":0,"comment_status":"open","ping_status":"open","sticky":false,"template":"","format":"standard","meta":{"jetpack_post_was_ever_published":false,"_jetpack_newsletter_access":"","_jetpack_dont_email_post_to_subs":false,"_jetpack_newsletter_tier_id":0,"_jetpack_memberships_contains_paywalled_content":false,"_jetpack_memberships_contains_paid_content":false,"footnotes":"","jetpack_publicize_message":"","jetpack_publicize_feature_enabled":true,"jetpack_social_post_already_shared":false,"jetpack_social_options":{"image_generator_settings":{"template":"highway","enabled":false},"version":2}},"categories":[4],"tags":[],"class_list":["post-1248","post","type-post","status-publish","format-standard","hentry","category-cyclosportives"],"jetpack_publicize_connections":[],"jetpack_featured_media_url":"","jetpack_shortlink":"https:\/\/wp.me\/p12zYw-k8","jetpack_sharing_enabled":true,"jetpack_likes_enabled":true,"_links":{"self":[{"href":"https:\/\/www.rodolphe-passions.fr\/wordpress\/wp-json\/wp\/v2\/posts\/1248"}],"collection":[{"href":"https:\/\/www.rodolphe-passions.fr\/wordpress\/wp-json\/wp\/v2\/posts"}],"about":[{"href":"https:\/\/www.rodolphe-passions.fr\/wordpress\/wp-json\/wp\/v2\/types\/post"}],"author":[{"embeddable":true,"href":"https:\/\/www.rodolphe-passions.fr\/wordpress\/wp-json\/wp\/v2\/users\/1"}],"replies":[{"embeddable":true,"href":"https:\/\/www.rodolphe-passions.fr\/wordpress\/wp-json\/wp\/v2\/comments?post=1248"}],"version-history":[{"count":13,"href":"https:\/\/www.rodolphe-passions.fr\/wordpress\/wp-json\/wp\/v2\/posts\/1248\/revisions"}],"predecessor-version":[{"id":1263,"href":"https:\/\/www.rodolphe-passions.fr\/wordpress\/wp-json\/wp\/v2\/posts\/1248\/revisions\/1263"}],"wp:attachment":[{"href":"https:\/\/www.rodolphe-passions.fr\/wordpress\/wp-json\/wp\/v2\/media?parent=1248"}],"wp:term":[{"taxonomy":"category","embeddable":true,"href":"https:\/\/www.rodolphe-passions.fr\/wordpress\/wp-json\/wp\/v2\/categories?post=1248"},{"taxonomy":"post_tag","embeddable":true,"href":"https:\/\/www.rodolphe-passions.fr\/wordpress\/wp-json\/wp\/v2\/tags?post=1248"}],"curies":[{"name":"wp","href":"https:\/\/api.w.org\/{rel}","templated":true}]}}