{"id":1288,"date":"2012-12-31T20:00:34","date_gmt":"2012-12-31T19:00:34","guid":{"rendered":"http:\/\/www.rodolphe-passions.info\/wordpress\/?p=1288"},"modified":"2012-12-31T20:46:03","modified_gmt":"2012-12-31T19:46:03","slug":"bilan-2012","status":"publish","type":"post","link":"https:\/\/www.rodolphe-passions.fr\/wordpress\/2012\/12\/bilan-2012\/","title":{"rendered":"Bilan 2012"},"content":{"rendered":"<p align=\"justify\">La coupure est d\u00e9j\u00e0 faite et la nouvelle saison entam\u00e9e, aid\u00e9e par une m\u00e9t\u00e9o favorable pour un mois de d\u00e9cembre. Il est temps de revenir sur la saison \u00e9coul\u00e9e, en partie tronqu\u00e9e mais pas perdue pour autant. Une fois de plus l&rsquo;objectif \u00e9tait de continuer \u00e0 progresser dans les classements cyclosportifs, avec bien s\u00fbr le Grand Troph\u00e9e comme objectif principal pour ma derni\u00e8re ann\u00e9e chez les 18-30 ans. Quelques courses FFC restaient un objectif secondaire pour la premi\u00e8re partie de saison, avec le championnat d&rsquo;Is\u00e8re \u00e0 Voiron mi-mai.<\/p>\n<p align=\"justify\">Toujours en qu\u00eate d&rsquo;optimisation du temps pass\u00e9 sur le v\u00e9lo, je roule d\u00e8s le d\u00e9but de l&rsquo;hiver avec un p\u00e9dalier capteur de puissance Power2Max, et suis les conseils d&rsquo;Alban (<a href=\"http:\/\/www.cyclesetforme.fr\/\">Cycles et Forme<\/a>) pour une p\u00e9riode fonci\u00e8re nouvelle formule, avec exercices de force et v\u00e9locit\u00e9 \u00e0 intensit\u00e9 mod\u00e9r\u00e9e. Ceux-ci rendent les s\u00e9ances sur home-trainer moins monotones, et malgr\u00e9 deux semaines \u00ab\u00a0sib\u00e9riennes\u00a0\u00bb en f\u00e9vrier j&rsquo;arrive en bonne condition d\u00e9but mars, au moment d&rsquo;accrocher mon premier dossard \u00e0 Montmeyran.<\/p>\n<p align=\"justify\">Loup\u00e9 majuscule par manque de m\u00e9tier dans les bordures (l\u00e2ch\u00e9 d\u00e8s le d\u00e9part dans le vent), mais la forme est rassurante et vite confirm\u00e9e \u00e0 Mont\u00e9limar deux semaines plus tard, pour la Corima. Les conditions m\u00e9t\u00e9o sont optimales ; je ne peux suivre les meilleurs pour la gagne dans l&rsquo;avant-derni\u00e8re difficult\u00e9, mais tiens bon ma place dans le groupe de chasse parmi quelques grands noms du cyclosport, pour un premier top 20.<\/p>\n<p align=\"justify\">D\u00e9but avril me voil\u00e0 \u00e0 Vienne en FFC ; pas grand chose \u00e0 signaler, si ce n&rsquo;est beaucoup de nervosit\u00e9 pendant toute la course et un sprint massif que je regarde de loin. Deux semaines plus tard j&rsquo;arrive malade (sinusite ? allergie ?) mais avec quelques certitudes \u00e0 St-Tropez, pour la premi\u00e8re manche du Grand Troph\u00e9e. Le niveau est tr\u00e8s relev\u00e9 mais je suis dans l&rsquo;allure \u00e0 mi-course, pour int\u00e9grer le groupe de chasse et me battre jusqu&rsquo;au bout avec les meilleurs. A l&rsquo;arriv\u00e9e je me qualifie pour les mondiaux du cyclosport en Afrique du Sud, auxquels je ne participerai pas (faute de disponibilit\u00e9).<\/p>\n<p align=\"justify\">Aucune ambition \u00e0 Fontaine au traditionnel Grand Prix du 1\u00b0 mai, \u00e0 part \u00e9viter la chute \u00e0 quelques jours du Grand Prix de Voiron, support du championnat d\u00e9partemental et premier v\u00e9ritable objectif de la saison. Si la journ\u00e9e d\u00e9bute bien avec un contre-la-montre satisfaisant, elle se termine aux urgences l&rsquo;apr\u00e8s-midi, apr\u00e8s une lourde chute collective dans la course en ligne. Mon coude gauche cass\u00e9 puis une longue r\u00e9\u00e9ducation m&rsquo;obligent \u00e0 revoir une bonne partie de la saison, qui heureusement se terminera beaucoup mieux. Les plus belles \u00e9preuves du Grand Troph\u00e9e (et une partie de l&rsquo;\u00e9t\u00e9) me passent sous le nez, mais soutenu par mes proches je reprends assez rapidement : d&rsquo;abord sur home-trainer, puis sur route d\u00e9but juillet&#8230; Apr\u00e8s un bon mois \u00e0 faire le m\u00e9tier et \u00e9tudier d&rsquo;autres aspects de ma pratique cycliste (mat\u00e9riel, di\u00e9t\u00e9tique, etc).<\/p>\n<p align=\"justify\">Les sensations et la distance reviennent vite, et d\u00e9but ao\u00fbt j&rsquo;accroche de nouveau un dossard, pour une grimp\u00e9e in\u00e9dite de l&rsquo;Alpe-d&rsquo;Huez o\u00f9 je ne passe pas loin du podium. Excellent pour le moral au d\u00e9but des vacances, je ne me fixe pas de limite et encha\u00eene les longues sorties en montagne ponctu\u00e9es de travail en intensit\u00e9. Aff\u00fbt\u00e9 comme jamais je reviens \u00e0 mon meilleur niveau, et malgr\u00e9 un couac aux Deux-Alpes fin-ao\u00fbt (hypoglyc\u00e9mie dans le final) je retrouve toutes mes sensations \u00e0 l&rsquo;Alpigap, o\u00f9 malgr\u00e9 un incident m\u00e9canique je termine aux portes du top 5 apr\u00e8s un long rallye de deux heures en solitaire.<\/p>\n<p align=\"justify\">La suite est plus compliqu\u00e9e \u00e0 Annecy, o\u00f9 j&rsquo;abandonne sous le d\u00e9luge apr\u00e8s deux heures de course ; je clos ma saison au M\u00fbrier mi-octobre apr\u00e8s une belle partie de manivelles, puis profite de l&rsquo;\u00e9t\u00e9 indien habituel au mois de novembre&#8230; Par rapport aux r\u00e9sultats bruts 2012 est forc\u00e9ment en retrait par rapport \u00e0 2011, mais j&rsquo;ai beaucoup appris suite \u00e0 mon accident (le premier de ce type, en 17 ans de v\u00e9lo). Cette exp\u00e9rience m&rsquo;a rendu plus fort physiquement et mentalement ; d\u00e9sormais je profite au maximum de chaque moment pass\u00e9 sur le v\u00e9lo, avec toujours un th\u00e8me et non plus \u00ab\u00a0rouler pour rouler\u00a0\u00bb.<\/p>\n<p align=\"justify\">En ce sens je roule de plus en plus seul ou en petit comit\u00e9 (partageant la m\u00eame affinit\u00e9 pour le fort d\u00e9nivel\u00e9), sans m&rsquo;imposer les contraintes d&rsquo;un peloton \u00e0 l&rsquo;entrainement, souvent moins efficace au final. Cette d\u00e9marche m&rsquo;a plut\u00f4t r\u00e9ussi sur la fin de saison, je la reconduirai l&rsquo;ann\u00e9e prochaine o\u00f9 je me concentrerai uniquement sur le cyclosport et les courses de c\u00f4tes&#8230; En attendant je souhaite \u00e0 tous une bonne ann\u00e9e 2013, avec une r\u00e9ussite sportive, professionnelle et personnelle :-).<\/p>\n<p><img loading=\"lazy\" decoding=\"async\" src=\"http:\/\/www.rodolphe-passions.fr\/wordpress\/wp-content\/uploads\/2012\/12\/bilan_2012.jpg\" alt=\"Bilan 2012\" title=\"Bilan 2012\" width=\"800\" height=\"600\" class=\"aligncenter size-full wp-image-1298\" srcset=\"https:\/\/www.rodolphe-passions.fr\/wordpress\/wp-content\/uploads\/2012\/12\/bilan_2012.jpg 800w, https:\/\/www.rodolphe-passions.fr\/wordpress\/wp-content\/uploads\/2012\/12\/bilan_2012-300x225.jpg 300w, https:\/\/www.rodolphe-passions.fr\/wordpress\/wp-content\/uploads\/2012\/12\/bilan_2012-400x300.jpg 400w\" sizes=\"(max-width: 800px) 100vw, 800px\" \/><\/p>\n","protected":false},"excerpt":{"rendered":"<p>La coupure est d\u00e9j\u00e0 faite et la nouvelle saison entam\u00e9e, aid\u00e9e par une m\u00e9t\u00e9o favorable pour un mois de d\u00e9cembre. Il est temps de revenir sur la saison \u00e9coul\u00e9e, en partie tronqu\u00e9e mais pas perdue pour autant. Une fois de &hellip; <a href=\"https:\/\/www.rodolphe-passions.fr\/wordpress\/2012\/12\/bilan-2012\/\">Continuer la lecture <span class=\"meta-nav\">&rarr;<\/span><\/a><\/p>\n","protected":false},"author":1,"featured_media":0,"comment_status":"open","ping_status":"open","sticky":false,"template":"","format":"standard","meta":{"jetpack_post_was_ever_published":false,"_jetpack_newsletter_access":"","_jetpack_dont_email_post_to_subs":false,"_jetpack_newsletter_tier_id":0,"_jetpack_memberships_contains_paywalled_content":false,"_jetpack_memberships_contains_paid_content":false,"footnotes":"","jetpack_publicize_message":"","jetpack_publicize_feature_enabled":true,"jetpack_social_post_already_shared":true,"jetpack_social_options":{"image_generator_settings":{"template":"highway","enabled":false},"version":2}},"categories":[9],"tags":[],"class_list":["post-1288","post","type-post","status-publish","format-standard","hentry","category-divers"],"jetpack_publicize_connections":[],"jetpack_featured_media_url":"","jetpack_shortlink":"https:\/\/wp.me\/p12zYw-kM","jetpack_sharing_enabled":true,"jetpack_likes_enabled":true,"_links":{"self":[{"href":"https:\/\/www.rodolphe-passions.fr\/wordpress\/wp-json\/wp\/v2\/posts\/1288"}],"collection":[{"href":"https:\/\/www.rodolphe-passions.fr\/wordpress\/wp-json\/wp\/v2\/posts"}],"about":[{"href":"https:\/\/www.rodolphe-passions.fr\/wordpress\/wp-json\/wp\/v2\/types\/post"}],"author":[{"embeddable":true,"href":"https:\/\/www.rodolphe-passions.fr\/wordpress\/wp-json\/wp\/v2\/users\/1"}],"replies":[{"embeddable":true,"href":"https:\/\/www.rodolphe-passions.fr\/wordpress\/wp-json\/wp\/v2\/comments?post=1288"}],"version-history":[{"count":18,"href":"https:\/\/www.rodolphe-passions.fr\/wordpress\/wp-json\/wp\/v2\/posts\/1288\/revisions"}],"predecessor-version":[{"id":1295,"href":"https:\/\/www.rodolphe-passions.fr\/wordpress\/wp-json\/wp\/v2\/posts\/1288\/revisions\/1295"}],"wp:attachment":[{"href":"https:\/\/www.rodolphe-passions.fr\/wordpress\/wp-json\/wp\/v2\/media?parent=1288"}],"wp:term":[{"taxonomy":"category","embeddable":true,"href":"https:\/\/www.rodolphe-passions.fr\/wordpress\/wp-json\/wp\/v2\/categories?post=1288"},{"taxonomy":"post_tag","embeddable":true,"href":"https:\/\/www.rodolphe-passions.fr\/wordpress\/wp-json\/wp\/v2\/tags?post=1288"}],"curies":[{"name":"wp","href":"https:\/\/api.w.org\/{rel}","templated":true}]}}