{"id":1364,"date":"2013-03-24T20:00:57","date_gmt":"2013-03-24T19:00:57","guid":{"rendered":"http:\/\/www.rodolphe-passions.info\/wordpress\/?p=1364"},"modified":"2013-03-26T10:32:52","modified_gmt":"2013-03-26T09:32:52","slug":"corima-drome-provencale-3","status":"publish","type":"post","link":"https:\/\/www.rodolphe-passions.fr\/wordpress\/2013\/03\/corima-drome-provencale-3\/","title":{"rendered":"Corima &#8211; Dr\u00f4me Proven\u00e7ale"},"content":{"rendered":"<p align=\"justify\">Comme en 2011 j&rsquo;entame ma saison cyclosport sous la pluie \u00e0 Mont\u00e9limar. La forme commence \u00e0 venir mais je ne mets pas trop de pression vu la m\u00e9t\u00e9o, et je passe une bonne nuit. Au moment du d\u00e9part il ne pleut pas encore, mais vu l&rsquo;\u00e9tat de la route je m&rsquo;habille pour passer quatre heures sous l&rsquo;eau : gants et surchaussures n\u00e9opr\u00e8ne, genouill\u00e8res, manchettes et veste Goretex. Avec \u00e7a je suis par\u00e9, et je n&rsquo;aurai pas trop chaud dans les nombreux petits cols du parcours. Celui-ci est bien remani\u00e9, avec le col du Colombier d&rsquo;entr\u00e9e, puis le col de Vesc, col du Grand Bois, col de Pascalin et col de Tartaiguille.<\/p>\n<p align=\"justify\"><img loading=\"lazy\" decoding=\"async\" src=\"http:\/\/www.rodolphe-passions.fr\/wordpress\/wp-content\/uploads\/2013\/03\/corima_drome_provencale_1.jpg\" alt=\"Corima - Dr\u00f4me Proven\u00e7ale\" width=\"400\" height=\"300\" class=\"alignleft size-full wp-image-1367\" srcset=\"https:\/\/www.rodolphe-passions.fr\/wordpress\/wp-content\/uploads\/2013\/03\/corima_drome_provencale_1.jpg 400w, https:\/\/www.rodolphe-passions.fr\/wordpress\/wp-content\/uploads\/2013\/03\/corima_drome_provencale_1-300x225.jpg 300w\" sizes=\"(max-width: 400px) 100vw, 400px\" \/>Encore une fois le St-James V\u00e9lo Club de Mont\u00e9limar fait le plein sur son \u00e9preuve phare, et bien que neutralis\u00e9e la travers\u00e9e humide de la ville est particuli\u00e8rement tendue. Une petite dizaine de minutes plus tard nous atteignons enfin le d\u00e9part r\u00e9el ; j&rsquo;arrive \u00e0 remonter aux premi\u00e8res loges pour la premi\u00e8re difficult\u00e9. Quelques coureurs tentent de partir, mais d\u00e8s les premi\u00e8res pentes du col du Colombier nous revenons dessus ; j&rsquo;assure un l\u00e9ger tempo en t\u00eate. Les gros bras d\u00e9cident alors de faire une premi\u00e8re s\u00e9lection ; comme d&rsquo;habitude j&rsquo;amortis le d\u00e9marrage en me calant dans les quinze premiers, et la s\u00e9lection se fait en quelques hectom\u00e8tres. Au sommet le brouillard nous enveloppe ; il en sera ainsi au-dessus \u00e0 chaque sommet. La descente est rapide mais prudente, et quelques hommes reviennent de l&rsquo;arri\u00e8re avant le long faux-plat vers le col de Vesc.<\/p>\n<p align=\"justify\">Les jambes r\u00e9pondent bien, mais je mets un peu trop le nez devant. Tous les costauds sont l\u00e0 : Fr\u00e9d\u00e9ric, Nicolas, David, Brice pour ne citer qu&rsquo;eux&#8230; Genthon et Reynaud tentent de partir, mais \u00e7a embraye fort derri\u00e8re et ils sont revus apr\u00e8s 1h30 de course. Nous sommes une bonne vingtaine en t\u00eate et l&rsquo;entente n&rsquo;est pas bonne : au pied du col de Vesc nous apercevons un autre petit groupe revenant de l&rsquo;arri\u00e8re. C&rsquo;est le moment que choisit Genthon pour placer un gros d\u00e9marrage ; nous sommes \u00e0 mi-course et je dois me faire la peau pour rester au contact du groupe qui explose. Le tenant du titre connait la descente comme sa poche, et il creuse rapidement l&rsquo;\u00e9cart avec Reynaud en prenant tous les risques. Nous nous relayons \u00e0 quatre avec David, Fr\u00e9d\u00e9ric et Nicolas ; petit \u00e0 petit nous reprenons d&rsquo;autres coureurs en chasse, sans revoir la t\u00eate de course n\u00e9anmoins.<\/p>\n<p align=\"justify\"><img loading=\"lazy\" decoding=\"async\" src=\"http:\/\/www.rodolphe-passions.fr\/wordpress\/wp-content\/uploads\/2013\/03\/corima_drome_provencale_2.jpg\" alt=\"Corima - Dr\u00f4me Proven\u00e7ale\" width=\"193\" height=\"290\" class=\"alignright size-full wp-image-1368\" \/>Tr\u00e8s rapidement nous encha\u00eenons avec le col du Grand Bois, et d\u00e8s le faux-plat je commence \u00e0 coincer. M\u00e8tre apr\u00e8s m\u00e8tre je perds le contact avec le groupe, et au sommet du col je me retrouve seul \u00e0 environ 60 km de l&rsquo;arriv\u00e9e. Dr\u00f4le d&rsquo;ambiance avec le brouillard, j&rsquo;en profite pour souffler un peu et manger. A ce moment-l\u00e0 le grand et moyen parcours sont communs ; \u00e7a att\u00e9nue un peu la solitude&#8230; Je poursuis mon effort vers Francillon, attendant que d&rsquo;autres reviennent de l&rsquo;arri\u00e8re. C&rsquo;est chose faite dans le col de Pascalin : Michel et Jean-Pascal Roux du Team V\u00e9lo101 font la jonction, voil\u00e0 deux sacr\u00e9s clients. D&rsquo;autres coureurs nous accompagnent, mais dans la descente Jean-Pascal embraye tr\u00e8s fort et nous nous retrouvons \u00e0 trois, en chasse pour la quatorzi\u00e8me place.<\/p>\n<p align=\"justify\">A trois l&rsquo;entente est excellente : Michel assure le train en mont\u00e9e, Jean-Pascal au plat et en descente quant \u00e0 moi&#8230; je fais ce que je peux pour ne pas sauter, sans rechigner \u00e0 la t\u00e2che. Malheureusement je ne peux suivre tr\u00e8s longtemps ce train d&rsquo;enfer, et au pied du col de Tartaiguille je d\u00e9croche irr\u00e9m\u00e9diablement, sans qu&rsquo;ils aient \u00e0 forcer l&rsquo;allure. Il reste \u00e0 ce moment-l\u00e0 une trentaine de kilom\u00e8tres \u00e0 parcourir, soit une heure de course sous une pluie incessante. Au sommet du col je me ravitaille, puis r\u00e9alise une descente rapide et propre. A nouveau les parcours se rejoignent, avec autant de groupes qui me donnent des points de mire \u00e0 rattraper.<\/p>\n<p align=\"justify\">L&rsquo;aventure dure une dizaine de kilom\u00e8tres, quand un groupe d&rsquo;une vingtaine d&rsquo;hommes me rejoint au kilom\u00e8tre 130. J&rsquo;y reconnais Jean-Luc et Olivier ; \u00e0 partir de l\u00e0 c&rsquo;est tout plat jusqu&rsquo;\u00e0 Mont\u00e9limar et son fameux mur \u00e0 23 %, il me faut r\u00e9cup\u00e9rer un peu dans les roues car nous jouons la vingti\u00e8me place. De nombreuses attaques secouent le groupe ; j&rsquo;arrive \u00e0 y r\u00e9pondre mais ce sont autant de cartouches en moins pour le final. Celui-ci intervient \u00e0 4 km de la ligne, et c&rsquo;est TR\u00c8S raide. Tout \u00e0 gauche bien entendu, de nombreux concurrents fatigu\u00e9s des autres parcours montent \u00e0 pied sur le c\u00f4t\u00e9. Ici c&rsquo;est chacun pour soi, et ma roue arri\u00e8re glisse sur le macadam d\u00e9tremp\u00e9. Je dois mettre pied \u00e0 terre, Olivier m&rsquo;\u00e9vite de justesse et nous franchissons ensemble le sommet ; l&rsquo;essentiel du groupe a fil\u00e9&#8230;<\/p>\n<p align=\"justify\">Apr\u00e8s une courte descente nous arrivons \u00e0 trois au sprint : je termine 35\u00b0 en 4h12&rsquo;18\u00a0\u00bb, Olivier 33\u00b0&#8230; \u00e0 moins d&rsquo;une minute d&rsquo;un top 20. Un peu d\u00e9\u00e7u du final, je suis bien content d&rsquo;en avoir fini avec ce chantier. Quelques minutes plus t\u00f4t Fr\u00e9d\u00e9ric rivalise avec les coureurs \u00e9lites pour se faire un excellent 6\u00b0, tandis que David prend la 9\u00b0 place. C\u00f4t\u00e9 sensations je retiens une tr\u00e8s bonne premi\u00e8re moiti\u00e9 de course, avec un peu plus de mal par la suite. Logique pour une rentr\u00e9e (surtout vu la m\u00e9t\u00e9o !) ; l&rsquo;alimentation \u00e9tait elle aussi \u00e0 la hauteur. Rendez-vous dans deux semaines \u00e0 St-Tropez, avec esp\u00e9rons-le un temps sec.<\/p>\n<p align=\"justify\">R\u00e9sultats : <a href=\"http:\/\/www.corimadromeprovencale.com\/tl_files\/Corima2013\/Classement\/corima_141km_General.pdf\">Corima &#8211; Dr\u00f4me Proven\u00e7ale<\/a><\/p>\n<p><center><iframe height='405' width='590' frameborder='0' allowtransparency='true' scrolling='no' src='http:\/\/app.strava.com\/activities\/45684615\/embed\/eed4aa75e689ba3ae5f11ee59683f293297f43ae'><\/iframe><\/center><\/p>\n","protected":false},"excerpt":{"rendered":"<p>Comme en 2011 j&rsquo;entame ma saison cyclosport sous la pluie \u00e0 Mont\u00e9limar. La forme commence \u00e0 venir mais je ne mets pas trop de pression vu la m\u00e9t\u00e9o, et je passe une bonne nuit. Au moment du d\u00e9part il ne &hellip; <a href=\"https:\/\/www.rodolphe-passions.fr\/wordpress\/2013\/03\/corima-drome-provencale-3\/\">Continuer la lecture <span class=\"meta-nav\">&rarr;<\/span><\/a><\/p>\n","protected":false},"author":1,"featured_media":0,"comment_status":"open","ping_status":"open","sticky":false,"template":"","format":"standard","meta":{"jetpack_post_was_ever_published":false,"_jetpack_newsletter_access":"","_jetpack_dont_email_post_to_subs":false,"_jetpack_newsletter_tier_id":0,"_jetpack_memberships_contains_paywalled_content":false,"_jetpack_memberships_contains_paid_content":false,"footnotes":"","jetpack_publicize_message":"","jetpack_publicize_feature_enabled":true,"jetpack_social_post_already_shared":true,"jetpack_social_options":{"image_generator_settings":{"template":"highway","enabled":false},"version":2}},"categories":[4],"tags":[],"class_list":["post-1364","post","type-post","status-publish","format-standard","hentry","category-cyclosportives"],"jetpack_publicize_connections":[],"jetpack_featured_media_url":"","jetpack_shortlink":"https:\/\/wp.me\/p12zYw-m0","jetpack_sharing_enabled":true,"jetpack_likes_enabled":true,"_links":{"self":[{"href":"https:\/\/www.rodolphe-passions.fr\/wordpress\/wp-json\/wp\/v2\/posts\/1364"}],"collection":[{"href":"https:\/\/www.rodolphe-passions.fr\/wordpress\/wp-json\/wp\/v2\/posts"}],"about":[{"href":"https:\/\/www.rodolphe-passions.fr\/wordpress\/wp-json\/wp\/v2\/types\/post"}],"author":[{"embeddable":true,"href":"https:\/\/www.rodolphe-passions.fr\/wordpress\/wp-json\/wp\/v2\/users\/1"}],"replies":[{"embeddable":true,"href":"https:\/\/www.rodolphe-passions.fr\/wordpress\/wp-json\/wp\/v2\/comments?post=1364"}],"version-history":[{"count":27,"href":"https:\/\/www.rodolphe-passions.fr\/wordpress\/wp-json\/wp\/v2\/posts\/1364\/revisions"}],"predecessor-version":[{"id":1393,"href":"https:\/\/www.rodolphe-passions.fr\/wordpress\/wp-json\/wp\/v2\/posts\/1364\/revisions\/1393"}],"wp:attachment":[{"href":"https:\/\/www.rodolphe-passions.fr\/wordpress\/wp-json\/wp\/v2\/media?parent=1364"}],"wp:term":[{"taxonomy":"category","embeddable":true,"href":"https:\/\/www.rodolphe-passions.fr\/wordpress\/wp-json\/wp\/v2\/categories?post=1364"},{"taxonomy":"post_tag","embeddable":true,"href":"https:\/\/www.rodolphe-passions.fr\/wordpress\/wp-json\/wp\/v2\/tags?post=1364"}],"curies":[{"name":"wp","href":"https:\/\/api.w.org\/{rel}","templated":true}]}}