{"id":1454,"date":"2013-05-26T20:00:34","date_gmt":"2013-05-26T19:00:34","guid":{"rendered":"http:\/\/www.rodolphe-passions.info\/wordpress\/?p=1454"},"modified":"2013-06-10T14:05:02","modified_gmt":"2013-06-10T13:05:02","slug":"challenge-vercors-2","status":"publish","type":"post","link":"https:\/\/www.rodolphe-passions.fr\/wordpress\/2013\/05\/challenge-vercors-2\/","title":{"rendered":"Challenge Vercors"},"content":{"rendered":"<p align=\"justify\">L&rsquo;hiver fait d\u00e9cid\u00e9ment de la r\u00e9sistance ; c&rsquo;est une temp\u00e9rature glaciale (0\u00b0C) qui nous accueille \u00e0 Lans-en-Vercors, une heure avant le d\u00e9part du Challenge Vercors. Et la veille une dizaine de centim\u00e8tres de neige sont m\u00eame tomb\u00e9s du c\u00f4t\u00e9 d&rsquo;Herbouilly ou Font-d&rsquo;Urle. Bref, pas vraiment un temps \u00e0 mettre un cycliste dehors, mais il y a de gros points \u00e0 marquer dans le Grand Troph\u00e9e. Pour affronter de telles conditions il convient de s&rsquo;habiller soigneusement, en gardant une marge au cas o\u00f9 les conditions se d\u00e9gradent. J&rsquo;enfile bonnet, gants, genouill\u00e8res, surchaussures, un sous-v\u00eatement manches longues et le maillot associ\u00e9, compl\u00e9t\u00e9 par un coupe-vent (et l&rsquo;imperm\u00e9able dans la poche, des fois que&#8230;).<\/p>\n<p align=\"justify\"><img loading=\"lazy\" decoding=\"async\" src=\"http:\/\/www.rodolphe-passions.fr\/wordpress\/wp-content\/uploads\/2013\/05\/challenge_vercors_1.jpg\" alt=\"Challenge Vercors\" width=\"400\" height=\"266\" class=\"alignright size-full wp-image-1472\" srcset=\"https:\/\/www.rodolphe-passions.fr\/wordpress\/wp-content\/uploads\/2013\/05\/challenge_vercors_1.jpg 400w, https:\/\/www.rodolphe-passions.fr\/wordpress\/wp-content\/uploads\/2013\/05\/challenge_vercors_1-300x199.jpg 300w\" sizes=\"(max-width: 400px) 100vw, 400px\" \/>Sans surprise la ligne de d\u00e9part est peu fournie, mais les habitu\u00e9s sont pr\u00e9sents : le team Scott-les Saisies (Roland Chavent, J\u00e9r\u00e9my Laby, Nicolas Ougier, Jean-Francis Pessey), le team BV Sport (C\u00e9dric Bonnefoy, Nicolas Raybaud), Micka\u00ebl Gallego, J\u00e9r\u00f4me Phanon, Nicolas Roux et le tenant du titre Bernd Hornetz. Le jeune espoir de Vaulx-en-Velin Alexis Todeschini est aussi pr\u00e9sent, pour accumuler les kilom\u00e8tres en course. Le col de la Croix-Perrin est gravi d&rsquo;entr\u00e9e : \u00e7a grimpe plut\u00f4t vite sur la fin, mais chacun songe \u00e0 se r\u00e9chauffer avant de d\u00e9clencher les hostilit\u00e9s. Les sensations ne sont pas g\u00e9niales avec le froid, mais l&rsquo;intensit\u00e9 de l&rsquo;effort suffit \u00e0 r\u00e9chauffer le moteur.<\/p>\n<p align=\"justify\">Au sommet nous sommes une petite vingtaine, mais \u00e7a revient vite en descendant vers Autrans et nous sommes une cinquantaine au pied du col d&rsquo;Herbouilly. Les premi\u00e8res rampes sont vite aval\u00e9es, \u00e7a se rel\u00e8ve dans le replat qui suit tandis que la neige est bien pr\u00e9sente au bord de la route (d\u00e9neig\u00e9e et sal\u00e9e la veille au soir). Le brouillard nous enveloppe l\u00e9g\u00e8rement tandis que l&rsquo;allure s&rsquo;acc\u00e9l\u00e8re dans la partie finale. Un peu \u00e0 bloc je franchis le sommet vers la dixi\u00e8me position, sans perdre le contact avec le groupe de t\u00eate. Je me replace dans la descente men\u00e9e \u00e0 vive allure par Nicolas Roux, sur une route en train de s\u00e9cher. Une petite cassure se cr\u00e9e avant St-Martin-en-Vercors, mais le regroupement est g\u00e9n\u00e9ral dans les Grands Goulets.<\/p>\n<p align=\"justify\">D\u00e9j\u00e0 1h30 de course, chacun s&rsquo;alimente et j&rsquo;en fais de m\u00eame ; certains s&rsquo;arr\u00eatent m\u00eame satisfaire un besoin naturel avant le col de la Machine. D\u00e8s les premiers pourcentages apr\u00e8s St-Jean-en-Royans les jambes ne r\u00e9pondent pas efficacement ; apr\u00e8s quelques hectom\u00e8tres je l\u00e2che progressivement du terrain sur une bonne demi-douzaine d&rsquo;hommes. Vu les costauds devant je ne me mets pas dans le rouge, je suis \u00e0 ma place. A mi-pente un petit groupe avec notamment Nicolas Ougier me rejoint ; il fait le tempo la plupart du temps, et nous montons group\u00e9s jusqu&rsquo;au sommet, via la Combe Laval. Nous y croisons J\u00e9r\u00e9my Laby qui a chut\u00e9 devant, et abandonne un peu plus tard. Le froid et la neige sont bien pr\u00e9sents malgr\u00e9 le soleil, et le vent de c\u00f4t\u00e9 entrave notre progression. Au col de Lachau je remets (difficilement) le coupe-vent, et nous redescendons sur Vassieux pour gagner quelques degr\u00e9s. Roland revient \u00e0 ce moment-l\u00e0 : voil\u00e0 un renfort de choix car le vent du Nord se l\u00e8ve, et va consid\u00e9rablement nous g\u00eaner les cinquante derniers kilom\u00e8tres.<\/p>\n<p align=\"justify\">De mon c\u00f4t\u00e9 je veille \u00e0 bien m&rsquo;alimenter pour le final, entre deux prises de relais face au vent. Le col de St-Alexis est franchi presque dans l&rsquo;\u00e9lan, et nous attaquons la longue remont\u00e9e vers St-Julien. Chacun effectue sa part de travail : \u00e0 six ou sept les relais ne reviennent pas trop souvent, mais je sens que cela me co\u00fbte un peu plus de forces qu&rsquo;aux autres&#8230; Vers St-Agnan nous reprenons un coureur intercal\u00e9 depuis la Machine, tandis que ceux du parcours interm\u00e9diaire prennent le train en marche. Je me fais violence pour basculer accompagn\u00e9 \u00e0 St-Julien, mais ne me fais gu\u00e8re d&rsquo;illusions pour la suite.<\/p>\n<p align=\"justify\">Au pont de la Goule Noire l&rsquo;allure s&rsquo;acc\u00e9l\u00e8re sous l&rsquo;impulsion du team Scott, je fais l&rsquo;\u00e9lastique avec J\u00e9r\u00f4me et finis par d\u00e9crocher, lentement mais s\u00fbrement. Un peu plus haut je reviens sur Micka\u00ebl qui a litt\u00e9ralement explos\u00e9 devant, tandis qu&rsquo;un de ses \u00e9quipiers de Macot-la Plagne revient de l&rsquo;arri\u00e8re. Nous voil\u00e0 trois \u00e0 l&rsquo;approche de Villard-de-Lans, avant d&rsquo;entamer la courte mais difficile mont\u00e9e des Cochettes. Il reste environ dix kilom\u00e8tres \u00e0 couvrir ; je suis le premier \u00e0 l\u00e2cher prise, puis c&rsquo;est au tour de Micka\u00ebl&#8230; Il n&rsquo;est pas bien loin devant, mais apr\u00e8s 4h30 de course usante c&rsquo;est du chacun pour soi d\u00e9sormais.<\/p>\n<p align=\"justify\">A la bascule il reste sept ou huit kilom\u00e8tres tortueux sur l&rsquo;ancienne route de Lans ; connaissant bien le terrain je sais que ce sera difficile vent de face. Je m&rsquo;applique toutefois \u00e0 conserver un bon rythme sur ce terrain vallonn\u00e9, et g\u00e8re mon effort en gardant le gros plateau co\u00fbte que co\u00fbte. Micka\u00ebl est toujours en point de mire, tandis que que je double Jean-Francis \u00e0 quelques kilom\u00e8tres de l&rsquo;arriv\u00e9e. Cette fois-ci je ne serai plus rejoint, et franchis la ligne lessiv\u00e9 apr\u00e8s cinq bonnes heures d&rsquo;une course durcie par la m\u00e9t\u00e9o. Devant Alexis Todeschini l&#8217;emporte nettement sur Nicolas Roux, Bernd Hornetz compl\u00e9tant le podium.<\/p>\n<p align=\"justify\">Arriv\u00e9 en 14\u00b0 position le contrat est rempli ; avec ma 8\u00b0 place chez les 30-39 ans je remonte \u00e0 la deuxi\u00e8me place au g\u00e9n\u00e9ral du Grand Troph\u00e9e. Le match est lanc\u00e9, cap sur le Ventoux d\u00e8s samedi prochain pour un encha\u00eenement cyclosportive\/grimp\u00e9e in\u00e9dit, en esp\u00e9rant davantage de soleil et chaleur !<\/p>\n<p align=\"justify\">R\u00e9sultats : <a href=http:\/\/www.sportcommunication.info\/web2010\/resultat.php?annee=2013&#038;parcours=58&#038;cat=100&#038;langue=1>Challenge Vercors &#8211; Master<\/a><\/p>\n<p><center><iframe height='405' width='590' frameborder='0' allowtransparency='true' scrolling='no' src='http:\/\/app.strava.com\/activities\/56377468\/embed\/aa5902047345d8e93959733661220bcb29de18c8'><\/iframe><\/center><\/p>\n","protected":false},"excerpt":{"rendered":"<p>L&rsquo;hiver fait d\u00e9cid\u00e9ment de la r\u00e9sistance ; c&rsquo;est une temp\u00e9rature glaciale (0\u00b0C) qui nous accueille \u00e0 Lans-en-Vercors, une heure avant le d\u00e9part du Challenge Vercors. Et la veille une dizaine de centim\u00e8tres de neige sont m\u00eame tomb\u00e9s du c\u00f4t\u00e9 d&rsquo;Herbouilly &hellip; <a href=\"https:\/\/www.rodolphe-passions.fr\/wordpress\/2013\/05\/challenge-vercors-2\/\">Continuer la lecture <span class=\"meta-nav\">&rarr;<\/span><\/a><\/p>\n","protected":false},"author":1,"featured_media":0,"comment_status":"open","ping_status":"open","sticky":false,"template":"","format":"standard","meta":{"jetpack_post_was_ever_published":false,"_jetpack_newsletter_access":"","_jetpack_dont_email_post_to_subs":false,"_jetpack_newsletter_tier_id":0,"_jetpack_memberships_contains_paywalled_content":false,"_jetpack_memberships_contains_paid_content":false,"footnotes":"","jetpack_publicize_message":"","jetpack_publicize_feature_enabled":true,"jetpack_social_post_already_shared":true,"jetpack_social_options":{"image_generator_settings":{"template":"highway","enabled":false},"version":2}},"categories":[4],"tags":[],"class_list":["post-1454","post","type-post","status-publish","format-standard","hentry","category-cyclosportives"],"jetpack_publicize_connections":[],"jetpack_featured_media_url":"","jetpack_shortlink":"https:\/\/wp.me\/p12zYw-ns","jetpack_sharing_enabled":true,"jetpack_likes_enabled":true,"_links":{"self":[{"href":"https:\/\/www.rodolphe-passions.fr\/wordpress\/wp-json\/wp\/v2\/posts\/1454"}],"collection":[{"href":"https:\/\/www.rodolphe-passions.fr\/wordpress\/wp-json\/wp\/v2\/posts"}],"about":[{"href":"https:\/\/www.rodolphe-passions.fr\/wordpress\/wp-json\/wp\/v2\/types\/post"}],"author":[{"embeddable":true,"href":"https:\/\/www.rodolphe-passions.fr\/wordpress\/wp-json\/wp\/v2\/users\/1"}],"replies":[{"embeddable":true,"href":"https:\/\/www.rodolphe-passions.fr\/wordpress\/wp-json\/wp\/v2\/comments?post=1454"}],"version-history":[{"count":17,"href":"https:\/\/www.rodolphe-passions.fr\/wordpress\/wp-json\/wp\/v2\/posts\/1454\/revisions"}],"predecessor-version":[{"id":1510,"href":"https:\/\/www.rodolphe-passions.fr\/wordpress\/wp-json\/wp\/v2\/posts\/1454\/revisions\/1510"}],"wp:attachment":[{"href":"https:\/\/www.rodolphe-passions.fr\/wordpress\/wp-json\/wp\/v2\/media?parent=1454"}],"wp:term":[{"taxonomy":"category","embeddable":true,"href":"https:\/\/www.rodolphe-passions.fr\/wordpress\/wp-json\/wp\/v2\/categories?post=1454"},{"taxonomy":"post_tag","embeddable":true,"href":"https:\/\/www.rodolphe-passions.fr\/wordpress\/wp-json\/wp\/v2\/tags?post=1454"}],"curies":[{"name":"wp","href":"https:\/\/api.w.org\/{rel}","templated":true}]}}