{"id":1474,"date":"2013-06-01T20:00:31","date_gmt":"2013-06-01T19:00:31","guid":{"rendered":"http:\/\/www.rodolphe-passions.info\/wordpress\/?p=1474"},"modified":"2013-06-03T10:44:18","modified_gmt":"2013-06-03T09:44:18","slug":"ventoux-beaumes-de-venise-2","status":"publish","type":"post","link":"https:\/\/www.rodolphe-passions.fr\/wordpress\/2013\/06\/ventoux-beaumes-de-venise-2\/","title":{"rendered":"Ventoux &#8211; Beaumes de Venise"},"content":{"rendered":"<p align=\"justify\">Apr\u00e8s la pluie du d\u00e9but de saison, et m\u00eame la neige du Vercors dimanche dernier c&rsquo;est un fort mistral qui nous attend \u00e0 Beaumes-de-Venise ce matin. La temp\u00e9rature est cl\u00e9mente (16\u00b0C) et le ciel plut\u00f4t couvert, mais le vent souffle si fort au sommet du Mont Chauve que la rumeur d&rsquo;une amputation voire annulation de l&rsquo;\u00e9preuve circule pendant que nous pr\u00e9parons le mat\u00e9riel. Rien de tout \u00e7a (fort heureusement pour les centaines de cyclosportifs pr\u00e9sents ce matin), mais la prudence est de mise d\u00e8s le d\u00e9part en vall\u00e9e car les coups de vent sont aussi soudains que puissants. Sur la ligne que des habitu\u00e9s ; mal plac\u00e9 dans le sas je fais l&rsquo;effort pour revenir devant rapidement, avant que les choses s\u00e9rieuses ne commencent.<\/p>\n<p align=\"justify\"><img loading=\"lazy\" decoding=\"async\" src=\"http:\/\/www.rodolphe-passions.fr\/wordpress\/wp-content\/uploads\/2013\/06\/ventoux_-beaumes_de_venise_1.jpg\" alt=\"Ventoux - Beaumes de Venise\" width=\"400\" height=\"267\" class=\"alignleft size-full wp-image-1480\" srcset=\"https:\/\/www.rodolphe-passions.fr\/wordpress\/wp-content\/uploads\/2013\/06\/ventoux_-beaumes_de_venise_1.jpg 400w, https:\/\/www.rodolphe-passions.fr\/wordpress\/wp-content\/uploads\/2013\/06\/ventoux_-beaumes_de_venise_1-300x200.jpg 300w\" sizes=\"(max-width: 400px) 100vw, 400px\" \/>La c\u00f4te de Roque-Alric est l&rsquo;occasion de faire une premi\u00e8re (petite s\u00e9lection), je sens que les jambes r\u00e9pondent bien ce matin, contrairement au reste de la semaine. Comme quoi&#8230;  Pour \u00e9viter les \u00e9carts des autres (et probables chutes) je reste constamment dans les premi\u00e8res positions, si bien que dans la descente du col de la Cha\u00eene je me d\u00e9tache avec Patrick Fiorentino et trois autres coureurs, histoire de prendre un peu d&rsquo;avance avant Malauc\u00e8ne et l&rsquo;ascension du G\u00e9ant de Provence. Patrick imprime un tempo impressionnant, et apr\u00e8s de longues minutes au-del\u00e0 de mon seuil ana\u00e9robie je me raisonne et d\u00e9croche pour attendre le groupe suivant.<\/p>\n<p align=\"justify\">Emmen\u00e9 tambour battant par David (mon compagnon de chambr\u00e9e du jour) celui-ci est d\u00e9j\u00e0 fort r\u00e9duit, et revient rapidement sur moi. Je me cale dans les roues, \u00e0 un rythme qui me convient davantage pour si longue ascension. On retrouve l\u00e0 David, Nicolas Ougier, Sjef Graafmanns, C\u00e9dric Paluello, ainsi que Brice Aerts et Ludovic Colomb (petit parcours). La temp\u00e9rature diminue et le ciel s&rsquo;obscurcit au fur et \u00e0 mesure que nous approchons du sommet ; le vent devient de plus en plus fort. Malgr\u00e9 quelques acc\u00e9l\u00e9rations dans le groupe je tiens bien le choc, et veille \u00e0 prendre un minimum de vent lorsque celui-ci devient d\u00e9favorable.<\/p>\n<p align=\"justify\"><img loading=\"lazy\" decoding=\"async\" src=\"http:\/\/www.rodolphe-passions.fr\/wordpress\/wp-content\/uploads\/2013\/06\/ventoux_beaumes_de_venise_2.jpg\" alt=\"Ventoux - Beaumes de Venise\" width=\"400\" height=\"266\" class=\"alignright size-full wp-image-1484\" srcset=\"https:\/\/www.rodolphe-passions.fr\/wordpress\/wp-content\/uploads\/2013\/06\/ventoux_beaumes_de_venise_2.jpg 400w, https:\/\/www.rodolphe-passions.fr\/wordpress\/wp-content\/uploads\/2013\/06\/ventoux_beaumes_de_venise_2-300x199.jpg 300w\" sizes=\"(max-width: 400px) 100vw, 400px\" \/>Devant Patrick creuse l&rsquo;\u00e9cart (jusqu&rsquo;\u00e0 1&rsquo;45\u00a0\u00bb), et nous franchissons le sommet dans un froid et \u00e9pais brouillard (3\u00b0C), tandis que les rafales redoublent d&rsquo;intensit\u00e9 en basculant au bien-nomm\u00e9 col des Temp\u00eates. Ambiance surr\u00e9aliste o\u00f9 certains d\u00e9chaussent pour ne pas se faire surprendre par le vent de c\u00f4t\u00e9 ; bien averti et attentif j&rsquo;arrive \u00e0 maintenir le cap sans trop de probl\u00e8mes. David ne se pose pas de question et part seul \u00e0 la poursuite de l&rsquo;homme de t\u00eate, qu&rsquo;il parviendra \u00e0 rejoindre apr\u00e8s un raid solitaire de 70 km ! Derri\u00e8re je fais une descente prudente, et \u00e0 Sault Nicolas, Sjef et moi sommes point\u00e9s \u00e0 4&prime; de la t\u00eate de course.<\/p>\n<p align=\"justify\">Les \u00e9carts sont importants, et nous entamons une longue poursuite en duo avec Nicolas, puisque le Hollandais ne collabore pas (bien qu&rsquo;\u00e0 son aise). Nous sommes loin de l&rsquo;arriv\u00e9e (60 km), mais les jambes sont encore bonnes donc je collabore sans arri\u00e8re-pens\u00e9e, trop heureux de rouler pour un top 5 scratch (voire podium) ! Les kilom\u00e8tres d\u00e9filent jusqu&rsquo;au col de Veaux, rythm\u00e9s par les relais r\u00e9guliers. La temp\u00e9rature est redevenue agr\u00e9able sous le soleil, sans \u00eatre caniculaire : deux bidons suffiront pour aujourd&rsquo;hui, pas d&rsquo;arr\u00eat ravitaillement donc. Je veille \u00e9galement \u00e0 bien m&rsquo;alimenter : l\u00e0-aussi pas de stress particulier, sur une \u00e9preuve relativement courte (un peu plus de quatre heures).<\/p>\n<p align=\"justify\"><img loading=\"lazy\" decoding=\"async\" src=\"http:\/\/www.rodolphe-passions.fr\/wordpress\/wp-content\/uploads\/2013\/06\/ventoux_beaumes_de_venise_3.jpg\" alt=\"Ventoux - Beaumes de Venise\" width=\"400\" height=\"266\" class=\"alignleft size-full wp-image-1486\" srcset=\"https:\/\/www.rodolphe-passions.fr\/wordpress\/wp-content\/uploads\/2013\/06\/ventoux_beaumes_de_venise_3.jpg 400w, https:\/\/www.rodolphe-passions.fr\/wordpress\/wp-content\/uploads\/2013\/06\/ventoux_beaumes_de_venise_3-300x199.jpg 300w\" sizes=\"(max-width: 400px) 100vw, 400px\" \/>La barre des 100 km est franchie, et le Hollandais n&rsquo;a toujours pas mis le nez \u00e0 la fen\u00eatre. J&rsquo;h\u00e9site \u00e0 en discuter avec Nicolas pour essayer de le faire sauter : \u00e0 ce stade pas s\u00fbr qu&rsquo;on y arrive, et je n&rsquo;ai pas envie de craquer et finir les trente derniers kilom\u00e8tres seul. On continue \u00e0 l&#8217;emmener ainsi jusqu&rsquo;\u00e0 l&rsquo;arriv\u00e9e, esp\u00e9rant qu&rsquo;il reste correct et ne dispute pas le sprint. Le retour s&rsquo;effectue comme l&rsquo;aller : d&rsquo;abord les Dentelles de Montmirail, puis le col de la Cha\u00eene&#8230; \u00e0 partir de l\u00e0 c&rsquo;est gagn\u00e9, puisque \u00e7a descend jusqu&rsquo;\u00e0 Beaumes-de-Venise. Enfin presque, car quelques coups de vent tra\u00eetres dans les \u00e9pingles nous forcent \u00e0 redoubler d&rsquo;attention.<\/p>\n<p align=\"justify\">Les derniers kilom\u00e8tres sont aval\u00e9s rapidement, je surveille notre comp\u00e8re du coin de l\u2019\u0153il des fois qu&rsquo;il tente une sortie au kilom\u00e8tre&#8230; Mais rien de tout \u00e7a : Nicolas prend un dernier gros relais \u00e0 la flamme rouge, et personne ne lui conteste le podium tant il a \u00e9t\u00e9 actif dans les relais depuis deux bonnes heures. Je le suis de pr\u00e8s pour la quatri\u00e8me place en 4h18&rsquo;43\u00a0\u00bb, mon meilleur classement en cyclosport assorti d&rsquo;une victoire dans la cat\u00e9gorie ! Le rythme r\u00e9gulier qu&rsquo;on a adopt\u00e9 avec Nicolas pendant deux heures m&rsquo;a permis d&rsquo;\u00e9conomiser quelques forces bien utiles en vue de la grimp\u00e9e du Ventoux le lendemain, on peut juste regretter que le troisi\u00e8me larron n&rsquo;ait pas collabor\u00e9.<\/p>\n<p align=\"justify\">Cinq minutes plus t\u00f4t David a fait&#8230; du David \ud83d\ude42 puisqu&rsquo;il rejoint et l\u00e2che Patrick dans la derni\u00e8re (petite) difficult\u00e9 du jour pour remporter en solitaire sa deuxi\u00e8me victoire de l&rsquo;ann\u00e9e (certainement pas la derni\u00e8re, vu la forme qu&rsquo;il tient cette saison). De mon c\u00f4t\u00e9 je deviens leader du Grand Troph\u00e9e chez les 30-39 ans, et retrouve un maillot que j&rsquo;avais d\u00fb laisser en 2012&#8230; A moi maintenant de le d\u00e9fendre d\u00e8s samedi prochain dans les Vosges, pour une \u00e9dition des Trois Ballons plus cors\u00e9e que jamais.<\/p>\n<p align=\"justify\">R\u00e9sultats : <a href=\"http:\/\/www.sportcommunication.info\/LIVE\/resultat_live.php?parcours=121\">Ventoux &#8211; Beaumes de Venise &#8211; Master<\/a><\/p>\n<p><center><iframe height='405' width='590' frameborder='0' allowtransparency='true' scrolling='no' src='http:\/\/app.strava.com\/activities\/57521203\/embed\/6c4b70448ce524613e8e74d42a5873f78e98954f'><\/iframe><\/center><\/p>\n","protected":false},"excerpt":{"rendered":"<p>Apr\u00e8s la pluie du d\u00e9but de saison, et m\u00eame la neige du Vercors dimanche dernier c&rsquo;est un fort mistral qui nous attend \u00e0 Beaumes-de-Venise ce matin. La temp\u00e9rature est cl\u00e9mente (16\u00b0C) et le ciel plut\u00f4t couvert, mais le vent souffle &hellip; <a href=\"https:\/\/www.rodolphe-passions.fr\/wordpress\/2013\/06\/ventoux-beaumes-de-venise-2\/\">Continuer la lecture <span class=\"meta-nav\">&rarr;<\/span><\/a><\/p>\n","protected":false},"author":1,"featured_media":0,"comment_status":"open","ping_status":"open","sticky":false,"template":"","format":"standard","meta":{"jetpack_post_was_ever_published":false,"_jetpack_newsletter_access":"","_jetpack_dont_email_post_to_subs":false,"_jetpack_newsletter_tier_id":0,"_jetpack_memberships_contains_paywalled_content":false,"_jetpack_memberships_contains_paid_content":false,"footnotes":"","jetpack_publicize_message":"","jetpack_publicize_feature_enabled":true,"jetpack_social_post_already_shared":true,"jetpack_social_options":{"image_generator_settings":{"template":"highway","enabled":false},"version":2}},"categories":[4],"tags":[],"class_list":["post-1474","post","type-post","status-publish","format-standard","hentry","category-cyclosportives"],"jetpack_publicize_connections":[],"jetpack_featured_media_url":"","jetpack_shortlink":"https:\/\/wp.me\/p12zYw-nM","jetpack_sharing_enabled":true,"jetpack_likes_enabled":true,"_links":{"self":[{"href":"https:\/\/www.rodolphe-passions.fr\/wordpress\/wp-json\/wp\/v2\/posts\/1474"}],"collection":[{"href":"https:\/\/www.rodolphe-passions.fr\/wordpress\/wp-json\/wp\/v2\/posts"}],"about":[{"href":"https:\/\/www.rodolphe-passions.fr\/wordpress\/wp-json\/wp\/v2\/types\/post"}],"author":[{"embeddable":true,"href":"https:\/\/www.rodolphe-passions.fr\/wordpress\/wp-json\/wp\/v2\/users\/1"}],"replies":[{"embeddable":true,"href":"https:\/\/www.rodolphe-passions.fr\/wordpress\/wp-json\/wp\/v2\/comments?post=1474"}],"version-history":[{"count":10,"href":"https:\/\/www.rodolphe-passions.fr\/wordpress\/wp-json\/wp\/v2\/posts\/1474\/revisions"}],"predecessor-version":[{"id":1499,"href":"https:\/\/www.rodolphe-passions.fr\/wordpress\/wp-json\/wp\/v2\/posts\/1474\/revisions\/1499"}],"wp:attachment":[{"href":"https:\/\/www.rodolphe-passions.fr\/wordpress\/wp-json\/wp\/v2\/media?parent=1474"}],"wp:term":[{"taxonomy":"category","embeddable":true,"href":"https:\/\/www.rodolphe-passions.fr\/wordpress\/wp-json\/wp\/v2\/categories?post=1474"},{"taxonomy":"post_tag","embeddable":true,"href":"https:\/\/www.rodolphe-passions.fr\/wordpress\/wp-json\/wp\/v2\/tags?post=1474"}],"curies":[{"name":"wp","href":"https:\/\/api.w.org\/{rel}","templated":true}]}}