{"id":1530,"date":"2013-06-23T20:00:30","date_gmt":"2013-06-23T19:00:30","guid":{"rendered":"http:\/\/www.rodolphe-passions.info\/wordpress\/?p=1530"},"modified":"2013-10-06T20:29:12","modified_gmt":"2013-10-06T19:29:12","slug":"morzine-vallee-daulps-2","status":"publish","type":"post","link":"https:\/\/www.rodolphe-passions.fr\/wordpress\/2013\/06\/morzine-vallee-daulps-2\/","title":{"rendered":"Morzine &#8211; Vall\u00e9e d&rsquo;Aulps"},"content":{"rendered":"<p align=\"justify\">La m\u00e9t\u00e9o est incertaine ce dimanche matin \u00e0 Morzine, mais pas de pluie au d\u00e9part et une temp\u00e9rature correcte (une dizaine de degr\u00e9s) accompagnent les 630 cyclosportifs r\u00e9partis sur les parcours Senior et Master. Venu la veille avec Nicolas Raybaud (Team BV Sport) j&rsquo;ai gagn\u00e9 quelques heures salutaires au r\u00e9veil, et me place dans le sas prioritaire bien concentr\u00e9 sur la course du jour. Loin de l&rsquo;effervescence des Trois Ballons et ses milliers de participants, l&rsquo;ambiance est presque familiale au d\u00e9part. Le plateau est r\u00e9duit, mais de qualit\u00e9 avec le tenant du titre Fr\u00e9d\u00e9ric Ostian, le Team Scott la Clusaz (Roland Chavent, Nicolas Ougier, Jean-Francis Pessey), David De Vecchi, J\u00e9r\u00f4me Phanon, Patrick Gu\u00e9raud et quelques locaux comme Guillaume Novel venu s&rsquo;essayer sur le grand parcours.<\/p>\n<p align=\"justify\"><img loading=\"lazy\" decoding=\"async\" src=\"http:\/\/www.rodolphe-passions.fr\/wordpress\/wp-content\/uploads\/2013\/06\/morzine_vallee_-daulps_3.jpg\" alt=\"Morzine - Vall\u00e9e d&#039;Aulps\" width=\"400\" height=\"267\" class=\"alignright size-full wp-image-1561\" srcset=\"https:\/\/www.rodolphe-passions.fr\/wordpress\/wp-content\/uploads\/2013\/06\/morzine_vallee_-daulps_3.jpg 400w, https:\/\/www.rodolphe-passions.fr\/wordpress\/wp-content\/uploads\/2013\/06\/morzine_vallee_-daulps_3-300x200.jpg 300w\" sizes=\"(max-width: 400px) 100vw, 400px\" \/>Apr\u00e8s une tr\u00e8s bonne course aux Trois Ballons et une semaine d&rsquo;entra\u00eenement s\u00e9rieuse, j&rsquo;ai h\u00e2te d&rsquo;en d\u00e9coudre sur un parcours que j&rsquo;appr\u00e9cie en vall\u00e9e d&rsquo;Aulps. On entre de suite dans le vif du sujet avec l&rsquo;ascension du <strong>col de Joux-Verte<\/strong>, et Guillaume prend rapidement les choses en main d\u00e8s les premiers hectom\u00e8tres. \u00c7a monte vite, tr\u00e8s vite si bien qu&rsquo;aux Lindarets plus qu&rsquo;une douzaine d&rsquo;hommes se trouve en t\u00eate : j&rsquo;en fais partie, m\u00eame si la mise en route est un peu difficile. Malgr\u00e9 tout les jambes r\u00e9pondent bien, et je veille \u00e0 p\u00e9daler souple pour \u00e9conomiser la musculature.<\/p>\n<p align=\"justify\">La descente sur Morzine est rapide, et chacun se rel\u00e8ve pour ravitailler dans le replat qui suit en direction de St-Jean-d&rsquo;Aulps. J&rsquo;en fais de m\u00eame, tandis qu&rsquo;un groupe cons\u00e9quent revient de l&rsquo;arri\u00e8re. Tr\u00e8s vite nous arrivons \u00e0 Biot, au pied du <strong>col du Corbier<\/strong>. L\u00e0 encore \u00e7a part au sprint dans la rampe la plus difficile, ce qui disperse le peloton de t\u00eate. Pas assez explosif je pr\u00e9f\u00e8re revenir progressivement sur les sept hommes de t\u00eate, mais ne peut tenir le rythme. Finalement je bascule \u00e0 20&Prime; au sommet, pensant -\u00e0 tort- que \u00e7a va se relever devant.<\/p>\n<p align=\"justify\">Fr\u00e9d\u00e9ric me reprend dans la descente technique : je me fais violence pour le suivre, accompagn\u00e9 d&rsquo;un membre de l&rsquo;\u00e9quipe Chris&rsquo;Net. A trois l&rsquo;entente est bonne sur le plat, mais malgr\u00e9 une collaboration efficace nous plafonnons \u00e0 une trentaine de secondes des hommes de t\u00eate. L&rsquo;effort se poursuit dans le <strong>col du Grand Taillet<\/strong> o\u00f9 nous parvenons enfin \u00e0 faire la jonction, mais au prix de gros efforts. Nous voil\u00e0 dix en t\u00eate, assur\u00e9ment les plus costauds \ud83d\ude42<\/p>\n<p align=\"justify\">Apr\u00e8s ces deux premi\u00e8res heures endiabl\u00e9es la <strong>c\u00f4te de la Vernaz<\/strong> se profile : l&rsquo;allure est mod\u00e9r\u00e9e. J&rsquo;assure m\u00eame le tempo en t\u00eate du groupe, histoire de prendre un verre d&rsquo;eau au sommet. Les routes ne sont jamais plates et tournent souvent, du coup les kilom\u00e8tres d\u00e9filent assez vite jusqu&rsquo;au <strong>col de Jambaz<\/strong>. Le l\u00e9ger vent de face m&rsquo;incite \u00e0 rester dans les roues, tandis que les costauds du groupe assurent le train. Rien non plus \u00e0 signaler dans la descente, o\u00f9 quelques hommes reviennent de l&rsquo;arri\u00e8re, dont J\u00e9r\u00f4me Phanon et Oege Hiddema.<\/p>\n<p align=\"justify\"><img loading=\"lazy\" decoding=\"async\" class=\"alignleft size-full wp-image-1538\" alt=\"Morzine - Vall\u00e9e d'Aulps\" src=\"http:\/\/www.rodolphe-passions.fr\/wordpress\/wp-content\/uploads\/2013\/06\/morzine_vallee_daulps_1.jpg\" width=\"400\" height=\"268\" srcset=\"https:\/\/www.rodolphe-passions.fr\/wordpress\/wp-content\/uploads\/2013\/06\/morzine_vallee_daulps_1.jpg 400w, https:\/\/www.rodolphe-passions.fr\/wordpress\/wp-content\/uploads\/2013\/06\/morzine_vallee_daulps_1-300x201.jpg 300w\" sizes=\"(max-width: 400px) 100vw, 400px\" \/>Cela agace quelques-uns, et le team Chris&rsquo;Net plante une banderille \u00e0 M\u00e9gevette, pile au moment o\u00f9 je me ravitaille. Plac\u00e9 en t\u00eate de groupe j&rsquo;arrive \u00e0 prendre les roues : cette acc\u00e9l\u00e9ration r\u00e9veille le groupe, qui se met \u00e0 rouler \u00e0 vive allure jusqu&rsquo;\u00e0 Taninges. Chacun assure sa part de travail, et la vitesse tombe rarement sous les 45 km\/h : c&rsquo;est s\u00fbr, plus personne ne reviendra de l&rsquo;arri\u00e8re maintenant \ud83d\ude1b<\/p>\n<p align=\"justify\">Au ravitaillement personne ne s&rsquo;arr\u00eate, je fais l&rsquo;impasse : il me reste une moiti\u00e9 de bidon pour la difficult\u00e9 finale, je prends le risque. En approchant Samo\u00ebns les relais sont plus rares : chacun se r\u00e9serve pour le <strong>col de Joux-Plane<\/strong>. D\u00e8s le pied \u00e7a attaque, flirtant avec les 400 watts apr\u00e8s 3h40 de course je pr\u00e9f\u00e8re laisser filer les avions, plaisantant sur la situation avec Fr\u00e9d\u00e9ric. L&rsquo;allure devant stagne dans un replat, sans que l&rsquo;on puisse revenir.<\/p>\n<p align=\"justify\">Connaissant le terrain je g\u00e8re la mont\u00e9e au capteur de puissance, essayant de maintenir 280 watts jusqu&rsquo;au sommet. J&rsquo;y arrive plut\u00f4t bien dans la premi\u00e8re partie, autour de la douzi\u00e8me position. Fr\u00e9d\u00e9ric me prend quelques longueurs et je garde un petit groupe en visuel, un lacet plus haut. Dans les pourcentages difficiles certains d\u00e9crochent devant ; le top 10 en t\u00eate je force l&rsquo;allure pour les reprendre, apr\u00e8s avoir bu ma derni\u00e8re goutte d&rsquo;eau.<\/p>\n<p align=\"justify\">Concentr\u00e9 sur mon ascension les kilom\u00e8tres d\u00e9filent vite malgr\u00e9 la difficult\u00e9 ; jouant du d\u00e9railleur j&rsquo;essaie de tourner les jambes au maximum, et finis par d\u00e9passer un, puis deux coureurs. A quatre kilom\u00e8tres du sommet le brouillard fait son apparition, lorsque je rejoins un coureur d&rsquo;Etupes. Il s&rsquo;agit de Fabien Doubey, vice-champion du monde junior de cyclocross en 2011 ; sans eau depuis un moment je suis au bord des crampes, mais nous finissons ensemble l&rsquo;ascension dans une brume \u00e9paisse, avant la descente finale sur Morzine.<\/p>\n<p align=\"justify\"><img loading=\"lazy\" decoding=\"async\" class=\"alignright size-full wp-image-1537\" alt=\"Morzine - Vall\u00e9e d'Aulps\" src=\"http:\/\/www.rodolphe-passions.fr\/wordpress\/wp-content\/uploads\/2013\/06\/morzine_vallee_daulps_2.jpg\" width=\"400\" height=\"268\" srcset=\"https:\/\/www.rodolphe-passions.fr\/wordpress\/wp-content\/uploads\/2013\/06\/morzine_vallee_daulps_2.jpg 400w, https:\/\/www.rodolphe-passions.fr\/wordpress\/wp-content\/uploads\/2013\/06\/morzine_vallee_daulps_2-300x201.jpg 300w\" sizes=\"(max-width: 400px) 100vw, 400px\" \/>Celle-ci intervient v\u00e9ritablement apr\u00e8s le <strong>col du Ranfolly<\/strong>, 10 km restent \u00e0 couvrir. Il faut rester prudent dans cette belle descente sinueuse, tout en s&rsquo;assurant que personne ne revienne de l&rsquo;arri\u00e8re. Ce n&rsquo;est pas le cas, et nous franchissons ensemble la ligne en neuvi\u00e8me et dixi\u00e8me positions : bel esprit de ce jeune coureur, qui n&rsquo;a pas cherch\u00e9 \u00e0 me disputer le sprint \ud83d\ude42<\/p>\n<p align=\"justify\">Quelques minutes plus t\u00f4t David De Vecchi (Semur-en-Auxois) l&#8217;emporte devant Nicolas Ougier (Scott) et Emilio Corbex (Vaulx-en-Velin), apr\u00e8s une attaque d\u00e9cisive dans Joux-Plane. Grosse performance pour ma part : sur un parcours \u00e0 peine raccourci (et sec) je gagne 23&prime; sur mon temps de 2011 et surtout 5&prime; dans le final vers Joux-Plane, mieux g\u00e9r\u00e9 qu&rsquo;en 2011. Il manque encore un petit quelque chose pour jouer le top 5 voire le podium, mais la diff\u00e9rence se r\u00e9duit course apr\u00e8s course : voil\u00e0 qui est motivant ! Au g\u00e9n\u00e9ral du Grand Troph\u00e9e je prends le large, avec plus d&rsquo;une manche d&rsquo;avance (344 points) sur mon plus proche poursuivant (Sander Smits).<\/p>\n<p align=\"justify\">Un dernier mot pour souligner le bon travail des services routiers : sachant le rude (et r\u00e9cent) hiver qu&rsquo;a connu cette r\u00e9gion, les routes \u00e9taient en bon \u00e9tat, surtout quand on sait que Joux-Plane \u00e9tait encore ferm\u00e9 \u00e0 la circulation la semaine pr\u00e9c\u00e9dente&#8230; Merci \u00e0 eux.<\/p>\n<p align=\"justify\">R\u00e9sultats : <a href=http:\/\/www.sportcommunication.info\/web2010\/resultat.php?annee=2013&#038;parcours=167&#038;cat=100&#038;langue=1>Morzine &#8211; Vall\u00e9e d&rsquo;Aulps Master<\/a><\/p>\n<p><center><iframe loading=\"lazy\" src=\"http:\/\/app.strava.com\/activities\/62340946\/embed\/7068c28cce392c3a5e5662619925b9c326fee2ad\" height=\"405\" width=\"590\" frameborder=\"0\" scrolling=\"no\"><\/iframe><\/center><\/p>\n","protected":false},"excerpt":{"rendered":"<p>La m\u00e9t\u00e9o est incertaine ce dimanche matin \u00e0 Morzine, mais pas de pluie au d\u00e9part et une temp\u00e9rature correcte (une dizaine de degr\u00e9s) accompagnent les 630 cyclosportifs r\u00e9partis sur les parcours Senior et Master. Venu la veille avec Nicolas Raybaud &hellip; <a href=\"https:\/\/www.rodolphe-passions.fr\/wordpress\/2013\/06\/morzine-vallee-daulps-2\/\">Continuer la lecture <span class=\"meta-nav\">&rarr;<\/span><\/a><\/p>\n","protected":false},"author":1,"featured_media":0,"comment_status":"open","ping_status":"open","sticky":false,"template":"","format":"standard","meta":{"jetpack_post_was_ever_published":false,"_jetpack_newsletter_access":"","_jetpack_dont_email_post_to_subs":false,"_jetpack_newsletter_tier_id":0,"_jetpack_memberships_contains_paywalled_content":false,"_jetpack_memberships_contains_paid_content":false,"footnotes":"","jetpack_publicize_message":"","jetpack_publicize_feature_enabled":true,"jetpack_social_post_already_shared":true,"jetpack_social_options":{"image_generator_settings":{"template":"highway","enabled":false},"version":2}},"categories":[4],"tags":[],"class_list":["post-1530","post","type-post","status-publish","format-standard","hentry","category-cyclosportives"],"jetpack_publicize_connections":[],"jetpack_featured_media_url":"","jetpack_shortlink":"https:\/\/wp.me\/p12zYw-oG","jetpack_sharing_enabled":true,"jetpack_likes_enabled":true,"_links":{"self":[{"href":"https:\/\/www.rodolphe-passions.fr\/wordpress\/wp-json\/wp\/v2\/posts\/1530"}],"collection":[{"href":"https:\/\/www.rodolphe-passions.fr\/wordpress\/wp-json\/wp\/v2\/posts"}],"about":[{"href":"https:\/\/www.rodolphe-passions.fr\/wordpress\/wp-json\/wp\/v2\/types\/post"}],"author":[{"embeddable":true,"href":"https:\/\/www.rodolphe-passions.fr\/wordpress\/wp-json\/wp\/v2\/users\/1"}],"replies":[{"embeddable":true,"href":"https:\/\/www.rodolphe-passions.fr\/wordpress\/wp-json\/wp\/v2\/comments?post=1530"}],"version-history":[{"count":31,"href":"https:\/\/www.rodolphe-passions.fr\/wordpress\/wp-json\/wp\/v2\/posts\/1530\/revisions"}],"predecessor-version":[{"id":1803,"href":"https:\/\/www.rodolphe-passions.fr\/wordpress\/wp-json\/wp\/v2\/posts\/1530\/revisions\/1803"}],"wp:attachment":[{"href":"https:\/\/www.rodolphe-passions.fr\/wordpress\/wp-json\/wp\/v2\/media?parent=1530"}],"wp:term":[{"taxonomy":"category","embeddable":true,"href":"https:\/\/www.rodolphe-passions.fr\/wordpress\/wp-json\/wp\/v2\/categories?post=1530"},{"taxonomy":"post_tag","embeddable":true,"href":"https:\/\/www.rodolphe-passions.fr\/wordpress\/wp-json\/wp\/v2\/tags?post=1530"}],"curies":[{"name":"wp","href":"https:\/\/api.w.org\/{rel}","templated":true}]}}