{"id":1599,"date":"2013-07-07T20:00:07","date_gmt":"2013-07-07T19:00:07","guid":{"rendered":"http:\/\/www.rodolphe-passions.info\/wordpress\/?p=1599"},"modified":"2013-07-18T21:11:12","modified_gmt":"2013-07-18T20:11:12","slug":"grimpee-de-lalpe-dhuez-2","status":"publish","type":"post","link":"https:\/\/www.rodolphe-passions.fr\/wordpress\/2013\/07\/grimpee-de-lalpe-dhuez-2\/","title":{"rendered":"Grimp\u00e9e de l&rsquo;Alpe-d&rsquo;Huez"},"content":{"rendered":"<p align=\"justify\">Apr\u00e8s une nuit courte mais r\u00e9paratrice, me voici au d\u00e9part \u00e0 Bourg-d&rsquo;Oisans pour une derni\u00e8re grimp\u00e9e de l&rsquo;Alpe-d&rsquo;Huez. L&rsquo;encha\u00eenement cyclosportive\/grimp\u00e9e n&rsquo;est pas in\u00e9dit (d\u00e9j\u00e0 r\u00e9alis\u00e9 \u00e0 la Ventoux d\u00e9but juin), mais nettement plus difficile apr\u00e8s l&rsquo;\u00e9prouvant rallye de la veille. Bien entendu les jambes sont dures au d\u00e9part, mais les quelques kilom\u00e8tres d&rsquo;\u00e9chauffement avec le VC Pontois permettent de mettre doucement la machine en route. Sur la ligne de d\u00e9part les favoris du Troph\u00e9e de l&rsquo;Oisans sont l\u00e0 (Bart Bury, Micka\u00ebl Gallego, David Polveroni&#8230;) parmi 250 passionn\u00e9s venus se mesurer aux plus c\u00e9l\u00e8bres lacets du monde.<\/p>\n<p align=\"justify\"><img loading=\"lazy\" decoding=\"async\" src=\"http:\/\/www.rodolphe-passions.fr\/wordpress\/wp-content\/uploads\/2013\/07\/grimpee_alpe_dhuez_1.jpg\" alt=\"Grimp\u00e9e de l&#039;Alpe-d&#039;Huez\" width=\"400\" height=\"267\" class=\"alignleft size-full wp-image-1620\" srcset=\"https:\/\/www.rodolphe-passions.fr\/wordpress\/wp-content\/uploads\/2013\/07\/grimpee_alpe_dhuez_1.jpg 400w, https:\/\/www.rodolphe-passions.fr\/wordpress\/wp-content\/uploads\/2013\/07\/grimpee_alpe_dhuez_1-300x200.jpg 300w\" sizes=\"(max-width: 400px) 100vw, 400px\" \/>A 9 heures le d\u00e9part est donn\u00e9, apr\u00e8s quelques m\u00e8tres d&rsquo;observation on arrive droit dans la pente direction la Garde. Ne sachant pas trop \u00e0 quoi m&rsquo;attendre je laisse faire les premiers attaquants, navigant dans les 10-15 premiers. David et Micka\u00ebl remontent, C\u00e9dric Bonnefoy aussi et je plafonne quelques m\u00e8tres derri\u00e8re. Le premier quart d&rsquo;heure est p\u00e9nible, mais je sens que le moteur se d\u00e9bloque apr\u00e8s la Garde. Je remets une ou deux dents, et l\u00e2che mon poursuivant direct ; devant David commence \u00e0 plafonner, un peu plus haut C\u00e9dric me fait bonne impression.<\/p>\n<p align=\"justify\">Bert Dekker et Bart me reviennent dessus \u00e0 la moiti\u00e9 de l&rsquo;ascension, et nous revenons sur un petit groupe emmen\u00e9 par David. Bart se d\u00e9tache progressivement avant Huez et j&rsquo;aper\u00e7ois Nicolas un peu plus loin ; les sensations revenues je passe \u00e0 la vitesse sup\u00e9rieure. Je suis dixi\u00e8me : l&rsquo;\u00e9cart se creuse avec mes poursuivants directs, sans arriver \u00e0 boucher le trou avec mes pr\u00e9d\u00e9cesseurs. Le forcing continue dans les derniers lacets avant le Vieil Alpe, tant pour se rapprocher du neuvi\u00e8me que pour chasser le chrono.<\/p>\n<p align=\"justify\">Je passe effectivement sous les 45&prime; au tunnel, sans faire la jonction avec mon adversaire direct. Au contraire un poursuivant se rapproche et je mets le gros plateau au kilom\u00e8tre, bien d\u00e9cid\u00e9 \u00e0 conserver ce top 10. C&rsquo;est chose faite apr\u00e8s un long sprint, je coupe la ligne en 49&prime;. Assez loin de Micka\u00ebl qui remporte l&rsquo;\u00e9preuve devant J\u00e9r\u00f4me Phanon et Christoph Fuchbach (une vieille connaissance du Ventoux ;)), mais riche d&rsquo;enseignements : au lendemain d&rsquo;une tr\u00e8s difficile Marmotte j&rsquo;ai tout simplement battu mon record sur l&rsquo;Alpe-d&rsquo;Huez&#8230; Surprenant !\n<\/p>\n<p align=\"justify\">David termine en roue libre pour assurer sa troisi\u00e8me place au Troph\u00e9e de l&rsquo;Oisans, remport\u00e9 par Bart devant Micka\u00ebl. Un dernier d\u00e9crassage en altitude avec David et ses co\u00e9quipiers de Pont-de-Claix (merci au pr\u00e9sident Jean-Luc Antouly pour son assistance ce week-end), et il est temps de retrouver la vall\u00e9e via Villard-Reculas pour en prendre plein les mirettes une derni\u00e8re fois. Voil\u00e0 qui conclut un week-end parfait, avant de redescendre sur terre, r\u00e9cup\u00e9rer et se (re)motiver pour l&rsquo;Arvan-Villards d\u00e8s dimanche prochain \ud83d\ude42\n<\/p>\n<p align=\"justify\">R\u00e9sultats : <a href=http:\/\/www.sportcommunication.info\/web2010\/resultat.php?annee=2013&#038;parcours=28&#038;cat=100&#038;langue=1>Grimp\u00e9e de l&rsquo;Alpe-d&rsquo;Huez<\/a><\/p>\n<p><center><iframe height='405' width='590' frameborder='0' allowtransparency='true' scrolling='no' src='http:\/\/app.strava.com\/activities\/65449412\/embed\/982787c5b892599b81092592c0ab780016285280'><\/iframe><\/center><\/p>\n","protected":false},"excerpt":{"rendered":"<p>Apr\u00e8s une nuit courte mais r\u00e9paratrice, me voici au d\u00e9part \u00e0 Bourg-d&rsquo;Oisans pour une derni\u00e8re grimp\u00e9e de l&rsquo;Alpe-d&rsquo;Huez. L&rsquo;encha\u00eenement cyclosportive\/grimp\u00e9e n&rsquo;est pas in\u00e9dit (d\u00e9j\u00e0 r\u00e9alis\u00e9 \u00e0 la Ventoux d\u00e9but juin), mais nettement plus difficile apr\u00e8s l&rsquo;\u00e9prouvant rallye de la veille. &hellip; <a href=\"https:\/\/www.rodolphe-passions.fr\/wordpress\/2013\/07\/grimpee-de-lalpe-dhuez-2\/\">Continuer la lecture <span class=\"meta-nav\">&rarr;<\/span><\/a><\/p>\n","protected":false},"author":1,"featured_media":0,"comment_status":"open","ping_status":"open","sticky":false,"template":"","format":"standard","meta":{"jetpack_post_was_ever_published":false,"_jetpack_newsletter_access":"","_jetpack_dont_email_post_to_subs":false,"_jetpack_newsletter_tier_id":0,"_jetpack_memberships_contains_paywalled_content":false,"_jetpack_memberships_contains_paid_content":false,"footnotes":"","jetpack_publicize_message":"","jetpack_publicize_feature_enabled":true,"jetpack_social_post_already_shared":true,"jetpack_social_options":{"image_generator_settings":{"template":"highway","enabled":false},"version":2}},"categories":[13],"tags":[],"class_list":["post-1599","post","type-post","status-publish","format-standard","hentry","category-grimpees"],"jetpack_publicize_connections":[],"jetpack_featured_media_url":"","jetpack_shortlink":"https:\/\/wp.me\/p12zYw-pN","jetpack_sharing_enabled":true,"jetpack_likes_enabled":true,"_links":{"self":[{"href":"https:\/\/www.rodolphe-passions.fr\/wordpress\/wp-json\/wp\/v2\/posts\/1599"}],"collection":[{"href":"https:\/\/www.rodolphe-passions.fr\/wordpress\/wp-json\/wp\/v2\/posts"}],"about":[{"href":"https:\/\/www.rodolphe-passions.fr\/wordpress\/wp-json\/wp\/v2\/types\/post"}],"author":[{"embeddable":true,"href":"https:\/\/www.rodolphe-passions.fr\/wordpress\/wp-json\/wp\/v2\/users\/1"}],"replies":[{"embeddable":true,"href":"https:\/\/www.rodolphe-passions.fr\/wordpress\/wp-json\/wp\/v2\/comments?post=1599"}],"version-history":[{"count":13,"href":"https:\/\/www.rodolphe-passions.fr\/wordpress\/wp-json\/wp\/v2\/posts\/1599\/revisions"}],"predecessor-version":[{"id":1644,"href":"https:\/\/www.rodolphe-passions.fr\/wordpress\/wp-json\/wp\/v2\/posts\/1599\/revisions\/1644"}],"wp:attachment":[{"href":"https:\/\/www.rodolphe-passions.fr\/wordpress\/wp-json\/wp\/v2\/media?parent=1599"}],"wp:term":[{"taxonomy":"category","embeddable":true,"href":"https:\/\/www.rodolphe-passions.fr\/wordpress\/wp-json\/wp\/v2\/categories?post=1599"},{"taxonomy":"post_tag","embeddable":true,"href":"https:\/\/www.rodolphe-passions.fr\/wordpress\/wp-json\/wp\/v2\/tags?post=1599"}],"curies":[{"name":"wp","href":"https:\/\/api.w.org\/{rel}","templated":true}]}}