{"id":1633,"date":"2013-07-14T20:00:16","date_gmt":"2013-07-14T19:00:16","guid":{"rendered":"http:\/\/www.rodolphe-passions.info\/wordpress\/?p=1633"},"modified":"2013-07-14T21:21:01","modified_gmt":"2013-07-14T20:21:01","slug":"arvan-villards","status":"publish","type":"post","link":"https:\/\/www.rodolphe-passions.fr\/wordpress\/2013\/07\/arvan-villards\/","title":{"rendered":"Arvan &#8211; Villards"},"content":{"rendered":"<p align=\"justify\">La r\u00e9cup\u00e9ration est bonne apr\u00e8s un rude week-end en Oisans, et la m\u00e9t\u00e9o parfaite&#8230; Aucune excuse pour ne pas aller courir ma premi\u00e8re Arvan-Villards, et d\u00e9couvrir quelques beaux cols en Maurienne (Croix-de-Fer, la Toussuire, Mollard). Nous faisons route vers St-Jean-d&rsquo;Arves avec Nicolas Raybaud, et y rejoignons C\u00e9dric Bonnefoy son co\u00e9quipier du team BV Sport. D&rsquo;autres gros bras sont pr\u00e9sents comme Fr\u00e9d\u00e9ric Ostian, David De Vecchi, Ludovic Turpin, Micka\u00ebl Gallego, Nicolas Ougier, Jean-Francis Pessey&#8230; ainsi que les leaders de la trilogie mauriennaise : Stanislas Richard et C\u00e9dric Paluello. Dans le sas prioritaire je revois \u00e9galement Magdalena de St-Jean, que je n&rsquo;avais plus crois\u00e9e depuis un moment en cyclosport.<\/p>\n<p align=\"justify\"><img loading=\"lazy\" decoding=\"async\" src=\"http:\/\/www.rodolphe-passions.fr\/wordpress\/wp-content\/uploads\/2013\/07\/arvan_villards_1.jpg\" alt=\"Arvan - Villards\" width=\"400\" height=\"267\" class=\"alignright size-full wp-image-1637\" srcset=\"https:\/\/www.rodolphe-passions.fr\/wordpress\/wp-content\/uploads\/2013\/07\/arvan_villards_1.jpg 400w, https:\/\/www.rodolphe-passions.fr\/wordpress\/wp-content\/uploads\/2013\/07\/arvan_villards_1-300x200.jpg 300w\" sizes=\"(max-width: 400px) 100vw, 400px\" \/>L&rsquo;ambiance est d\u00e9contract\u00e9e, mais je me demande comment va se passer le d\u00e9part \u00e0 froid dans le <strong>col de la Croix-de-Fer<\/strong>. Pas le temps d&rsquo;y r\u00e9fl\u00e9chir longtemps, puisque Micka\u00ebl lance les hostilit\u00e9s d\u00e8s la sortie de St-Sorlin. Le groupe explose en deux kilom\u00e8tres, les jambes ne r\u00e9pondent pas et je reviens progressivement mais \u00e0 un rythme \u00e9lev\u00e9 sur un petit groupe comprenant C\u00e9dric, Fr\u00e9d\u00e9ric et Nicolas. Le trio de t\u00eate a d\u00e9j\u00e0 disparu dans les lacets, tandis que le duo vainqueur de la veille Aur\u00e9lien Gay et Lo\u00efc Ruffaut rejoignent le groupe de chasse. Nous arrivons au sommet et Nicolas passe la seconde dans la courte descente vers le Glandon.<\/p>\n<p align=\"justify\">\u00c7a remonte quelques hectom\u00e8tres mais on passe dans l&rsquo;\u00e9lan, et la descente vers St-Colomban est aussi rapide qu&rsquo;\u00e0 la Marmotte. Aur\u00e9lien et Lo\u00efc d\u00e9crochent, et la suite est un peu plus calme jusqu&rsquo;\u00e0 St-Etienne-de-Cuines. Dans la vall\u00e9e jusqu&rsquo;\u00e0 St-Jean-de-Maurienne la poursuite s&rsquo;organise : tout le monde passe, sans se livrer \u00e0 fond. Nous sommes \u00e0 45&Prime; de la t\u00eate, et un autre groupe \u00e0 45&Prime; derri\u00e8re nous : rien de d\u00e9finitif vu le menu qui arrive. Chacun mange un morceau, j&rsquo;en fais de m\u00eame avant la deuxi\u00e8me difficult\u00e9 du jour.<\/p>\n<p align=\"justify\">D\u00e8s le pied de la mont\u00e9e vers <strong>la Toussuire<\/strong> \u00e7a embraye, je d\u00e9cide de laisser faire puis reviens une premi\u00e8re fois avec Nicolas. Mais le rythme est \u00e0 peine trop \u00e9lev\u00e9 dans le petit groupe ; je perds m\u00e8tre apr\u00e8s m\u00e8tre pour naviguer \u00e0 une trentaine de secondes le reste de l&rsquo;ascension. Les quelques replats sont l&rsquo;occasion de relancer et bien boire, car il commence \u00e0 faire chaud. En vue du sommet j&rsquo;aper\u00e7ois Jean-Francis qui revient fort un lacet plus bas : nous voil\u00e0 quatre au moment de redescendre sur St-Jean, je me sens au niveau des trois autres.<\/p>\n<p align=\"justify\"><img loading=\"lazy\" decoding=\"async\" src=\"http:\/\/www.rodolphe-passions.fr\/wordpress\/wp-content\/uploads\/2013\/07\/arvan_villards_2.jpg\" alt=\"Arvan - Villards\" width=\"400\" height=\"267\" class=\"alignleft size-full wp-image-1638\" srcset=\"https:\/\/www.rodolphe-passions.fr\/wordpress\/wp-content\/uploads\/2013\/07\/arvan_villards_2.jpg 400w, https:\/\/www.rodolphe-passions.fr\/wordpress\/wp-content\/uploads\/2013\/07\/arvan_villards_2-300x200.jpg 300w\" sizes=\"(max-width: 400px) 100vw, 400px\" \/>La descente est longue mais rapide, et nous arrivons au pied du <strong>col du Mollard<\/strong> apr\u00e8s 85 km et presque trois heures de course. Les relais tournent dans les premiers kilom\u00e8tres en faux-plat, avant que Jean-Francis ne fasse le train dans les pourcentages plus \u00e9lev\u00e9s. La pente est s\u00e9v\u00e8re mais je tourne encore bien les jambes ; l&rsquo;ascension est ombrag\u00e9e et offre de beaux points de vue, ce qui ne g\u00e2che rien. A mi-pente je d\u00e9croche l\u00e9g\u00e8rement pour me ravitailler une derni\u00e8re fois, puis reviens sur le groupe au train. A la faveur d&rsquo;un replat l&rsquo;un de mes adversaires s&rsquo;en va seul. J&rsquo;attends une r\u00e9action de Jean-Francis (si fringant dans l&rsquo;ascension pr\u00e9c\u00e9dente) mais rien ne se passe, alors je hausse le ton.<\/p>\n<p align=\"justify\">Surprise : il d\u00e9croche et le dernier \u00e0 suivre fait l&rsquo;\u00e9lastique. Il reste cinq kilom\u00e8tres \u00e0 tenir et je poursuis mon travail de sape, pour m&rsquo;assurer un top 10. Dans le dernier kilom\u00e8tre je donne tout pour creuser l&rsquo;\u00e9cart avant la descente finale, que je ne connais pas. Le rev\u00eatement est \u00e9troit et irr\u00e9gulier, avec beaucoup de virages sans visibilit\u00e9 : je descends prudemment, v\u00e9rifiant de temps \u00e0 autre si \u00e7a revient derri\u00e8re. Toujours personne en vue au moment de remonter vers l&rsquo;arriv\u00e9e : St-Jean est \u00e0 quelques kilom\u00e8tres de faux-plat, mais \u00e7a devient dur apr\u00e8s quasiment quatre heures \u00e0 fond&#8230;<\/p>\n<p align=\"justify\">A bout de forces je me hisse jusqu&rsquo;\u00e0 la ligne d&rsquo;arriv\u00e9e \u00e0 <strong>la Chal<\/strong>, apr\u00e8s une belle c\u00f4te de deux kilom\u00e8tres. J&rsquo;aper\u00e7ois Nicolas en fringale au bout de la ligne droite, mais c&rsquo;est trop tard pour revenir : je finis sous les quatre heures de course, en 10\u00b0 position. Tr\u00e8s content de ce nouveau top 10, avec un peu de fatigue c&rsquo;\u00e9tait difficile de faire mieux. Apr\u00e8s six cyclosportives en autant de semaines il est temps de faire un break, pour revenir en pleine forme physique et mentale \u00e0 la Risoul-Queyras. Un dernier mot sur l&rsquo;organisation, comme souvent irr\u00e9prochable de la part de LVO : parcours magnifiques, s\u00e9curit\u00e9, repas d&rsquo;arriv\u00e9e et c\u00e9r\u00e9monie protocolaire (agr\u00e9ment\u00e9e de quelques vid\u00e9os) au cin\u00e9ma sont les ingr\u00e9dients de cette journ\u00e9e tr\u00e8s r\u00e9ussie sportivement, et humainement \ud83d\ude42<\/p>\n<p align=\"justify\">R\u00e9sultats : <a href=http:\/\/www.challengecyclotour.com\/objets\/2013\/resultat_TAV_dim_scratch_grand_et%20petit_parcours.pdf>Arvan &#8211; Villards<\/a><\/p>\n<p><center><iframe height='405' width='590' frameborder='0' allowtransparency='true' scrolling='no' src='http:\/\/app.strava.com\/activities\/67047138\/embed\/2cbf5d592883f20483f6b89b1a823009c91f48d1'><\/iframe><\/center><\/p>\n","protected":false},"excerpt":{"rendered":"<p>La r\u00e9cup\u00e9ration est bonne apr\u00e8s un rude week-end en Oisans, et la m\u00e9t\u00e9o parfaite&#8230; Aucune excuse pour ne pas aller courir ma premi\u00e8re Arvan-Villards, et d\u00e9couvrir quelques beaux cols en Maurienne (Croix-de-Fer, la Toussuire, Mollard). Nous faisons route vers St-Jean-d&rsquo;Arves &hellip; <a href=\"https:\/\/www.rodolphe-passions.fr\/wordpress\/2013\/07\/arvan-villards\/\">Continuer la lecture <span class=\"meta-nav\">&rarr;<\/span><\/a><\/p>\n","protected":false},"author":1,"featured_media":0,"comment_status":"open","ping_status":"open","sticky":false,"template":"","format":"standard","meta":{"jetpack_post_was_ever_published":false,"_jetpack_newsletter_access":"","_jetpack_dont_email_post_to_subs":false,"_jetpack_newsletter_tier_id":0,"_jetpack_memberships_contains_paywalled_content":false,"_jetpack_memberships_contains_paid_content":false,"footnotes":"","jetpack_publicize_message":"","jetpack_publicize_feature_enabled":true,"jetpack_social_post_already_shared":true,"jetpack_social_options":{"image_generator_settings":{"template":"highway","enabled":false},"version":2}},"categories":[4],"tags":[],"class_list":["post-1633","post","type-post","status-publish","format-standard","hentry","category-cyclosportives"],"jetpack_publicize_connections":[],"jetpack_featured_media_url":"","jetpack_shortlink":"https:\/\/wp.me\/p12zYw-ql","jetpack_sharing_enabled":true,"jetpack_likes_enabled":true,"_links":{"self":[{"href":"https:\/\/www.rodolphe-passions.fr\/wordpress\/wp-json\/wp\/v2\/posts\/1633"}],"collection":[{"href":"https:\/\/www.rodolphe-passions.fr\/wordpress\/wp-json\/wp\/v2\/posts"}],"about":[{"href":"https:\/\/www.rodolphe-passions.fr\/wordpress\/wp-json\/wp\/v2\/types\/post"}],"author":[{"embeddable":true,"href":"https:\/\/www.rodolphe-passions.fr\/wordpress\/wp-json\/wp\/v2\/users\/1"}],"replies":[{"embeddable":true,"href":"https:\/\/www.rodolphe-passions.fr\/wordpress\/wp-json\/wp\/v2\/comments?post=1633"}],"version-history":[{"count":6,"href":"https:\/\/www.rodolphe-passions.fr\/wordpress\/wp-json\/wp\/v2\/posts\/1633\/revisions"}],"predecessor-version":[{"id":1641,"href":"https:\/\/www.rodolphe-passions.fr\/wordpress\/wp-json\/wp\/v2\/posts\/1633\/revisions\/1641"}],"wp:attachment":[{"href":"https:\/\/www.rodolphe-passions.fr\/wordpress\/wp-json\/wp\/v2\/media?parent=1633"}],"wp:term":[{"taxonomy":"category","embeddable":true,"href":"https:\/\/www.rodolphe-passions.fr\/wordpress\/wp-json\/wp\/v2\/categories?post=1633"},{"taxonomy":"post_tag","embeddable":true,"href":"https:\/\/www.rodolphe-passions.fr\/wordpress\/wp-json\/wp\/v2\/tags?post=1633"}],"curies":[{"name":"wp","href":"https:\/\/api.w.org\/{rel}","templated":true}]}}