{"id":1710,"date":"2013-09-08T20:00:37","date_gmt":"2013-09-08T19:00:37","guid":{"rendered":"http:\/\/www.rodolphe-passions.info\/wordpress\/?p=1710"},"modified":"2013-09-09T20:35:15","modified_gmt":"2013-09-09T19:35:15","slug":"alpigap-2","status":"publish","type":"post","link":"https:\/\/www.rodolphe-passions.fr\/wordpress\/2013\/09\/alpigap-2\/","title":{"rendered":"Alpigap"},"content":{"rendered":"<p align=\"justify\">Apr\u00e8s une chouette exp\u00e9rience l&rsquo;an pass\u00e9 je reviens avec plaisir dans les Hautes-Alpes, pour la 17\u00b0 \u00e9dition de l&rsquo;Alpigap. L\u00e9g\u00e8rement modifi\u00e9e celle-ci fait toujours la part belle au D\u00e9voluy et Champsaur, sur des petites routes tortueuses o\u00f9 les coureurs sont toujours en prise. La m\u00e9t\u00e9o est nettement plus instable cette ann\u00e9e, mais heureusement pour la majorit\u00e9 des participants le d\u00e9luge cesse et le soleil pointe ses rayons une petite heure avant le d\u00e9part. Peu de monde au d\u00e9part, mais un joli plateau : le jeune professionnel J\u00e9r\u00e9my Bescond (Cofidis) est accompagn\u00e9 de Tony Mezure, Julien Pesce (VS Hy\u00e9rois), Nicolas Carret (AVC Aix) et le local St\u00e9phane Tempier (UCPG). Je retrouve \u00e9galement Fr\u00e9d\u00e9ric Ostian, Bruno Mestre et Patrick Fiorentino (r\u00e9cent champion de France masters).<\/p>\n<p align=\"justify\"><img loading=\"lazy\" decoding=\"async\" src=\"http:\/\/www.rodolphe-passions.fr\/wordpress\/wp-content\/uploads\/2013\/09\/alpigap_1.jpg\" alt=\"Alpigap\" width=\"400\" height=\"266\" class=\"alignleft size-full wp-image-1713\" srcset=\"https:\/\/www.rodolphe-passions.fr\/wordpress\/wp-content\/uploads\/2013\/09\/alpigap_1.jpg 400w, https:\/\/www.rodolphe-passions.fr\/wordpress\/wp-content\/uploads\/2013\/09\/alpigap_1-300x199.jpg 300w\" sizes=\"(max-width: 400px) 100vw, 400px\" \/>Le d\u00e9part est nerveux, sur des routes pas encore s\u00e8ches : je remonte devant pour ne pas me faire pi\u00e9ger. Le rythme est calme jusqu&rsquo;\u00e0 Sigoyer, mais tout s&rsquo;acc\u00e9l\u00e8re \u00e0 la fin du <strong>col de Foureyssasse<\/strong> sous l&rsquo;impulsion des jeunes loups du petit parcours. Vu l&rsquo;\u00e9tat de la descente je reste tranquille et observe \u00e0 distance les d\u00e9g\u00e2ts : \u00e7a tombe dans chaque virage ou presque, avec Fr\u00e9d\u00e9ric et Patrick nous attendons les portions moins risqu\u00e9es pour rouler et revenir sur les hommes de t\u00eate. Une premi\u00e8re s\u00e9lection s&rsquo;est faite ; elle a mis hors-jeu les descendeurs maladroits ou trop t\u00e9m\u00e9raires.<\/p>\n<p align=\"justify\">J\u00e9r\u00e9my teste un peu le groupe, puis St\u00e9phane relaie fort : dans le <strong>col d&rsquo;Espr\u00e9aux<\/strong> je ferme bient\u00f4t la marche d&rsquo;un groupe fortement r\u00e9duit. Nous sommes moins d&rsquo;une dizaine, et plusieurs costauds manquent \u00e0 l&rsquo;appel : au taquet je reste concentr\u00e9 sur une seule chose, ne pas l\u00e2cher les roues. Vu les orages de la nuit j&rsquo;appr\u00e9hende un peu la descente difficile dans les gorges, mais apr\u00e8s 1h30 de course chacun pense plut\u00f4t \u00e0 se restaurer ; j&rsquo;en fais de m\u00eame. Au ravitaillement de Veynes quelques hommes reviennent de l&rsquo;arri\u00e8re ; nous voil\u00e0 environ une quinzaine en t\u00eate. St\u00e9phane continue d&rsquo;imprimer le rythme, avant que l&rsquo;allure ne se r\u00e9duise dans les longues lignes droites menant \u00e0 la difficult\u00e9 suivante.<\/p>\n<p align=\"justify\">Le <strong>col du Festre<\/strong> est mont\u00e9 crescendo comme en 2012 ; cette fois c&rsquo;est J\u00e9r\u00e9my et Nicolas qui impriment un gros rythme. L&rsquo;accumulation des efforts commence \u00e0 peser, et je laisse filer les sept meilleurs avec Yann Durand dans ma roue. Il d\u00e9croche peu apr\u00e8s sur une relance de ma part ; dans le sillage des voitures je stabilise l&rsquo;\u00e9cart \u00e0 30&Prime;, avant de recoller dans la descente. Le temps de souffler quelques minutes, et J\u00e9r\u00e9my en remet une couche dans le <strong>col de Rioupes<\/strong>. C&rsquo;est court mais je suis incapable de r\u00e9agir et garde longtemps les hommes de t\u00eate en point de mire, jusqu&rsquo;\u00e0 St-Etienne-en-D\u00e9voluy.<\/p>\n<p align=\"justify\"><img loading=\"lazy\" decoding=\"async\" src=\"http:\/\/www.rodolphe-passions.fr\/wordpress\/wp-content\/uploads\/2013\/09\/alpigap_2.jpg\" alt=\"Alpigap\" width=\"400\" height=\"266\" class=\"alignright size-full wp-image-1714\" srcset=\"https:\/\/www.rodolphe-passions.fr\/wordpress\/wp-content\/uploads\/2013\/09\/alpigap_2.jpg 400w, https:\/\/www.rodolphe-passions.fr\/wordpress\/wp-content\/uploads\/2013\/09\/alpigap_2-300x199.jpg 300w\" sizes=\"(max-width: 400px) 100vw, 400px\" \/>Les premiers lacets du col du Noyer me permettent d&rsquo;observer la bagarre \u00e0 distance, mais surtout de voir le retour de Bruno et Yann. Dans le replat avec un l\u00e9ger vent de face je temporise le temps d&rsquo;avaler une barre ; mes poursuivants font la jonction au pied de la partie finale. Dans les pourcentages les plus raides je me contente de suivre, et r\u00e9alise une descente propre avec Bruno, tandis que Yann est \u00e9limin\u00e9 sur crevaison. Je passe sans encombre le fameux virage manqu\u00e9 de l&rsquo;an dernier, puis nous nous entendons avec Bruno pour collaborer le plus loin possible. Apr\u00e8s trois heures de course le soleil est bien pr\u00e9sent ; je r\u00e9cup\u00e8re un bidon \u00e0 St-Bonnet, par\u00e9 pour le final.<\/p>\n<p align=\"justify\">Dans le bocage champsaurin j&rsquo;essaie tant bien que mal de relayer Bruno, mais je le sens sup\u00e9rieur d\u00e8s que la route s&rsquo;\u00e9l\u00e8ve. Notre duo va continuer ainsi une vingtaine de kilom\u00e8tres, \u00e0 moins de 2&prime; du petit groupe qui nous pr\u00e9c\u00e8de. Dans une petite c\u00f4te apr\u00e8s Chabottes je passe petit plateau, tandis que mon comp\u00e8re garde la plaque : je l\u00e2che prise sans trop savoir pourquoi. Pendant de longs kilom\u00e8tres il reste en point de mire, avant de dispara\u00eetre d\u00e9finitivement en remontant vers St-L\u00e9ger-les-M\u00e9l\u00e8zes. En me ravitaillant une derni\u00e8re fois je croise St\u00e9phane qui a b\u00e2ch\u00e9, victime d&rsquo;une fringale et souhaitant se pr\u00e9server pour ses prochaines \u00e9ch\u00e9ances internationales en VTT.<\/p>\n<p align=\"justify\">A Ancelle les quatre heures d&rsquo;effort p\u00e8sent de plus en plus, mais connaissant les lieux je sais qu&rsquo;au <strong>col de Manse<\/strong> c&rsquo;est gagn\u00e9. Toujours personne loin derri\u00e8re : je franchis la difficult\u00e9 au train, avant de basculer dans la derni\u00e8re descente. Le vent l\u00e9g\u00e8rement de face je dois m&#8217;employer pour rejoindre la N85 \u00e0 bonne allure, ensuite virage \u00e0 gauche direction Gap. Je rejoins quelques coureurs du petit parcours, avant de traverser la ville bien s\u00e9curis\u00e9e par les b\u00e9n\u00e9voles et la gendarmerie pr\u00e9sents aux carrefours. Le faux-plat menant \u00e0 l&rsquo;arriv\u00e9e est moins pentu que l&rsquo;an pass\u00e9 : je l\u00e2che mes derni\u00e8res cartouches et franchis la ligne en 8\u00b0 position, \u00e0 un quart-d&rsquo;heure du vainqueur J\u00e9r\u00e9my Bescond.<\/p>\n<p align=\"justify\">Un peu d\u00e9\u00e7u de n&rsquo;avoir pu finir avec Bruno, mais vu sa remont\u00e9e dans le Champsaur (\u00e0 quelques secondes du top 5) j&rsquo;aurais certainement craqu\u00e9 plus loin. Encore trop g\u00e9n\u00e9reux en d\u00e9but de course je m&rsquo;en tire mieux qu&rsquo;aux Deux-Alpes deux semaines plus t\u00f4t, avec un podium cat\u00e9gorie (2\u00b0) \u00e0 la cl\u00e9 : \u00e7a fait toujours plaisir :). Reste \u00e0 se doucher et manger un vrai repas au Pavillon Carina, un confort encore trop rare sur les cyclosportives du calendrier. Je tiens \u00e0 f\u00e9liciter une fois de plus l&rsquo;UCPG et tous ses b\u00e9n\u00e9voles pour cette belle journ\u00e9e, qui m\u00e9riterait beaucoup plus d&rsquo;affluence.<\/p>\n<p align=\"justify\">R\u00e9sultats : <a href=http:\/\/www.clascycle.com\/resultats\/menuepr.php?epreuve=L%27Alpigap>Alpigap<\/a><\/p>\n<p><center><iframe height='405' width='590' frameborder='0' allowtransparency='true' scrolling='no' src='http:\/\/app.strava.com\/activities\/81067572\/embed\/582d76931ef8e2b7dbfac0658b1de88ca9cde046'><\/iframe><\/center><\/p>\n","protected":false},"excerpt":{"rendered":"<p>Apr\u00e8s une chouette exp\u00e9rience l&rsquo;an pass\u00e9 je reviens avec plaisir dans les Hautes-Alpes, pour la 17\u00b0 \u00e9dition de l&rsquo;Alpigap. L\u00e9g\u00e8rement modifi\u00e9e celle-ci fait toujours la part belle au D\u00e9voluy et Champsaur, sur des petites routes tortueuses o\u00f9 les coureurs sont &hellip; <a href=\"https:\/\/www.rodolphe-passions.fr\/wordpress\/2013\/09\/alpigap-2\/\">Continuer la lecture <span class=\"meta-nav\">&rarr;<\/span><\/a><\/p>\n","protected":false},"author":1,"featured_media":0,"comment_status":"open","ping_status":"open","sticky":false,"template":"","format":"standard","meta":{"jetpack_post_was_ever_published":false,"_jetpack_newsletter_access":"","_jetpack_dont_email_post_to_subs":false,"_jetpack_newsletter_tier_id":0,"_jetpack_memberships_contains_paywalled_content":false,"_jetpack_memberships_contains_paid_content":false,"footnotes":"","jetpack_publicize_message":"","jetpack_publicize_feature_enabled":true,"jetpack_social_post_already_shared":true,"jetpack_social_options":{"image_generator_settings":{"template":"highway","enabled":false},"version":2}},"categories":[4],"tags":[],"class_list":["post-1710","post","type-post","status-publish","format-standard","hentry","category-cyclosportives"],"jetpack_publicize_connections":[],"jetpack_featured_media_url":"","jetpack_shortlink":"https:\/\/wp.me\/p12zYw-rA","jetpack_sharing_enabled":true,"jetpack_likes_enabled":true,"_links":{"self":[{"href":"https:\/\/www.rodolphe-passions.fr\/wordpress\/wp-json\/wp\/v2\/posts\/1710"}],"collection":[{"href":"https:\/\/www.rodolphe-passions.fr\/wordpress\/wp-json\/wp\/v2\/posts"}],"about":[{"href":"https:\/\/www.rodolphe-passions.fr\/wordpress\/wp-json\/wp\/v2\/types\/post"}],"author":[{"embeddable":true,"href":"https:\/\/www.rodolphe-passions.fr\/wordpress\/wp-json\/wp\/v2\/users\/1"}],"replies":[{"embeddable":true,"href":"https:\/\/www.rodolphe-passions.fr\/wordpress\/wp-json\/wp\/v2\/comments?post=1710"}],"version-history":[{"count":11,"href":"https:\/\/www.rodolphe-passions.fr\/wordpress\/wp-json\/wp\/v2\/posts\/1710\/revisions"}],"predecessor-version":[{"id":1724,"href":"https:\/\/www.rodolphe-passions.fr\/wordpress\/wp-json\/wp\/v2\/posts\/1710\/revisions\/1724"}],"wp:attachment":[{"href":"https:\/\/www.rodolphe-passions.fr\/wordpress\/wp-json\/wp\/v2\/media?parent=1710"}],"wp:term":[{"taxonomy":"category","embeddable":true,"href":"https:\/\/www.rodolphe-passions.fr\/wordpress\/wp-json\/wp\/v2\/categories?post=1710"},{"taxonomy":"post_tag","embeddable":true,"href":"https:\/\/www.rodolphe-passions.fr\/wordpress\/wp-json\/wp\/v2\/tags?post=1710"}],"curies":[{"name":"wp","href":"https:\/\/api.w.org\/{rel}","templated":true}]}}