{"id":1773,"date":"2013-09-29T20:00:11","date_gmt":"2013-09-29T19:00:11","guid":{"rendered":"http:\/\/www.rodolphe-passions.info\/wordpress\/?p=1773"},"modified":"2014-08-13T12:35:26","modified_gmt":"2014-08-13T11:35:26","slug":"cimes-du-lac-dannecy-3","status":"publish","type":"post","link":"https:\/\/www.rodolphe-passions.fr\/wordpress\/2013\/09\/cimes-du-lac-dannecy-3\/","title":{"rendered":"Cimes du lac d&rsquo;Annecy"},"content":{"rendered":"<p align=\"justify\">Malgr\u00e9 les pr\u00e9visions m\u00e9t\u00e9o alarmistes, je me pr\u00e9sente sur les bords du lac d&rsquo;Annecy pour la derni\u00e8re cyclosportive de la saison. Et bien m&rsquo;en a pris, car les premiers rayons du soleil pointent au moment de r\u00e9cup\u00e9rer plaque et puce. Le ciel s&rsquo;\u00e9claircit mais j&#8217;emporte quand m\u00eame l&rsquo;imperm\u00e9able, au cas o\u00f9. Sur la ligne les habitu\u00e9s sont l\u00e0 : Nicolas Roux, Fr\u00e9d\u00e9ric Ostian, Nicolas Ougier, Jean-Francis Pessey, David Polveroni, C\u00e9dric Paluello (leader du Challenge Cyclo&rsquo;Tour)&#8230; Plus quelques invit\u00e9s surprise comme Axel Domont (professionnel chez AG2R) ou Christian Charri\u00e8re, r\u00e9cent vainqueur du Granfondo les Deux-Alpes.<\/p>\n<p align=\"justify\"><img loading=\"lazy\" decoding=\"async\" src=\"http:\/\/www.rodolphe-passions.fr\/wordpress\/wp-content\/uploads\/2013\/09\/cimes_du_lac_annecy_1.jpg\" alt=\"Cimes du lac d&#039;Annecy\" width=\"400\" height=\"268\" class=\"alignright size-full wp-image-1775\" srcset=\"https:\/\/www.rodolphe-passions.fr\/wordpress\/wp-content\/uploads\/2013\/09\/cimes_du_lac_annecy_1.jpg 400w, https:\/\/www.rodolphe-passions.fr\/wordpress\/wp-content\/uploads\/2013\/09\/cimes_du_lac_annecy_1-300x201.jpg 300w\" sizes=\"(max-width: 400px) 100vw, 400px\" \/>Le d\u00e9part sous un soleil d&rsquo;automne est donn\u00e9 en c\u00f4te, direction le <strong>col de Leschaux<\/strong> et personne ne prend l&rsquo;initiative, profitant du panorama. Certains essaient d&rsquo;anticiper l&rsquo;ascension vers le Semnoz, mais les gros bras restent blottis dans le peloton principal&#8230; J&rsquo;en fais de m\u00eame sans quitter les premi\u00e8res positions. A Leschaux l&rsquo;allure s&rsquo;acc\u00e9l\u00e8re \u00e0 peine lorsque C\u00e9dric plante une premi\u00e8re banderille, imm\u00e9diatement suivi par Fr\u00e9d\u00e9ric. J&rsquo;y vais aussi, mais le regroupement s&rsquo;op\u00e8re dans la foul\u00e9e.<\/p>\n<p align=\"justify\">Florian Hudry tente alors sa chance dans les premiers lacets du <strong>Cr\u00eat de Ch\u00e2tillon<\/strong>. Ce qui reste du peloton \u00e9clate \u00e0 nouveau mais les \u00e9carts sont faibles ; nous voil\u00e0 une bonne vingtaine en t\u00eate. Un peu \u00e9tonn\u00e9 de la passivit\u00e9 des favoris je me recale dans les roues, avant les cinq derniers kilom\u00e8tres du col, les plus difficiles. Toujours rien, mais C\u00e9dric puis Axel forcent l&rsquo;allure en vue du sommet : \u00e7a devient s\u00e9rieux, nous ne sommes plus qu&rsquo;une douzaine au ravitaillement. Je tarde \u00e0 refermer le coupe-vent lorsque Nicolas R. bascule en t\u00eate, avec la ferme intention de \u00ab\u00a0faire\u00a0\u00bb la descente. Mal plac\u00e9 en queue de groupe je peine \u00e0 chaque relance et vois s&rsquo;\u00e9loigner petit \u00e0 petit les tous meilleurs, malgr\u00e9 une vitesse flirtant avec les 85 km\/h.<\/p>\n<p align=\"justify\">A Quintal le mal est fait, mais on roule tr\u00e8s fort avec Christian et R\u00e9mi Bizzozzero pour reprendre Louis-Paul Niemerich et Jean-Francis Pessey, intercal\u00e9s devant nous. Nous avons les quatre hommes de t\u00eate en point de mire, et le Suisse place un contre assassin que je ne peux suivre. Avec R\u00e9mi ils parviennent \u00e0 rentrer ; nous voil\u00e0 trois contre six :(. Nous grappillons des secondes au prix d&rsquo;un gros effort, et on y croit en les voyant se relever pour ravitailler. Mais ils finissent par mettre en route et le rapport de force s&rsquo;inverse : notre chance est pass\u00e9e. La cadence diminue pour attendre le groupe de derri\u00e8re, je me ravitaille et j&rsquo;ai la surprise de voir David et Nicolas O. revenir, pi\u00e9g\u00e9s eux aussi dans la descente.<\/p>\n<p align=\"justify\"><img loading=\"lazy\" decoding=\"async\" src=\"http:\/\/www.rodolphe-passions.fr\/wordpress\/wp-content\/uploads\/2013\/09\/cimes_du_lac_annecy_2.jpg\" alt=\"Cimes du lac d&#039;Annecy\" width=\"400\" height=\"268\" class=\"alignleft size-full wp-image-1777\" srcset=\"https:\/\/www.rodolphe-passions.fr\/wordpress\/wp-content\/uploads\/2013\/09\/cimes_du_lac_annecy_2.jpg 400w, https:\/\/www.rodolphe-passions.fr\/wordpress\/wp-content\/uploads\/2013\/09\/cimes_du_lac_annecy_2-300x201.jpg 300w\" sizes=\"(max-width: 400px) 100vw, 400px\" \/>Nous voil\u00e0 une bonne douzaine en chasse au pied du <strong>col du Plainpalais<\/strong>, \u00e0 d\u00e9j\u00e0 trois minutes de la t\u00eate. La brume refait son apparition et le vent est d\u00e9favorable dans la derni\u00e8re partie du col, o\u00f9 les deux membres du Team Scott m\u00e8ne un bon train. Certains ont du mal \u00e0 l&rsquo;arri\u00e8re, dont David (pas au mieux ce matin). Une petite cassure se forme au sommet et je dois m&rsquo;arracher pour la combler apr\u00e8s plus de deux heures de course. Les mont\u00e9es\/descentes s&rsquo;encha\u00eenent dans les Bauges et nous passons \u00e0 St-Jean-d&rsquo;Arvey, annon\u00e7ant le difficile et d\u00e9cisif <strong>col des Pr\u00e9s<\/strong>.<\/p>\n<p align=\"justify\">Comme en 2011 Jean-Francis place une grosse attaque d\u00e8s le pied : David, Louis-Paul et Nicolas c\u00e8dent imm\u00e9diatement. Je me fais violence et m&rsquo;accroche au train en marche : Florian relaie fort et je fais partie du quatuor \u00e0 Thoiry, bien content d&rsquo;\u00eatre encore l\u00e0 dans le replat. Les trois derniers kilom\u00e8tres du col sont plus raides : \u00e0 330\/340 watts mon autonomie est r\u00e9duite apr\u00e8s 2h30 de course ; logiquement je c\u00e8de \u00e0 quelques lacets du sommet. Il y a une trentaine de secondes d&rsquo;\u00e9cart l\u00e0-haut, mais je sais que je ne reviendrai pas seul : attendre du renfort ou finir les 45 derniers kilom\u00e8tres seul, telle est la question&#8230;<\/p>\n<p align=\"justify\">Quelques lacets plus bas je n&rsquo;aper\u00e7ois personne hormis les concurrents du petit parcours ; le terrain est escarp\u00e9 et pas forc\u00e9ment d\u00e9favorable \u00e0 un homme isol\u00e9, je d\u00e9cide de tenter le coup pour assurer le top 10. Apr\u00e8s une courte descente les remont\u00e9es et virages s&rsquo;enchainent. J&rsquo;essaie de garder le gros plateau le plus souvent possible, g\u00e9rant cette derni\u00e8re heure de course comme un long contre-la-montre, en restant dans ma zone i3 (240-290 watts) quel que soit le terrain. Les kilom\u00e8tres d\u00e9filent jusqu&rsquo;au ravitaillement du Ch\u00e2telard ; encore un passage au <strong>col de Leschaux<\/strong>, puis une longue descente m\u00e8ne jusqu&rsquo;\u00e0 la c\u00f4te finale. Il ne pleuvra plus d&rsquo;ici l&rsquo;arriv\u00e9e ; je laisse la Goretex \u00e0 Katy (venue accompagner Nicolas), qui m&rsquo;annonce 3&rsquo;30\u00a0\u00bb avec le trio intercal\u00e9.<\/p>\n<p align=\"justify\"><img loading=\"lazy\" decoding=\"async\" src=\"http:\/\/www.rodolphe-passions.fr\/wordpress\/wp-content\/uploads\/2013\/09\/cimes_du_lac_annecy_3.jpg\" alt=\"Cimes du lac d&#039;Annecy\" width=\"400\" height=\"267\" class=\"alignright size-full wp-image-1778\" srcset=\"https:\/\/www.rodolphe-passions.fr\/wordpress\/wp-content\/uploads\/2013\/09\/cimes_du_lac_annecy_3.jpg 400w, https:\/\/www.rodolphe-passions.fr\/wordpress\/wp-content\/uploads\/2013\/09\/cimes_du_lac_annecy_3-300x200.jpg 300w\" sizes=\"(max-width: 400px) 100vw, 400px\" \/>Boire, manger, p\u00e9daler&#8230; Sur les longues portions un peu d\u00e9couvertes je me retourne pour anticiper un \u00e9ventuel retour : toujours rien, \u00e7a sent bon en basculant \u00e0 la Chapelle-St-Maurice. Il reste une dizaine de kilom\u00e8tres descendants, le plus dur est fait mais je reste concentr\u00e9 dans la descente. St-Eustache, puis St-Jorioz sont travers\u00e9s : j&rsquo;arrive au pied de la derni\u00e8re bosse. Moins de deux kilom\u00e8tres \u00e0 tenir : je donne tout au bord des crampes, et ne serai plus rejoint jusqu&rsquo;\u00e0 la ligne, franchie en dixi\u00e8me position. Fatigu\u00e9 mais satisfait je termine \u00e0 un quart-d&rsquo;heure du vainqueur Nicolas Roux ; Louis-Paul, David et Nicolas me suivent dans cet ordre \u00e0 quelques minutes.<\/p>\n<p align=\"justify\">Pour clore ma saison cyclosportive je ram\u00e8ne un dernier podium chez les 30-39 ans, le tout sans avoir pris une seule goutte de pluie. La tartiflette d&rsquo;apr\u00e8s-course n&rsquo;en est que plus appr\u00e9ci\u00e9e, de m\u00eame que l&rsquo;ap\u00e9ritif offert par Fr\u00e9d\u00e9ric (merci encore :)) devant le final pour le moins \u00ab\u00a0humide\u00a0\u00bb des Mondiaux \u00e0 Florence. De quoi achever une tr\u00e8s belle journ\u00e9e, les jambes lourdes mais le c\u0153ur l\u00e9ger. Encore quelques grimp\u00e9es d&rsquo;ici mi-octobre et il sera temps de faire un bilan d&rsquo;une excellente saison 2013, certainement la meilleure \u00e0 ce jour.<\/p>\n<p align=\"justify\">R\u00e9sultat(s) : <a href=\"http:\/\/www.challengecyclotour.com\/objets\/2013\/Classement%20CLA\/cla_classement_scratch_GP.pdf\">Cimes du lac d&rsquo;Annecy<\/a><\/p>\n<p><center><iframe height='405' width='590' frameborder='0' allowtransparency='true' scrolling='no' src='http:\/\/app.strava.com\/activities\/85819593\/embed\/079fa78df70de7f85a470dedb1b7337e080efec1'><\/iframe><\/center><\/p>\n","protected":false},"excerpt":{"rendered":"<p>Malgr\u00e9 les pr\u00e9visions m\u00e9t\u00e9o alarmistes, je me pr\u00e9sente sur les bords du lac d&rsquo;Annecy pour la derni\u00e8re cyclosportive de la saison. Et bien m&rsquo;en a pris, car les premiers rayons du soleil pointent au moment de r\u00e9cup\u00e9rer plaque et puce. &hellip; <a href=\"https:\/\/www.rodolphe-passions.fr\/wordpress\/2013\/09\/cimes-du-lac-dannecy-3\/\">Continuer la lecture <span class=\"meta-nav\">&rarr;<\/span><\/a><\/p>\n","protected":false},"author":1,"featured_media":0,"comment_status":"open","ping_status":"open","sticky":false,"template":"","format":"standard","meta":{"jetpack_post_was_ever_published":false,"_jetpack_newsletter_access":"","_jetpack_dont_email_post_to_subs":false,"_jetpack_newsletter_tier_id":0,"_jetpack_memberships_contains_paywalled_content":false,"_jetpack_memberships_contains_paid_content":false,"footnotes":"","jetpack_publicize_message":"","jetpack_publicize_feature_enabled":true,"jetpack_social_post_already_shared":true,"jetpack_social_options":{"image_generator_settings":{"template":"highway","enabled":false},"version":2}},"categories":[4],"tags":[],"class_list":["post-1773","post","type-post","status-publish","format-standard","hentry","category-cyclosportives"],"jetpack_publicize_connections":[],"jetpack_featured_media_url":"","jetpack_shortlink":"https:\/\/wp.me\/p12zYw-sB","jetpack_sharing_enabled":true,"jetpack_likes_enabled":true,"_links":{"self":[{"href":"https:\/\/www.rodolphe-passions.fr\/wordpress\/wp-json\/wp\/v2\/posts\/1773"}],"collection":[{"href":"https:\/\/www.rodolphe-passions.fr\/wordpress\/wp-json\/wp\/v2\/posts"}],"about":[{"href":"https:\/\/www.rodolphe-passions.fr\/wordpress\/wp-json\/wp\/v2\/types\/post"}],"author":[{"embeddable":true,"href":"https:\/\/www.rodolphe-passions.fr\/wordpress\/wp-json\/wp\/v2\/users\/1"}],"replies":[{"embeddable":true,"href":"https:\/\/www.rodolphe-passions.fr\/wordpress\/wp-json\/wp\/v2\/comments?post=1773"}],"version-history":[{"count":20,"href":"https:\/\/www.rodolphe-passions.fr\/wordpress\/wp-json\/wp\/v2\/posts\/1773\/revisions"}],"predecessor-version":[{"id":2087,"href":"https:\/\/www.rodolphe-passions.fr\/wordpress\/wp-json\/wp\/v2\/posts\/1773\/revisions\/2087"}],"wp:attachment":[{"href":"https:\/\/www.rodolphe-passions.fr\/wordpress\/wp-json\/wp\/v2\/media?parent=1773"}],"wp:term":[{"taxonomy":"category","embeddable":true,"href":"https:\/\/www.rodolphe-passions.fr\/wordpress\/wp-json\/wp\/v2\/categories?post=1773"},{"taxonomy":"post_tag","embeddable":true,"href":"https:\/\/www.rodolphe-passions.fr\/wordpress\/wp-json\/wp\/v2\/tags?post=1773"}],"curies":[{"name":"wp","href":"https:\/\/api.w.org\/{rel}","templated":true}]}}