{"id":1818,"date":"2013-12-25T10:02:58","date_gmt":"2013-12-25T09:02:58","guid":{"rendered":"http:\/\/www.rodolphe-passions.info\/wordpress\/?p=1818"},"modified":"2013-12-25T10:14:50","modified_gmt":"2013-12-25T09:14:50","slug":"bilan-2013","status":"publish","type":"post","link":"https:\/\/www.rodolphe-passions.fr\/wordpress\/2013\/12\/bilan-2013\/","title":{"rendered":"Bilan 2013"},"content":{"rendered":"<p align=\"justify\">Les derniers jours de l&rsquo;ann\u00e9e s&rsquo;\u00e9coulent paisiblement en famille ; j&rsquo;en profite pour faire un bilan de cette riche saison 2013. Apr\u00e8s une saison 2012 en partie tronqu\u00e9e, l&rsquo;objectif \u00e9tait de repartir sur les m\u00eames bases, en voyant jusqu&rsquo;o\u00f9 je pouvais progresser. Pas de r\u00e9volution dans la planification, avec des objectifs \u00e0 long terme pour mes d\u00e9buts en Masters : Grand Troph\u00e9e (cat\u00e9gorie 30-39 ans), qualification pour les Mondiaux UWCT \u00e0 Trento, et d\u00e9crocher enfin une victoire individuelle sur route, quelle que soit l&rsquo;\u00e9preuve.<\/p>\n<p align=\"justify\">Pour cela il y a bien s\u00fbr l&rsquo;entra\u00eenement, mais aussi quelques pistes comme la di\u00e9t\u00e9tique et la r\u00e9cup\u00e9ration : deux points que j&rsquo;ai bien travaill\u00e9s, et qui -\u00e0 mon avis- m&rsquo;ont fait le plus progresser. Apr\u00e8s un hiver long et rigoureux la comp\u00e9tition reprend \u00e0 Mont\u00e9limar, sur une pluvieuse Corima. Au sein d&rsquo;un peloton relev\u00e9 et tr\u00e8s homog\u00e8ne je craque dans le final, mais les sensations jusqu&rsquo;aux deux tiers de la course sont satisfaisantes pour une reprise. Nous retrouvons le soleil au Granfondo Cannondale \u00e0 St-Tropez, o\u00f9 je n\u00e9gocie mal un ou deux moments-cl\u00e9s de la course. Relativement loin de la t\u00eate de course \u00e0 l&rsquo;arriv\u00e9e, je me qualifie n\u00e9anmoins pour la finale UWCT \u00e0 Trento pour la fin de saison et me positionne en vue du Troph\u00e9e de Provence.<\/p>\n<p align=\"justify\">La saison se poursuit dans les Monts du Lyonnais dans des conditions m\u00e9t\u00e9o changeantes. Si froid et neige nous accompagnent une partie des 1000 Bosses, les premi\u00e8res chaleurs nous accueillent aux Trois Cols. La r\u00e9cup\u00e9ration est optimale et les grosses charges de travail s&rsquo;encha\u00eenent. Je suis proche de ma meilleure condition aux Trois Cols et apr\u00e8s une magnifique course j&rsquo;arrive dans le groupe de t\u00eate pour la victoire : malheureusement mes faibles talents de sprinter me condamnent \u00e0 la derni\u00e8re place du groupe. La saison est bien lanc\u00e9e, il ne manque plus que l&rsquo;arriv\u00e9e du printemps pour d\u00e9coller.<\/p>\n<p align=\"justify\">Des conditions une fois de plus hivernales dans le Vercors, o\u00f9 je cours en mode \u00ab\u00a0survie\u00a0\u00bb pour marquer de pr\u00e9cieux points dans le Grand Troph\u00e9e. De nouveau top 15, je remonte \u00e0 la deuxi\u00e8me place du classement avant un mois de juin d\u00e9cisif. Pas de pluie ni froid, mais une quasi-temp\u00eate s&rsquo;invite au Ventoux : la course se d\u00e9cante tr\u00e8s rapidement avec de gros \u00e9carts loin de l&rsquo;arriv\u00e9e. A mi-course je roule pour un podium scratch et termine au pied de celui-ci, mais remporte la victoire dans la cat\u00e9gorie, assortie de la place de leader dans le Grand Troph\u00e9e ! Les sensations sont excellentes, y compris le lendemain lors de la grimp\u00e9e chronom\u00e9tr\u00e9e. Apr\u00e8s une nuit r\u00e9paratrice je bats mon record dans la mont\u00e9e et prends la deuxi\u00e8me place du Troph\u00e9e de Provence, au terme d&rsquo;un week-end fabuleux.<\/p>\n<p align=\"justify\">J&rsquo;arrive sur-motiv\u00e9 dans les Vosges pour le premier objectif de la saison, sur un parcours remani\u00e9 pour les Trois Ballons. L\u00e0 encore de tr\u00e8s bonnes sensations malgr\u00e9 les premiers coups de chaud : devant mes proches je ma\u00eetrise parfaitement les sept heures de course pour un beau top 20 parmi la cohorte de Belges ou Hollandais. Les ajustements de l&rsquo;alimentation en course portent leurs fruits, et me mettent en pleine confiance pour les grosses \u00e9ch\u00e9ances de juin\/juillet. A Morzine je r\u00e9alise \u00e0 nouveau une course solide : sans \u00eatre flamboyant et apr\u00e8s un pari risqu\u00e9 dans le final je ram\u00e8ne \u00e0 nouveau un top 10.<\/p>\n<p align=\"justify\">J&rsquo;arrive \u00e0 Vaujany confiant, mais prudent car j&rsquo;ai souvent eu un gros passage \u00e0 vide dans la seconde boucle. Une fois de plus je passe la premi\u00e8re boucle du parcours avec les meilleurs, mais ne peut rien faire lorsqu&rsquo;ils d\u00e9cident de passer \u00e0 la vitesse sup\u00e9rieure. Quelques jours plus tard on remet \u00e7a \u00e0 la Marmotte, au sommet de ma forme. Au terme d&rsquo;une course parfaitement g\u00e9r\u00e9e j&rsquo;explose mon temps et classement de 2011, au point de me demander comment reproduire ou am\u00e9liorer ce r\u00e9sultat&#8230; et comme au Ventoux, je bats mon record le lendemain sur la grimp\u00e9e de l&rsquo;Alpe, preuve qu&rsquo;encha\u00eener cyclosportive et grimp\u00e9e est possible.<\/p>\n<p align=\"justify\">Surfant sur cette bonne condition physique j&rsquo;encha\u00eene avec l&rsquo;Arvan-Villards avec une course solide, malgr\u00e9 une petite lassitude mentale. Idem \u00e0 Risoul o\u00f9 malgr\u00e9 de tr\u00e8s bonnes jambes j&rsquo;en fais trop loin de l&rsquo;arriv\u00e9e, avant de craquer dans le final sur ma premi\u00e8re (et seule) hypoglyc\u00e9mie de la saison. Le mois d&rsquo;ao\u00fbt est plus l\u00e9ger en comp\u00e9titions, mais quelques jours apr\u00e8s mes 30 ans je l\u00e8ve enfin les bras sur la ligne d&rsquo;arriv\u00e9e au Ballon d&rsquo;Alsace, juste devant mon p\u00e8re. Sans doute le moment le plus fort de la saison, d&rsquo;autant que la course s&rsquo;est pass\u00e9e exactement comme pr\u00e9vue.<\/p>\n<p align=\"justify\">La pression retombe un peu au Granfondo les Deux-Alpes : plus tactique qu&rsquo;\u00e0 l&rsquo;accoutum\u00e9e, je me fais avoir dans le final par des concurrents plus frais. La premi\u00e8re place du Grand Troph\u00e9e est n\u00e9anmoins acquise ; apr\u00e8s une Alpigap satisfaisante je peux me tourner sereinement vers la fin de saison. Elle passe par l&rsquo;Italie, o\u00f9 je d\u00e9couvre un niveau de folie aux Mondiaux UWCT de Trento. La course est nerveuse mais limpide dans ma cat\u00e9gorie : \u00e7a part \u00e0 bloc d&rsquo;entr\u00e9e, pour ne se relever qu&rsquo;\u00e0 l&rsquo;arriv\u00e9e. C\u00e9dant \u00ab\u00a0au mental\u00a0\u00bb dans l&rsquo;ascension finale je rate un top 15 voire 10, mais l&rsquo;exp\u00e9rience est tr\u00e8s enrichissante.<\/p>\n<p align=\"justify\">La saison se conclut \u00e0 Annecy puis Montaud, o\u00f9 j&rsquo;ai encore suffisamment les crocs pour ramener un top 10 et mon premier top 5 en grimp\u00e9e (assorti d&rsquo;un nouveau record de puissance) malgr\u00e9 quelques erreurs tactiques. Sans r\u00e9el coup de barre et avec des classements\/temps am\u00e9lior\u00e9s \u00e0 chaque sortie ou presque, la saison 2013 place la barre tr\u00e8s haut en terme de r\u00e9sultats. L&rsquo;hiver devrait me permettre de jeter les bases de la saison prochaine, o\u00f9 je devrais diversifier ma pratique (pas de Grand Troph\u00e9e), essayer quelques petites \u00e9preuves par \u00e9tapes et me concentrer sur des \u00e9preuves o\u00f9 je peux vraiment faire un gros r\u00e9sultat avec une gestion plus fine de la r\u00e9cup\u00e9ration.<\/p>\n<p align=\"justify\">Voil\u00e0 les axes \u00e0 travailler pour 2014 : sachant qu&rsquo;en puissance brute je suis proche de mon potentiel maximal, alors que tactiquement&#8230; disons qu&rsquo;il me reste de la marge \ud83d\ude1b En attendant bonne PPG \u00e0 tous, passez de bonnes f\u00eates et rendez-vous en 2014 pour de nouvelles aventures cyclistes !<\/p>\n<p><img loading=\"lazy\" decoding=\"async\" src=\"http:\/\/www.rodolphe-passions.fr\/wordpress\/wp-content\/uploads\/2013\/12\/bilan_2013.jpg\" alt=\"Bilan 2013\" width=\"800\" height=\"534\" class=\"aligncenter size-full wp-image-1819\" srcset=\"https:\/\/www.rodolphe-passions.fr\/wordpress\/wp-content\/uploads\/2013\/12\/bilan_2013.jpg 800w, https:\/\/www.rodolphe-passions.fr\/wordpress\/wp-content\/uploads\/2013\/12\/bilan_2013-300x200.jpg 300w, https:\/\/www.rodolphe-passions.fr\/wordpress\/wp-content\/uploads\/2013\/12\/bilan_2013-449x300.jpg 449w\" sizes=\"(max-width: 800px) 100vw, 800px\" \/><\/p>\n","protected":false},"excerpt":{"rendered":"<p>Les derniers jours de l&rsquo;ann\u00e9e s&rsquo;\u00e9coulent paisiblement en famille ; j&rsquo;en profite pour faire un bilan de cette riche saison 2013. Apr\u00e8s une saison 2012 en partie tronqu\u00e9e, l&rsquo;objectif \u00e9tait de repartir sur les m\u00eames bases, en voyant jusqu&rsquo;o\u00f9 je &hellip; <a href=\"https:\/\/www.rodolphe-passions.fr\/wordpress\/2013\/12\/bilan-2013\/\">Continuer la lecture <span class=\"meta-nav\">&rarr;<\/span><\/a><\/p>\n","protected":false},"author":1,"featured_media":0,"comment_status":"open","ping_status":"open","sticky":false,"template":"","format":"standard","meta":{"jetpack_post_was_ever_published":false,"_jetpack_newsletter_access":"","_jetpack_dont_email_post_to_subs":false,"_jetpack_newsletter_tier_id":0,"_jetpack_memberships_contains_paywalled_content":false,"_jetpack_memberships_contains_paid_content":false,"footnotes":"","jetpack_publicize_message":"","jetpack_publicize_feature_enabled":true,"jetpack_social_post_already_shared":true,"jetpack_social_options":{"image_generator_settings":{"template":"highway","enabled":false},"version":2}},"categories":[9],"tags":[],"class_list":["post-1818","post","type-post","status-publish","format-standard","hentry","category-divers"],"jetpack_publicize_connections":[],"jetpack_featured_media_url":"","jetpack_shortlink":"https:\/\/wp.me\/p12zYw-tk","jetpack_sharing_enabled":true,"jetpack_likes_enabled":true,"_links":{"self":[{"href":"https:\/\/www.rodolphe-passions.fr\/wordpress\/wp-json\/wp\/v2\/posts\/1818"}],"collection":[{"href":"https:\/\/www.rodolphe-passions.fr\/wordpress\/wp-json\/wp\/v2\/posts"}],"about":[{"href":"https:\/\/www.rodolphe-passions.fr\/wordpress\/wp-json\/wp\/v2\/types\/post"}],"author":[{"embeddable":true,"href":"https:\/\/www.rodolphe-passions.fr\/wordpress\/wp-json\/wp\/v2\/users\/1"}],"replies":[{"embeddable":true,"href":"https:\/\/www.rodolphe-passions.fr\/wordpress\/wp-json\/wp\/v2\/comments?post=1818"}],"version-history":[{"count":5,"href":"https:\/\/www.rodolphe-passions.fr\/wordpress\/wp-json\/wp\/v2\/posts\/1818\/revisions"}],"predecessor-version":[{"id":1824,"href":"https:\/\/www.rodolphe-passions.fr\/wordpress\/wp-json\/wp\/v2\/posts\/1818\/revisions\/1824"}],"wp:attachment":[{"href":"https:\/\/www.rodolphe-passions.fr\/wordpress\/wp-json\/wp\/v2\/media?parent=1818"}],"wp:term":[{"taxonomy":"category","embeddable":true,"href":"https:\/\/www.rodolphe-passions.fr\/wordpress\/wp-json\/wp\/v2\/categories?post=1818"},{"taxonomy":"post_tag","embeddable":true,"href":"https:\/\/www.rodolphe-passions.fr\/wordpress\/wp-json\/wp\/v2\/tags?post=1818"}],"curies":[{"name":"wp","href":"https:\/\/api.w.org\/{rel}","templated":true}]}}