{"id":1851,"date":"2014-05-04T20:00:17","date_gmt":"2014-05-04T19:00:17","guid":{"rendered":"http:\/\/www.rodolphe-passions.info\/wordpress\/?p=1851"},"modified":"2014-06-03T07:38:42","modified_gmt":"2014-06-03T06:38:42","slug":"bourgogne-cyclo","status":"publish","type":"post","link":"https:\/\/www.rodolphe-passions.fr\/wordpress\/2014\/05\/bourgogne-cyclo\/","title":{"rendered":"Bourgogne Cyclo"},"content":{"rendered":"<p align=\"justify\">Suite de la saison ce dimanche \u00e0 Cr\u00eaches-sur-Sa\u00f4ne, sur une \u00e9preuve nouvellement int\u00e9gr\u00e9e au Grand Troph\u00e9e : la Bourgogne Cyclo. Succ\u00e9dant \u00e0 l&rsquo;ancienne Bourguignonne, celle-ci offre un parcours tr\u00e8s tournant et accident\u00e9 au c\u0153ur des vignobles du Beaujolais et M\u00e2connais. Pas vraiment ce qui me correspond le mieux, mais il faut en passer par l\u00e0 pour retrouver le rythme de la comp\u00e9tition. Avec un fort vent du nord l&rsquo;atmosph\u00e8re est fra\u00eeche voire froide malgr\u00e9 un grand soleil au d\u00e9part, o\u00f9 je retrouve les cyclosportifs habituels : Fr\u00e9d\u00e9ric, Jean-Luc, S\u00e9bastien, Nicolas, Lo\u00efc, Kenny&#8230; ainsi que quelques coureurs \u00e9lites voire professionnels venus aligner les kilom\u00e8tres.<\/p>\n<p align=\"justify\"><img loading=\"lazy\" decoding=\"async\" src=\"http:\/\/www.rodolphe-passions.fr\/wordpress\/wp-content\/uploads\/2014\/05\/bourgogne_cyclo_1.jpg\" alt=\"Bourgogne Cyclo\" width=\"400\" height=\"300\" class=\"alignleft size-full wp-image-1854\" srcset=\"https:\/\/www.rodolphe-passions.fr\/wordpress\/wp-content\/uploads\/2014\/05\/bourgogne_cyclo_1.jpg 400w, https:\/\/www.rodolphe-passions.fr\/wordpress\/wp-content\/uploads\/2014\/05\/bourgogne_cyclo_1-300x225.jpg 300w\" sizes=\"(max-width: 400px) 100vw, 400px\" \/>De quoi vite se r\u00e9chauffer : malgr\u00e9 le vent de face les offensives sont nombreuses d\u00e8s le d\u00e9part, offrant peu de r\u00e9pit \u00e0 la fois dans les mont\u00e9es et les descentes. Le paysage d\u00e9file \u00e0 toute allure, on traverse de nombreux petits villages et je reste cal\u00e9 devant pour \u00e9viter toute mauvaise surprise. Avec le froid les jambes sont dures en d\u00e9but de course ; mais apr\u00e8s une heure \u00e7a se d\u00e9bloque un petit peu, lorsque certains commencent \u00e0 se d\u00e9couvrir. Au gr\u00e9 des difficult\u00e9s l&rsquo;\u00e9cr\u00e9mage du peloton se fait progressivement par l&rsquo;arri\u00e8re.<\/p>\n<p align=\"justify\">Les cols de la <strong>Croix-Montmain<\/strong> (6.4 km @ 3 %) puis des <strong>Quatre-Vents<\/strong> (3.8 km @ 5 %) permettent de d\u00e9gager une trentaine d&rsquo;hommes en t\u00eate ; c&rsquo;est difficile et le d\u00e9railleur avant est souvent mis \u00e0 contribution. Un court moment de r\u00e9pit permet de se ravitailler, et \u00e7a continue d&rsquo;attaquer sans que personne n&rsquo;arrive \u00e0 faire la diff\u00e9rence. On approche ainsi de la mi-course : pour l&rsquo;instant je tiens bon devant, mais je sens que \u00e7a ne va pas durer apr\u00e8s deux bonnes heures de course. Et je finis par coincer, dans une c\u00f4te anodine apr\u00e8s le <strong>col des Ch\u00e8vres<\/strong> (2 km @ 8 %). A la suite d&rsquo;une \u00e9ni\u00e8me relance mal n\u00e9goci\u00e9e je rentre \u00e0 bloc sur un bout de descente, juste avant un talus o\u00f9 les gros bras passent \u00e0 l&rsquo;action.<\/p>\n<p align=\"justify\">R\u00e9agissant trop tard je prends une cassure juste derri\u00e8re Kenny, qui attrape le groupe de chasse juste devant. Pas moi qui bascule avec Nicolas dans une portion tr\u00e8s roulante : \u00e0 deux contre une dizaine de costauds impossible de faire la jonction. On attend le groupe qui revient de l&rsquo;arri\u00e8re ; nous voil\u00e0 une petite dizaine, tandis qu&rsquo;une quinzaine d&rsquo;hommes se regroupent devant. Avec moi je reconnais Ga\u00ebl, solide coureur suisse vainqueur du Grand Troph\u00e9e dans sa cat\u00e9gorie l&rsquo;an pass\u00e9. Il prend les relais les plus appuy\u00e9s dans le groupe, o\u00f9 chacun assure sa part de travail avec les moyens du bord.<\/p>\n<p align=\"justify\">Le cap des 100 km est bient\u00f4t franchi : le vent est plut\u00f4t favorable \u00e0 pr\u00e9sent, m\u00eame si nous l&rsquo;avons parfois de face ou c\u00f4t\u00e9 au gr\u00e9 des changements de direction sur le parcours. Les organisateurs nous font visiter toutes les c\u00f4tes du coin, o\u00f9 certains affichent leurs limites. Heureusement personne ne songe \u00e0 attaquer si loin de l&rsquo;arriv\u00e9e, pr\u00e9servant la bonne entente et l&rsquo;unit\u00e9 du groupe. Je ne suis moi-m\u00eame pas au mieux, et je tourne un maximum les jambes pour \u00e9conomiser la musculature. Le <strong>col de la Pistole<\/strong> (4.2 km @ 5 %) se monte au train ; Ga\u00ebl prend quelques longueurs mais nous attend une fois le sommet franchi.<\/p>\n<p align=\"justify\">Au ravitaillement de St-Pierre-de-Langues une trentaine de kilom\u00e8tres restent \u00e0 couvrir ; ayant peu bu depuis le d\u00e9part je ne m&rsquo;affole pas, le bidon restant devrait suffire. Les relais de certains sont un peu moins appuy\u00e9s, quand d&rsquo;autres passent un peu plus souvent vent dans le dos : \u00e7a compense&#8230; Un spectateur nous annonce seize coureurs qui nous pr\u00e9c\u00e8dent : avec plusieurs minutes d&rsquo;\u00e9cart devant et derri\u00e8re, les positions devraient se figer jusqu&rsquo;\u00e0 l&rsquo;arriv\u00e9e.<\/p>\n<p align=\"justify\">Pas grand chose \u00e0 signaler dans les derni\u00e8res bosses du parcours, qui finissent par \u00e9liminer deux d&rsquo;entre nous \u00e0 l&rsquo;approche des dix derniers kilom\u00e8tres. Je reste attentif aux attaques \u00e9ventuelles, finalement chacun attend la flamme rouge pour tenter sa chance&#8230; Contrairement au Raid du Bugey une semaine plus t\u00f4t tout le monde est entam\u00e9, et les attaques gu\u00e8re tranchantes. Un peu \u00e0 bout je me fais surprendre et rate le top 20 apr\u00e8s un sprint entre gentlemen : 21\u00b0 scratch et 5\u00b0 de la cat\u00e9gorie. Pas grand chose \u00e0 me reprocher ; d\u00e9j\u00e0 limite dans le groupe j&rsquo;aurais probablement saut\u00e9 de celui qui nous pr\u00e9c\u00e8de, et duquel s&rsquo;est extrait le trio pour la victoire (un Italien, un Russe et l&rsquo;in\u00e9vitable David De Vecchi).<\/p>\n<p align=\"justify\">Apr\u00e8s les quatre heures de samedi dernier, un nouveau cap est franchi aujourd&rsquo;hui avec cinq heures de course&#8230; Mais que ce fut difficile sur une \u00e9preuve qui n&rsquo;a rien \u00e0 envier \u00e0 ses voisines d&rsquo;avril\/mai (plus de d\u00e9nivel\u00e9 positif qu&rsquo;aux Trois Cols ou \u00e0 St-Tropez). Rendez-vous \u00e0 la Loz\u00e9rienne d\u00e8s le week-end prochain, sur un parcours relativement court (135 km) que je d\u00e9couvrirai totalement.<\/p>\n<p align=\"justify\">R\u00e9sultat(s) : <a href=\"http:\/\/www.sportcommunication.info\/web2010\/resultat.php?annee=2014&#038;parcours=85&#038;cat=100&#038;langue=1\">Bourgogne Cyclo Master<\/a><\/p>\n<p><center><iframe height='405' width='590' frameborder='0' allowtransparency='true' scrolling='no' src='http:\/\/app.strava.com\/activities\/137311916\/embed\/9700248e384a3a0e32472ca972d7e5ad6882de19'><\/iframe><\/center><\/p>\n","protected":false},"excerpt":{"rendered":"<p>Suite de la saison ce dimanche \u00e0 Cr\u00eaches-sur-Sa\u00f4ne, sur une \u00e9preuve nouvellement int\u00e9gr\u00e9e au Grand Troph\u00e9e : la Bourgogne Cyclo. Succ\u00e9dant \u00e0 l&rsquo;ancienne Bourguignonne, celle-ci offre un parcours tr\u00e8s tournant et accident\u00e9 au c\u0153ur des vignobles du Beaujolais et M\u00e2connais. &hellip; <a href=\"https:\/\/www.rodolphe-passions.fr\/wordpress\/2014\/05\/bourgogne-cyclo\/\">Continuer la lecture <span class=\"meta-nav\">&rarr;<\/span><\/a><\/p>\n","protected":false},"author":1,"featured_media":0,"comment_status":"open","ping_status":"open","sticky":false,"template":"","format":"standard","meta":{"jetpack_post_was_ever_published":false,"_jetpack_newsletter_access":"","_jetpack_dont_email_post_to_subs":false,"_jetpack_newsletter_tier_id":0,"_jetpack_memberships_contains_paywalled_content":false,"_jetpack_memberships_contains_paid_content":false,"footnotes":"","jetpack_publicize_message":"","jetpack_publicize_feature_enabled":true,"jetpack_social_post_already_shared":true,"jetpack_social_options":{"image_generator_settings":{"template":"highway","enabled":false},"version":2}},"categories":[4],"tags":[],"class_list":["post-1851","post","type-post","status-publish","format-standard","hentry","category-cyclosportives"],"jetpack_publicize_connections":[],"jetpack_featured_media_url":"","jetpack_shortlink":"https:\/\/wp.me\/p12zYw-tR","jetpack_sharing_enabled":true,"jetpack_likes_enabled":true,"_links":{"self":[{"href":"https:\/\/www.rodolphe-passions.fr\/wordpress\/wp-json\/wp\/v2\/posts\/1851"}],"collection":[{"href":"https:\/\/www.rodolphe-passions.fr\/wordpress\/wp-json\/wp\/v2\/posts"}],"about":[{"href":"https:\/\/www.rodolphe-passions.fr\/wordpress\/wp-json\/wp\/v2\/types\/post"}],"author":[{"embeddable":true,"href":"https:\/\/www.rodolphe-passions.fr\/wordpress\/wp-json\/wp\/v2\/users\/1"}],"replies":[{"embeddable":true,"href":"https:\/\/www.rodolphe-passions.fr\/wordpress\/wp-json\/wp\/v2\/comments?post=1851"}],"version-history":[{"count":9,"href":"https:\/\/www.rodolphe-passions.fr\/wordpress\/wp-json\/wp\/v2\/posts\/1851\/revisions"}],"predecessor-version":[{"id":1952,"href":"https:\/\/www.rodolphe-passions.fr\/wordpress\/wp-json\/wp\/v2\/posts\/1851\/revisions\/1952"}],"wp:attachment":[{"href":"https:\/\/www.rodolphe-passions.fr\/wordpress\/wp-json\/wp\/v2\/media?parent=1851"}],"wp:term":[{"taxonomy":"category","embeddable":true,"href":"https:\/\/www.rodolphe-passions.fr\/wordpress\/wp-json\/wp\/v2\/categories?post=1851"},{"taxonomy":"post_tag","embeddable":true,"href":"https:\/\/www.rodolphe-passions.fr\/wordpress\/wp-json\/wp\/v2\/tags?post=1851"}],"curies":[{"name":"wp","href":"https:\/\/api.w.org\/{rel}","templated":true}]}}