{"id":2041,"date":"2014-07-12T20:00:18","date_gmt":"2014-07-12T19:00:18","guid":{"rendered":"http:\/\/www.rodolphe-passions.info\/wordpress\/?p=2041"},"modified":"2014-07-16T14:14:17","modified_gmt":"2014-07-16T13:14:17","slug":"arvan-villards-1","status":"publish","type":"post","link":"https:\/\/www.rodolphe-passions.fr\/wordpress\/2014\/07\/arvan-villards-1\/","title":{"rendered":"Arvan-Villards #1"},"content":{"rendered":"<p align=\"justify\">La m\u00e9t\u00e9o n&rsquo;est gu\u00e8re engageante en ce d\u00e9but de week-end du 14 juillet, malgr\u00e9 tout nous nous dirigeons avec S\u00e9bastien vers Hermillon, d\u00e9part de la premi\u00e8re \u00e9tape de l&rsquo;Arvan-Villards. S\u00e9duit par le concept de trois \u00e9tapes mauriennaises (deux grimp\u00e9es chronom\u00e9tr\u00e9es + cyclosportive) avec classement g\u00e9n\u00e9ral au temps, je suis tr\u00e8s motiv\u00e9 sur la ligne de d\u00e9part pour cet objectif de la saison. Une pluie fine accompagne le petit peloton pendant les quelques kilom\u00e8tres neutralis\u00e9s par LVO, le temps d&rsquo;arriver \u00e0 la premi\u00e8re difficult\u00e9 du jour, le <strong>col du Chaussy<\/strong> (14 km @ 7.4 %).<\/p>\n<p align=\"justify\"><img loading=\"lazy\" decoding=\"async\" src=\"http:\/\/www.rodolphe-passions.fr\/wordpress\/wp-content\/uploads\/2014\/07\/arvan_villards_11.jpg\" alt=\"Arvan-Villards\" width=\"267\" height=\"400\" class=\"alignleft size-full wp-image-2065\" srcset=\"https:\/\/www.rodolphe-passions.fr\/wordpress\/wp-content\/uploads\/2014\/07\/arvan_villards_11.jpg 267w, https:\/\/www.rodolphe-passions.fr\/wordpress\/wp-content\/uploads\/2014\/07\/arvan_villards_11-200x300.jpg 200w\" sizes=\"(max-width: 267px) 100vw, 267px\" \/>D\u00e8s le coup de sir\u00e8ne C\u00e9dric Paluello engage le combat, suivi de pr\u00e8s par St\u00e9phane Cognet et Yoann Sert. \u00c7a monte vite, tr\u00e8s vite et je suis le dernier \u00e0 d\u00e9crocher du trio de t\u00eate, tandis que la pluie s&rsquo;intensifie. Au moins l&rsquo;allure nous permet de garder le moteur au chaud. Brice, Kenny, Thibault Menut et David Varnier m&rsquo;accompagnent dans le petit groupe de chasse, o\u00f9 chacun semble \u00e0 la limite&#8230; Devant Yoann enfonce le clou ; dans le brouillard nous perdons d\u00e9finitivement le contact avec la t\u00eate, qui bascule avec 3&prime; d&rsquo;avance au sommet. J&rsquo;y prends quelques longueurs sans r\u00e9ellement le vouloir, histoire de fermer l&rsquo;imperm\u00e9able.<\/p>\n<p align=\"justify\">\u00c9troite, d\u00e9tremp\u00e9e et parfois boueuse la descente est particuli\u00e8rement p\u00e9nible et rendue interminable par le froid et l&rsquo;humidit\u00e9. David d\u00e9croche : nous voil\u00e0 quatre en chasse avant de reprendre la route du <strong>col de la Madeleine<\/strong> (15 km @ 7.8 %). Frigorifi\u00e9 Brice acc\u00e9l\u00e8re imm\u00e9diatement pour se r\u00e9chauffer, Kenny suit avec un temps de retard tandis que je m&rsquo;alimente devant Thibault. Nous sommes alors point\u00e9s \u00e0 5&rsquo;40\u00a0\u00bb de la t\u00eate : au fil des minutes les articulations se r\u00e9chauffent, et les jambes r\u00e9pondent \u00e0 nouveau. Je reviens sur Kenny et on fait la jonction avec Brice, l\u00e2chant Thibault. Nous roulons ainsi \u00e0 trois jusqu&rsquo;\u00e0 St-Fran\u00e7ois-Longchamp, sous le d\u00e9luge et dans le brouillard&#8230; Des conditions tr\u00e8s diff\u00e9rentes de mon dernier (et douloureux) passage en ces lieux, cinq ans plus t\u00f4t.<\/p>\n<p align=\"justify\"><img loading=\"lazy\" decoding=\"async\" src=\"http:\/\/www.rodolphe-passions.fr\/wordpress\/wp-content\/uploads\/2014\/07\/arvan_villards_3.jpg\" alt=\"Arvan-Villards\" width=\"267\" height=\"400\" class=\"alignright size-full wp-image-2046\" srcset=\"https:\/\/www.rodolphe-passions.fr\/wordpress\/wp-content\/uploads\/2014\/07\/arvan_villards_3.jpg 267w, https:\/\/www.rodolphe-passions.fr\/wordpress\/wp-content\/uploads\/2014\/07\/arvan_villards_3-200x300.jpg 200w\" sizes=\"(max-width: 267px) 100vw, 267px\" \/>Les sensations sont bien meilleures, et Brice finit par craquer au train alors que l&rsquo;allure ne faiblit plus. Les derniers kilom\u00e8tres d\u00e9filent au train avec Kenny : on g\u00e8re chacun notre ascension au capteur de puissance, du coup la vitesse reste r\u00e9guli\u00e8re. A la flamme rouge nous apercevons St\u00e9phane, coll\u00e9 au bitume par des douleurs lombaires : sans se poser de questions on fait le forcing pour le rejoindre puis le d\u00e9passer \u00e0 quelques hectom\u00e8tres de la ligne. La derni\u00e8re marche du podium se dispute au sprint : un peu court je prends la quatri\u00e8me place et c\u00e8de quelques secondes \u00e0 Kenny, qui sera mon principal rival sur ce long week-end mauriennais.<\/p>\n<p align=\"justify\">Je remporte ainsi ma cat\u00e9gorie, et suis tr\u00e8s rassur\u00e9 sur mes sensations apr\u00e8s une semaine tronqu\u00e9e c\u00f4t\u00e9 v\u00e9lo ; dans des conditions que je d\u00e9teste. Le long retour sur Hermillon se fait chaudement habill\u00e9 mais sous le d\u00e9luge ; il est temps de laver le v\u00e9lo, manger et r\u00e9cup\u00e9rer pour le lendemain&#8230; Un autre gros morceau avec T\u00e9l\u00e9graphe et Galibier au programme.<\/p>\n<p align=\"justify\">R\u00e9sultat(s) : <a href=http:\/\/www.challengecyclotour.com\/objets\/2014\/TAV-clt-samedi12juillet.pdf>Arvan-Villards #1<\/a><\/p>\n<p><center><iframe height='405' width='590' frameborder='0' allowtransparency='true' scrolling='no' src='http:\/\/app.strava.com\/activities\/165048834\/embed\/6457469d79bc53b9975c5fe8532f732830fffbc0'><\/iframe><\/center><\/p>\n","protected":false},"excerpt":{"rendered":"<p>La m\u00e9t\u00e9o n&rsquo;est gu\u00e8re engageante en ce d\u00e9but de week-end du 14 juillet, malgr\u00e9 tout nous nous dirigeons avec S\u00e9bastien vers Hermillon, d\u00e9part de la premi\u00e8re \u00e9tape de l&rsquo;Arvan-Villards. S\u00e9duit par le concept de trois \u00e9tapes mauriennaises (deux grimp\u00e9es chronom\u00e9tr\u00e9es &hellip; <a href=\"https:\/\/www.rodolphe-passions.fr\/wordpress\/2014\/07\/arvan-villards-1\/\">Continuer la lecture <span class=\"meta-nav\">&rarr;<\/span><\/a><\/p>\n","protected":false},"author":1,"featured_media":0,"comment_status":"open","ping_status":"open","sticky":false,"template":"","format":"standard","meta":{"jetpack_post_was_ever_published":false,"_jetpack_newsletter_access":"","_jetpack_dont_email_post_to_subs":false,"_jetpack_newsletter_tier_id":0,"_jetpack_memberships_contains_paywalled_content":false,"_jetpack_memberships_contains_paid_content":false,"footnotes":"","jetpack_publicize_message":"","jetpack_publicize_feature_enabled":true,"jetpack_social_post_already_shared":true,"jetpack_social_options":{"image_generator_settings":{"template":"highway","enabled":false},"version":2}},"categories":[4,13],"tags":[],"class_list":["post-2041","post","type-post","status-publish","format-standard","hentry","category-cyclosportives","category-grimpees"],"jetpack_publicize_connections":[],"jetpack_featured_media_url":"","jetpack_shortlink":"https:\/\/wp.me\/p12zYw-wV","jetpack_sharing_enabled":true,"jetpack_likes_enabled":true,"_links":{"self":[{"href":"https:\/\/www.rodolphe-passions.fr\/wordpress\/wp-json\/wp\/v2\/posts\/2041"}],"collection":[{"href":"https:\/\/www.rodolphe-passions.fr\/wordpress\/wp-json\/wp\/v2\/posts"}],"about":[{"href":"https:\/\/www.rodolphe-passions.fr\/wordpress\/wp-json\/wp\/v2\/types\/post"}],"author":[{"embeddable":true,"href":"https:\/\/www.rodolphe-passions.fr\/wordpress\/wp-json\/wp\/v2\/users\/1"}],"replies":[{"embeddable":true,"href":"https:\/\/www.rodolphe-passions.fr\/wordpress\/wp-json\/wp\/v2\/comments?post=2041"}],"version-history":[{"count":11,"href":"https:\/\/www.rodolphe-passions.fr\/wordpress\/wp-json\/wp\/v2\/posts\/2041\/revisions"}],"predecessor-version":[{"id":2066,"href":"https:\/\/www.rodolphe-passions.fr\/wordpress\/wp-json\/wp\/v2\/posts\/2041\/revisions\/2066"}],"wp:attachment":[{"href":"https:\/\/www.rodolphe-passions.fr\/wordpress\/wp-json\/wp\/v2\/media?parent=2041"}],"wp:term":[{"taxonomy":"category","embeddable":true,"href":"https:\/\/www.rodolphe-passions.fr\/wordpress\/wp-json\/wp\/v2\/categories?post=2041"},{"taxonomy":"post_tag","embeddable":true,"href":"https:\/\/www.rodolphe-passions.fr\/wordpress\/wp-json\/wp\/v2\/tags?post=2041"}],"curies":[{"name":"wp","href":"https:\/\/api.w.org\/{rel}","templated":true}]}}