{"id":2051,"date":"2014-07-13T20:00:06","date_gmt":"2014-07-13T19:00:06","guid":{"rendered":"http:\/\/www.rodolphe-passions.info\/wordpress\/?p=2051"},"modified":"2014-07-16T14:14:13","modified_gmt":"2014-07-16T13:14:13","slug":"arvan-villards-2","status":"publish","type":"post","link":"https:\/\/www.rodolphe-passions.fr\/wordpress\/2014\/07\/arvan-villards-2\/","title":{"rendered":"Arvan-Villards #2"},"content":{"rendered":"<p align=\"justify\">On prend presque les m\u00eames et on recommence sur cette deuxi\u00e8me \u00e9tape de la trilogie mauriennaise, o\u00f9 le soleil d\u00e9cide enfin de se montrer. \u00c7a tombe bien, nous grimpons aujourd&rsquo;hui un g\u00e9ant des Alpes : le col du Galibier. Quelques degr\u00e9s suppl\u00e9mentaires au sommet ne seront pas superflus. Pendant le long d\u00e9part neutralis\u00e9 jusqu&rsquo;\u00e0 St-Jean-de-Maurienne je veille \u00e0 bien tourner les jambes, \u00e0 la fois curieux et excit\u00e9 de voir comment les jambes vont r\u00e9pondre d\u00e8s les premi\u00e8res pentes du T\u00e9l\u00e9graphe. Les costauds d&rsquo;hier sont l\u00e0, l&rsquo;ambiance est d\u00e9tendue juste avant d&rsquo;attaquer la premi\u00e8re difficult\u00e9 apr\u00e8s 40&prime; d&rsquo;\u00e9chauffement.<\/p>\n<p align=\"justify\"><img loading=\"lazy\" decoding=\"async\" src=\"http:\/\/www.rodolphe-passions.fr\/wordpress\/wp-content\/uploads\/2014\/07\/arvan_villards_2.jpg\" alt=\"Arvan-Villards\" width=\"267\" height=\"400\" class=\"alignleft size-full wp-image-2068\" srcset=\"https:\/\/www.rodolphe-passions.fr\/wordpress\/wp-content\/uploads\/2014\/07\/arvan_villards_2.jpg 267w, https:\/\/www.rodolphe-passions.fr\/wordpress\/wp-content\/uploads\/2014\/07\/arvan_villards_2-200x300.jpg 200w\" sizes=\"(max-width: 267px) 100vw, 267px\" \/>\u00c7a part encore plus fort qu&rsquo;hier dans le <strong>col du T\u00e9l\u00e9graphe<\/strong> (12.1 km @ 7 %), ce coup-ci je me fais violence pour tenir le rythme imprim\u00e9 par C\u00e9dric et Yoann. Connaissant un peu les lieux je sais qu&rsquo;\u00e0 350-400 W \u00e7a va bien finir par se relever un peu, nous nous retrouvons rapidement \u00e0 cinq avec C\u00e9dric, Yoann, Franck et Kenny. C\u00e9dric l\u00e2che prise un peu plus loin, tandis que Yoann acc\u00e9l\u00e8re r\u00e9guli\u00e8rement pour nous faire craquer, dans un style peu acad\u00e9mique mais efficace. Franck d\u00e9croche \u00e0 son tour et je me fais la peau pour tenir jusqu&rsquo;au sommet franchi en 37&prime; (record personnel explos\u00e9).<\/p>\n<p align=\"justify\">A peine le temps d&rsquo;avaler un gel que Yoann relance l&rsquo;allure en descendant sur Valloire, jusqu&rsquo;ici \u00e7a va mais je crains les deux\/trois c\u00f4tes \u00e0 la sortie de la ville&#8230; L\u00e0 o\u00f9 je craque en g\u00e9n\u00e9ral. Ce coup-ci je serre les dents, bien d\u00e9cid\u00e9 \u00e0 tenir au moins jusqu&rsquo;\u00e0 Plan-Lachat : mes deux comp\u00e8res se relaient pour creuser l&rsquo;\u00e9cart avec nos poursuivants. Le vent est l\u00e9g\u00e8rement favorable et la temp\u00e9rature id\u00e9ale pour monter : je passe un relais dans un replat pour montrer ma bonne volont\u00e9, avant de me recaler dans les roues dans la longue approche vers Plan-Lachat.<\/p>\n<p align=\"justify\"><img loading=\"lazy\" decoding=\"async\" src=\"http:\/\/www.rodolphe-passions.fr\/wordpress\/wp-content\/uploads\/2014\/07\/arvan_villards_31.jpg\" alt=\"Arvan-Villards\" width=\"267\" height=\"400\" class=\"alignright size-full wp-image-2069\" srcset=\"https:\/\/www.rodolphe-passions.fr\/wordpress\/wp-content\/uploads\/2014\/07\/arvan_villards_31.jpg 267w, https:\/\/www.rodolphe-passions.fr\/wordpress\/wp-content\/uploads\/2014\/07\/arvan_villards_31-200x300.jpg 200w\" sizes=\"(max-width: 267px) 100vw, 267px\" \/>La dizaine de kilom\u00e8tres ne d\u00e9file pas bien vite, mais beaucoup plus qu&rsquo;\u00e0 la Serre-Che deux semaines plus t\u00f4t avec des sensations encore \u00e9tonnamment bonnes&#8230; Malgr\u00e9 une grosse bataille dans le T\u00e9l\u00e9graphe. Derri\u00e8re Franck navigue \u00e0 1&prime; environ, C\u00e9dric et les autres sont beaucoup plus loin. D\u00e8s le premier virage apr\u00e8s Plan-Lachat Yoann fait la diff\u00e9rence et s&rsquo;envole inexorablement ; je suis le premier \u00e0 d\u00e9crocher, mais reviens petit \u00e0 petit sur Kenny pour un nouveau mano a mano. La priorit\u00e9 est de creuser l&rsquo;\u00e9cart au g\u00e9n\u00e9ral, aussi nous nous relayons pour garder une allure correcte aux Granges.<\/p>\n<p align=\"justify\">Les trois derniers kilom\u00e8tres sont toujours aussi raides ; aucun de nous ne fait la diff\u00e9rence et un sprint pour la deuxi\u00e8me place est de plus en plus probable au sommet. L&rsquo;allure s&rsquo;acc\u00e9l\u00e8re \u00e0 la flamme rouge et je m&rsquo;incline encore au sprint face au jeune Hollandais, sans lui c\u00e9der de terrain toutefois. A nouveau sur un podium scratch la performance est excellente : les \u00e9carts sont importants et je rentre dans le podium provisoire avant l&rsquo;\u00e9tape d\u00e9cisive du lundi.<\/p>\n<p align=\"justify\">Malheureusement la belle aventure s&rsquo;arr\u00eate l\u00e0, la faute \u00e0 une petite gastro (plus probablement une indigestion) pendant la nuit qui m&rsquo;a bien vid\u00e9 de mes forces. Le lendemain Kenny r\u00e9alise une performance de haute vol\u00e9e, ne s&rsquo;inclinant qu&rsquo;au sprint face au vainqueur Nicolas Ougier : il a largement m\u00e9rit\u00e9 sa victoire au classement g\u00e9n\u00e9ral, m\u00eame si j&rsquo;aurais aim\u00e9 batailler jusqu&rsquo;au bout avec lui \ud83d\ude42 <\/p>\n<p align=\"justify\">R\u00e9sultat(s) : <a href=http:\/\/www.challengecyclotour.com\/objets\/2014\/TAV-clt-galibiert.pdf>Arvan-Villards #2<\/a><\/p>\n<p><center><iframe height='405' width='590' frameborder='0' allowtransparency='true' scrolling='no' src='http:\/\/app.strava.com\/activities\/165440718\/embed\/9ecf654094bca7c012dbe67c282a540a92cb19cf'><\/iframe><\/center><\/p>\n","protected":false},"excerpt":{"rendered":"<p>On prend presque les m\u00eames et on recommence sur cette deuxi\u00e8me \u00e9tape de la trilogie mauriennaise, o\u00f9 le soleil d\u00e9cide enfin de se montrer. \u00c7a tombe bien, nous grimpons aujourd&rsquo;hui un g\u00e9ant des Alpes : le col du Galibier. Quelques &hellip; <a href=\"https:\/\/www.rodolphe-passions.fr\/wordpress\/2014\/07\/arvan-villards-2\/\">Continuer la lecture <span class=\"meta-nav\">&rarr;<\/span><\/a><\/p>\n","protected":false},"author":1,"featured_media":0,"comment_status":"open","ping_status":"open","sticky":false,"template":"","format":"standard","meta":{"jetpack_post_was_ever_published":false,"_jetpack_newsletter_access":"","_jetpack_dont_email_post_to_subs":false,"_jetpack_newsletter_tier_id":0,"_jetpack_memberships_contains_paywalled_content":false,"_jetpack_memberships_contains_paid_content":false,"footnotes":"","jetpack_publicize_message":"","jetpack_publicize_feature_enabled":true,"jetpack_social_post_already_shared":true,"jetpack_social_options":{"image_generator_settings":{"template":"highway","enabled":false},"version":2}},"categories":[4,13],"tags":[],"class_list":["post-2051","post","type-post","status-publish","format-standard","hentry","category-cyclosportives","category-grimpees"],"jetpack_publicize_connections":[],"jetpack_featured_media_url":"","jetpack_shortlink":"https:\/\/wp.me\/p12zYw-x5","jetpack_sharing_enabled":true,"jetpack_likes_enabled":true,"_links":{"self":[{"href":"https:\/\/www.rodolphe-passions.fr\/wordpress\/wp-json\/wp\/v2\/posts\/2051"}],"collection":[{"href":"https:\/\/www.rodolphe-passions.fr\/wordpress\/wp-json\/wp\/v2\/posts"}],"about":[{"href":"https:\/\/www.rodolphe-passions.fr\/wordpress\/wp-json\/wp\/v2\/types\/post"}],"author":[{"embeddable":true,"href":"https:\/\/www.rodolphe-passions.fr\/wordpress\/wp-json\/wp\/v2\/users\/1"}],"replies":[{"embeddable":true,"href":"https:\/\/www.rodolphe-passions.fr\/wordpress\/wp-json\/wp\/v2\/comments?post=2051"}],"version-history":[{"count":7,"href":"https:\/\/www.rodolphe-passions.fr\/wordpress\/wp-json\/wp\/v2\/posts\/2051\/revisions"}],"predecessor-version":[{"id":2070,"href":"https:\/\/www.rodolphe-passions.fr\/wordpress\/wp-json\/wp\/v2\/posts\/2051\/revisions\/2070"}],"wp:attachment":[{"href":"https:\/\/www.rodolphe-passions.fr\/wordpress\/wp-json\/wp\/v2\/media?parent=2051"}],"wp:term":[{"taxonomy":"category","embeddable":true,"href":"https:\/\/www.rodolphe-passions.fr\/wordpress\/wp-json\/wp\/v2\/categories?post=2051"},{"taxonomy":"post_tag","embeddable":true,"href":"https:\/\/www.rodolphe-passions.fr\/wordpress\/wp-json\/wp\/v2\/tags?post=2051"}],"curies":[{"name":"wp","href":"https:\/\/api.w.org\/{rel}","templated":true}]}}