{"id":2073,"date":"2014-07-27T20:00:50","date_gmt":"2014-07-27T19:00:50","guid":{"rendered":"http:\/\/www.rodolphe-passions.info\/wordpress\/?p=2073"},"modified":"2014-08-04T17:59:53","modified_gmt":"2014-08-04T16:59:53","slug":"risoul-queyras-2","status":"publish","type":"post","link":"https:\/\/www.rodolphe-passions.fr\/wordpress\/2014\/07\/risoul-queyras-2\/","title":{"rendered":"Risoul-Queyras"},"content":{"rendered":"<p align=\"justify\">Apr\u00e8s ma d\u00e9convenue au dernier jour de l&rsquo;Arvan-Villards, j&rsquo;ai \u00e0 c\u0153ur de rebondir ce matin \u00e0 la Risoul-Queyras, \u00e9preuve organis\u00e9e de main de ma\u00eetre par Bernard Assaud et son \u00e9quipe. Gr\u00e2ce \u00e0 une m\u00e9t\u00e9o optimale on s&rsquo;approche doucement du millier de participants, sur un parcours aussi magnifique que difficile entre Izoard, St-V\u00e9ran et Risoul. Sur des routes que je connais bien je redoute la longue procession vers L&rsquo;Argenti\u00e8re puis Brian\u00e7on, via la RN94. \u00c7a file tr\u00e8s vite et les coureurs sont nerveux : je reste constamment aux avant-postes pour \u00e9viter les pi\u00e8ges qui tra\u00eenent.<\/p>\n<p align=\"justify\"><img loading=\"lazy\" decoding=\"async\" src=\"http:\/\/www.rodolphe-passions.fr\/wordpress\/wp-content\/uploads\/2014\/07\/risoul_queyras_1.jpg\" alt=\"Risoul-Queyras\" width=\"400\" height=\"267\" class=\"alignleft size-full wp-image-2077\" srcset=\"https:\/\/www.rodolphe-passions.fr\/wordpress\/wp-content\/uploads\/2014\/07\/risoul_queyras_1.jpg 400w, https:\/\/www.rodolphe-passions.fr\/wordpress\/wp-content\/uploads\/2014\/07\/risoul_queyras_1-300x200.jpg 300w\" sizes=\"(max-width: 400px) 100vw, 400px\" \/>Peu de mouvement \u00e0 signaler avant les <strong>rampes de l&rsquo;Argenti\u00e8re<\/strong>, premier test o\u00f9 Lo\u00efc Ruffaut met tout le monde en file indienne. J&rsquo;arrive \u00e0 tenir la cadence, sans de tr\u00e8s bonnes sensations toutefois. Devant Beno\u00eet Bessi\u00e8re (ECSEL) r\u00e9alise un rallye solitaire de haute-vol\u00e9e, avec d\u00e9j\u00e0 3&prime; au pied du <strong>col d&rsquo;Izoard<\/strong>&#8230; \u00c7a commence enfin \u00e0 monter, m\u00eame si l&rsquo;approche jusqu&rsquo;\u00e0 Cervi\u00e8res est roulante. J&rsquo;en profite pour me ravitailler, et me retrouve en t\u00eate avec S\u00e9bastien sans trop le vouloir&#8230; Moment o\u00f9 Lo\u00efc lance les grandes man\u0153uvres.<\/p>\n<p align=\"justify\">C&rsquo;est sauve-qui-peut et \u00e7a en met de partout, un groupe de chasse se forme avec notamment Kenny Nijssen, J\u00e9r\u00f4me Phanon, Michel Roux, Yoann Sert. Malheureusement je ne peux pas l&rsquo;accompagner, en retrait pour le moment. Je limite la casse jusqu&rsquo;au sommet avec Jean-No\u00ebl Sarlin, passant \u00e0 environ 1&rsquo;30\u00a0\u00bb du groupe et 30&Prime; de Franck Lemasson, une valeur s\u00fbre. Derri\u00e8re les \u00e9carts restent faibles, et je ne sais pas trop qui va tourner sur le grand parcours.<\/p>\n<p align=\"justify\"><img loading=\"lazy\" decoding=\"async\" src=\"http:\/\/www.rodolphe-passions.fr\/wordpress\/wp-content\/uploads\/2014\/07\/risoul_queyras_2.jpg\" alt=\"Risoul-Queyras\" width=\"400\" height=\"266\" class=\"alignright size-full wp-image-2081\" srcset=\"https:\/\/www.rodolphe-passions.fr\/wordpress\/wp-content\/uploads\/2014\/07\/risoul_queyras_2.jpg 400w, https:\/\/www.rodolphe-passions.fr\/wordpress\/wp-content\/uploads\/2014\/07\/risoul_queyras_2-300x199.jpg 300w\" sizes=\"(max-width: 400px) 100vw, 400px\" \/>La descente est rapide, bien qu&rsquo;encombr\u00e9e de pas mal de voitures : je me fraye un chemin sans trop perdre de temps, et croise Lo\u00efc qui a crev\u00e9 dans une \u00e9pingle&#8230; Sur le bas je me ravitaille \u00e0 nouveau, et vois rentrer sur moi un autre coureur de ma cat\u00e9gorie. A deux c&rsquo;est mieux, et on roule bon train jusqu&rsquo;\u00e0 Ville-Vieille quelques secondes devant un autre petit groupe avec Jean-No\u00ebl. Franck n&rsquo;est pas bien loin devant, mais je reste concentr\u00e9 sur la difficult\u00e9 suivante.<\/p>\n<p align=\"justify\">La <strong>mont\u00e9e de Pierre-Grosse<\/strong> puis St-V\u00e9ran est tr\u00e8s irr\u00e9guli\u00e8re, et je creuse \u00e0 nouveau l&rsquo;\u00e9cart sur mes poursuivants. Jean-No\u00ebl revient avec un jeune coureur de Vaulx-en-Velin et nous l\u00e2che dans son style caract\u00e9ristique, tout en force. Les jambes sont un peu meilleures que dans l&rsquo;Izoard : bonne nouvelle, d&rsquo;autant que je m&rsquo;isole au train apr\u00e8s Molines. La courte <strong>remont\u00e9e vers St-V\u00e9ran<\/strong> fait mal sur une route raide qui ne rend pas : au ravitaillement on m&rsquo;annonce autour de la dixi\u00e8me place, mais je pr\u00e9f\u00e8re lever le pied et attendre les autres pour passer les gorges du Guil \u00e0 plusieurs.<\/p>\n<p align=\"justify\"><img loading=\"lazy\" decoding=\"async\" src=\"http:\/\/www.rodolphe-passions.fr\/wordpress\/wp-content\/uploads\/2014\/07\/risoul_queyras_3.jpg\" alt=\"Risoul-Queyras\" width=\"267\" height=\"400\" class=\"alignleft size-full wp-image-2083\" srcset=\"https:\/\/www.rodolphe-passions.fr\/wordpress\/wp-content\/uploads\/2014\/07\/risoul_queyras_3.jpg 267w, https:\/\/www.rodolphe-passions.fr\/wordpress\/wp-content\/uploads\/2014\/07\/risoul_queyras_3-200x300.jpg 200w\" sizes=\"(max-width: 267px) 100vw, 267px\" \/>A cinq les relais tournent bien ; il y a m\u00eame des coureurs du parcours moyen qui nous donnent un coup de main, sympa \ud83d\ude42 Nous reprenons Jean-No\u00ebl vers la Maison-du-Roy : les passages de tunnels sont p\u00e9nibles avec la circulation estivale, mais nous revenons rapidement sur Guillestre malgr\u00e9 un l\u00e9ger vent d\u00e9favorable. Une derni\u00e8re descente, quelques ronds-points et voici le pied de l&rsquo;ascension finale, Franck est \u00e9galement rejoint au moment o\u00f9 il ramasse un bidon.<\/p>\n<p align=\"justify\">La <strong>mont\u00e9e vers Risoul<\/strong> est longue, de plus en plus difficile en approchant du sommet. Nous sommes une demi-douzaine pour la huiti\u00e8me place : un top 10 est encore jouable, mais il faudra jouer serr\u00e9. Le groupe \u00e9clate et Jean-No\u00ebl s&rsquo;envole, suivi d&rsquo;un jeune coureur francilien et Franck. Je perds quelques longueurs sur le trio en ramassant un bidon, et g\u00e8re mon ascension. Lentement mais s\u00fbrement Franck dispara\u00eet de ma mire, tandis que je creuse l&rsquo;\u00e9cart avec mon poursuivant direct. Les derniers kilom\u00e8tres sont les plus difficiles : un dernier gel et je tiens le coup sans faillir jusqu&rsquo;\u00e0 la flamme rouge, o\u00f9 je l\u00e2che tout pour finir juste sous les 4h30&prime; \u00e0 une douzaine de minutes du vainqueur Yoann Sert.<\/p>\n<p align=\"justify\">Un peu d\u00e9\u00e7u de rater le top 10 avec une onzi\u00e8me place scratch (2\u00b0 de la cat\u00e9gorie) mais vu les sensations dans l&rsquo;Izoard je m&rsquo;en sors bien, avec ma meilleure ascension de Risoul depuis que je participe \u00e0 l&rsquo;\u00e9preuve \ud83d\ude42 Comme souvent \u00e7a se joue sur des d\u00e9tails, mais aujourd&rsquo;hui il manquait un peu de fra\u00eecheur physique (et mentale) pour basculer avec le groupe de chasse qui fera la jonction avant Ville-Vieille. Maintenant place \u00e0 des vacances bien m\u00e9rit\u00e9es, prochain dossard d&rsquo;ici deux bonnes semaines en Alsace&#8230;<\/p>\n<p align=\"justify\">R\u00e9sultat(s) : <a href=http:\/\/www.yaka-events.com\/webchrono\/files\/20140728scratchrecapinter126km.pdf>Risoul-Queyras &#8211; grand parcours<\/a><\/p>\n<p><center><iframe height='405' width='590' frameborder='0' allowtransparency='true' scrolling='no' src='http:\/\/app.strava.com\/activities\/171664005\/embed\/a79376699db758f4dbf70c5d65855b0f9da724b6'><\/iframe><\/center><\/p>\n","protected":false},"excerpt":{"rendered":"<p>Apr\u00e8s ma d\u00e9convenue au dernier jour de l&rsquo;Arvan-Villards, j&rsquo;ai \u00e0 c\u0153ur de rebondir ce matin \u00e0 la Risoul-Queyras, \u00e9preuve organis\u00e9e de main de ma\u00eetre par Bernard Assaud et son \u00e9quipe. Gr\u00e2ce \u00e0 une m\u00e9t\u00e9o optimale on s&rsquo;approche doucement du millier &hellip; <a href=\"https:\/\/www.rodolphe-passions.fr\/wordpress\/2014\/07\/risoul-queyras-2\/\">Continuer la lecture <span class=\"meta-nav\">&rarr;<\/span><\/a><\/p>\n","protected":false},"author":1,"featured_media":0,"comment_status":"open","ping_status":"open","sticky":false,"template":"","format":"standard","meta":{"jetpack_post_was_ever_published":false,"_jetpack_newsletter_access":"","_jetpack_dont_email_post_to_subs":false,"_jetpack_newsletter_tier_id":0,"_jetpack_memberships_contains_paywalled_content":false,"_jetpack_memberships_contains_paid_content":false,"footnotes":"","jetpack_publicize_message":"","jetpack_publicize_feature_enabled":true,"jetpack_social_post_already_shared":true,"jetpack_social_options":{"image_generator_settings":{"template":"highway","enabled":false},"version":2}},"categories":[4],"tags":[],"class_list":["post-2073","post","type-post","status-publish","format-standard","hentry","category-cyclosportives"],"jetpack_publicize_connections":[],"jetpack_featured_media_url":"","jetpack_shortlink":"https:\/\/wp.me\/p12zYw-xr","jetpack_sharing_enabled":true,"jetpack_likes_enabled":true,"_links":{"self":[{"href":"https:\/\/www.rodolphe-passions.fr\/wordpress\/wp-json\/wp\/v2\/posts\/2073"}],"collection":[{"href":"https:\/\/www.rodolphe-passions.fr\/wordpress\/wp-json\/wp\/v2\/posts"}],"about":[{"href":"https:\/\/www.rodolphe-passions.fr\/wordpress\/wp-json\/wp\/v2\/types\/post"}],"author":[{"embeddable":true,"href":"https:\/\/www.rodolphe-passions.fr\/wordpress\/wp-json\/wp\/v2\/users\/1"}],"replies":[{"embeddable":true,"href":"https:\/\/www.rodolphe-passions.fr\/wordpress\/wp-json\/wp\/v2\/comments?post=2073"}],"version-history":[{"count":9,"href":"https:\/\/www.rodolphe-passions.fr\/wordpress\/wp-json\/wp\/v2\/posts\/2073\/revisions"}],"predecessor-version":[{"id":2086,"href":"https:\/\/www.rodolphe-passions.fr\/wordpress\/wp-json\/wp\/v2\/posts\/2073\/revisions\/2086"}],"wp:attachment":[{"href":"https:\/\/www.rodolphe-passions.fr\/wordpress\/wp-json\/wp\/v2\/media?parent=2073"}],"wp:term":[{"taxonomy":"category","embeddable":true,"href":"https:\/\/www.rodolphe-passions.fr\/wordpress\/wp-json\/wp\/v2\/categories?post=2073"},{"taxonomy":"post_tag","embeddable":true,"href":"https:\/\/www.rodolphe-passions.fr\/wordpress\/wp-json\/wp\/v2\/tags?post=2073"}],"curies":[{"name":"wp","href":"https:\/\/api.w.org\/{rel}","templated":true}]}}