{"id":2124,"date":"2014-08-23T20:00:06","date_gmt":"2014-08-23T19:00:06","guid":{"rendered":"http:\/\/www.rodolphe-passions.info\/wordpress\/?p=2124"},"modified":"2014-08-26T10:56:33","modified_gmt":"2014-08-26T09:56:33","slug":"grimpee-les-deux-alpes","status":"publish","type":"post","link":"https:\/\/www.rodolphe-passions.fr\/wordpress\/2014\/08\/grimpee-les-deux-alpes\/","title":{"rendered":"Grimp\u00e9e les Deux Alpes"},"content":{"rendered":"<p align=\"justify\">Suite \u00e0 une exp\u00e9rience r\u00e9ussie \u00e0 l&rsquo;Arvan-Villards le mois dernier (sur deux jours), je d\u00e9cide d&rsquo;encha\u00eener grimp\u00e9e chronom\u00e9tr\u00e9e samedi et cyclosportive le dimanche aux Deux Alpes. La m\u00e9t\u00e9o est ensoleill\u00e9e mais pas chaude en cette fin ao\u00fbt, des conditions id\u00e9ales pour la r\u00e9cup\u00e9ration. Par contre le vent s&rsquo;est lev\u00e9 apr\u00e8s la pluie du matin ; il va g\u00eaner la progression des coureurs l&rsquo;apr\u00e8s-midi.<\/p>\n<p align=\"justify\"><img loading=\"lazy\" decoding=\"async\" src=\"http:\/\/www.rodolphe-passions.fr\/wordpress\/wp-content\/uploads\/2014\/08\/grimpee_deux_alpes_1.jpg\" alt=\"Grimp\u00e9e les Deux Alpes\" width=\"400\" height=\"268\" class=\"alignleft size-full wp-image-2163\" srcset=\"https:\/\/www.rodolphe-passions.fr\/wordpress\/wp-content\/uploads\/2014\/08\/grimpee_deux_alpes_1.jpg 400w, https:\/\/www.rodolphe-passions.fr\/wordpress\/wp-content\/uploads\/2014\/08\/grimpee_deux_alpes_1-300x201.jpg 300w\" sizes=\"(max-width: 400px) 100vw, 400px\" \/>Les d\u00e9parts individuels s&rsquo;\u00e9talent entre 14h00 et 15h30 ; apr\u00e8s une bonne heure d&rsquo;\u00e9chauffement autour du barrage du Chambon (pas simple avec la circulation) les sensations sont bonnes et je me positionne sur la rampe de lancement dans les minutes qui suivent&#8230; Premier \u00e0 partir \ud83d\ude42 Vu mes derni\u00e8res sorties je vise 330-340 watts sur 25&prime; d&rsquo;ascension environ ; pour anticiper le replat \u00e0 mi-course j&rsquo;appuierai un peu plus fort sur la premi\u00e8re partie.<\/p>\n<p align=\"justify\">Trois, deux, un&#8230; Go ! La pente soutenue d\u00e8s les premiers m\u00e8tres met de suite dans l&rsquo;allure : apr\u00e8s une minute de course je stabilise \u00e0 340 watts et 80 tours\/minute en cadence de p\u00e9dalage&#8230; Parfait. Les rafales de vent ne perturbent pas trop l&rsquo;effort ; il faut juste veiller \u00e0 relancer dans les virages \u00e0 plat, caract\u00e9ristique partag\u00e9e avec la grimp\u00e9e voisine de l&rsquo;Alpe-d&rsquo;Huez. Tout se passe id\u00e9alement jusqu&rsquo;aux Monts-de-Lans, j&rsquo;en mets un peu plus sous le t\u00e9l\u00e9si\u00e8ge avant de souffler et mettre tout \u00e0 droite dans la courte descente, vent de face.<\/p>\n<p align=\"justify\">A 300 watts \u00e7a va tr\u00e8s vite, beaucoup plus qu&rsquo;en fin de cyclosportive : le virage \u00e0 droite est nettement plus serr\u00e9 \u00e0 prendre \u00e0 60 km\/h \ud83d\ude1b Sur une relance un peu loup\u00e9e je remets le petit plateau pour la seconde moiti\u00e9 : les jambes piquent un peu mais devraient encore tenir une grosse dizaine de minutes \u00e0 cette puissance. Toujours de la m\u00eame mani\u00e8re (assis en fr\u00e9quence sur les lignes droites, relance en danseuse \u00e0 chaque virage en tirant plus gros) l&rsquo;allure ne faiblit pas et les kilom\u00e8tres d\u00e9filent petit \u00e0 petit jusqu&rsquo;\u00e0 l&rsquo;entr\u00e9e de la station.<\/p>\n<p align=\"justify\">Flamme rouge : j&rsquo;augmente progressivement l&rsquo;allure dans le replat, mais me casse un peu les dents (et les cuisses) dans le dernier talus \u00e0 quelques hectom\u00e8tres de la ligne, franchie en 26&rsquo;44\u00a0\u00bb. Cela me place 6\u00b0 scratch, \u00e0 une petite minute du podium compos\u00e9 de Micka\u00ebl Gallego, R\u00e9mi Gueydan et Nicolas Ougier (dans cet ordre). C\u00f4t\u00e9 puissance je sors 335 watts sur 26&prime; (pour 60 kg), pile dans les pr\u00e9visions \ud83d\ude42 De quoi \u00eatre satisfait apr\u00e8s une ascension ma\u00eetris\u00e9e, qui permet de prendre quelques rep\u00e8res pour demain&#8230; O\u00f9 l&rsquo;allure sera certainement moindre !<\/p>\n<p align=\"justify\">R\u00e9sultat(s) : <a href=\"http:\/\/www.rodolphe-passions.fr\/wordpress\/wp-content\/uploads\/2014\/08\/grimpee_deux_alpes.pdf\">Grimp\u00e9e les Deux Alpes<\/a><\/p>\n<p><center><iframe height='405' width='590' frameborder='0' allowtransparency='true' scrolling='no' src='http:\/\/app.strava.com\/activities\/184856774\/embed\/92645007b6400bedf83c865ff84128bbded110bc'><\/iframe><\/center><\/p>\n","protected":false},"excerpt":{"rendered":"<p>Suite \u00e0 une exp\u00e9rience r\u00e9ussie \u00e0 l&rsquo;Arvan-Villards le mois dernier (sur deux jours), je d\u00e9cide d&rsquo;encha\u00eener grimp\u00e9e chronom\u00e9tr\u00e9e samedi et cyclosportive le dimanche aux Deux Alpes. La m\u00e9t\u00e9o est ensoleill\u00e9e mais pas chaude en cette fin ao\u00fbt, des conditions id\u00e9ales &hellip; <a href=\"https:\/\/www.rodolphe-passions.fr\/wordpress\/2014\/08\/grimpee-les-deux-alpes\/\">Continuer la lecture <span class=\"meta-nav\">&rarr;<\/span><\/a><\/p>\n","protected":false},"author":1,"featured_media":0,"comment_status":"open","ping_status":"open","sticky":false,"template":"","format":"standard","meta":{"jetpack_post_was_ever_published":false,"_jetpack_newsletter_access":"","_jetpack_dont_email_post_to_subs":false,"_jetpack_newsletter_tier_id":0,"_jetpack_memberships_contains_paywalled_content":false,"_jetpack_memberships_contains_paid_content":false,"footnotes":"","jetpack_publicize_message":"","jetpack_publicize_feature_enabled":true,"jetpack_social_post_already_shared":true,"jetpack_social_options":{"image_generator_settings":{"template":"highway","enabled":false},"version":2}},"categories":[13],"tags":[],"class_list":["post-2124","post","type-post","status-publish","format-standard","hentry","category-grimpees"],"jetpack_publicize_connections":[],"jetpack_featured_media_url":"","jetpack_shortlink":"https:\/\/wp.me\/p12zYw-yg","jetpack_sharing_enabled":true,"jetpack_likes_enabled":true,"_links":{"self":[{"href":"https:\/\/www.rodolphe-passions.fr\/wordpress\/wp-json\/wp\/v2\/posts\/2124"}],"collection":[{"href":"https:\/\/www.rodolphe-passions.fr\/wordpress\/wp-json\/wp\/v2\/posts"}],"about":[{"href":"https:\/\/www.rodolphe-passions.fr\/wordpress\/wp-json\/wp\/v2\/types\/post"}],"author":[{"embeddable":true,"href":"https:\/\/www.rodolphe-passions.fr\/wordpress\/wp-json\/wp\/v2\/users\/1"}],"replies":[{"embeddable":true,"href":"https:\/\/www.rodolphe-passions.fr\/wordpress\/wp-json\/wp\/v2\/comments?post=2124"}],"version-history":[{"count":16,"href":"https:\/\/www.rodolphe-passions.fr\/wordpress\/wp-json\/wp\/v2\/posts\/2124\/revisions"}],"predecessor-version":[{"id":2165,"href":"https:\/\/www.rodolphe-passions.fr\/wordpress\/wp-json\/wp\/v2\/posts\/2124\/revisions\/2165"}],"wp:attachment":[{"href":"https:\/\/www.rodolphe-passions.fr\/wordpress\/wp-json\/wp\/v2\/media?parent=2124"}],"wp:term":[{"taxonomy":"category","embeddable":true,"href":"https:\/\/www.rodolphe-passions.fr\/wordpress\/wp-json\/wp\/v2\/categories?post=2124"},{"taxonomy":"post_tag","embeddable":true,"href":"https:\/\/www.rodolphe-passions.fr\/wordpress\/wp-json\/wp\/v2\/tags?post=2124"}],"curies":[{"name":"wp","href":"https:\/\/api.w.org\/{rel}","templated":true}]}}