{"id":2216,"date":"2014-09-21T12:00:38","date_gmt":"2014-09-21T11:00:38","guid":{"rendered":"http:\/\/www.rodolphe-passions.info\/wordpress\/?p=2216"},"modified":"2014-09-23T08:24:38","modified_gmt":"2014-09-23T07:24:38","slug":"grimpee-du-granier","status":"publish","type":"post","link":"https:\/\/www.rodolphe-passions.fr\/wordpress\/2014\/09\/grimpee-du-granier\/","title":{"rendered":"Grimp\u00e9e du Granier"},"content":{"rendered":"<p align=\"justify\">Le temps de r\u00e9cup\u00e9rer un peu et laver le v\u00e9lo apr\u00e8s la Foresti\u00e8re, me voici \u00e0 nouveau sur la ligne de d\u00e9part \u00e0 Chapareillan pour la traditionnelle grimp\u00e9e du Granier. Le ciel est encombr\u00e9 et mena\u00e7ant au-dessus du Gr\u00e9sivaudan, mais devrait rester sec le temps de la mont\u00e9e. Celle-ci est exigeante (9.5 km @ 9 %) avec de nombreux passages \u00e0 plus de 10 % : une affaire de sp\u00e9cialistes, avec les efforts de la veille \u00e7a risque de piquer d\u00e8s le d\u00e9part. J&rsquo;y croise \u00e0 nouveau Jean-Francis et Nicolas ; le reste du plateau est \u00e9videmment relev\u00e9 avec le tenant du titre Micka\u00ebl Gallego, Serge Garnier et d&rsquo;autres sp\u00e9cialistes de ce type d&rsquo;effort.<\/p>\n<p align=\"justify\"><img loading=\"lazy\" decoding=\"async\" src=\"http:\/\/www.rodolphe-passions.fr\/wordpress\/wp-content\/uploads\/2014\/09\/grimpee_granier_1.jpg\" alt=\"Grimp\u00e9e du Granier\" width=\"267\" height=\"400\" class=\"alignright size-full wp-image-2229\" srcset=\"https:\/\/www.rodolphe-passions.fr\/wordpress\/wp-content\/uploads\/2014\/09\/grimpee_granier_1.jpg 267w, https:\/\/www.rodolphe-passions.fr\/wordpress\/wp-content\/uploads\/2014\/09\/grimpee_granier_1-200x300.jpg 200w\" sizes=\"(max-width: 267px) 100vw, 267px\" \/>D\u00e8s le coup de sifflet la mise en route est laborieuse, confirmant les sensations mitig\u00e9es de l&rsquo;\u00e9chauffement. Je souffre dans les premi\u00e8res pentes \u00e0 7 %, sachant que le plus dur est \u00e0 venir&#8230; Malgr\u00e9 tout je prends un bon rythme de croisi\u00e8re dans le sillage d&rsquo;Alexandre Chibko, un m\u00e9tronome sur ce type d&rsquo;effort. Florian Callet et S\u00e9bastien Jarrot nous accompagnent ; apr\u00e8s quelques minutes d&rsquo;effort nous reprenons et l\u00e2chons quelques concurrents partis trop fort, mais le groupe de t\u00eate s&rsquo;\u00e9loigne inexorablement. Je souffre et me contente d&rsquo;accrocher les roues, jusqu&rsquo;\u00e0 un court replat o\u00f9 Florian fait l&rsquo;effort pour revenir au contact du cinq majeur.<\/p>\n<p align=\"justify\">A mi-course la situation s&rsquo;\u00e9claircit quelque peu : nous sommes trois autour de la dixi\u00e8me place, au moment de basculer dans une courte descente avant la for\u00eat. Celle-ci annonce les pourcentages les plus difficiles ; pour les 4 km restants ils flirtent avec les 10 %. Alexandre ne faiblit pas alors que S\u00e9bastien l\u00e2che du lest ; les cuisses bien dures je l&rsquo;imite un peu plus loin, incapable d&rsquo;acc\u00e9l\u00e9rer. D&rsquo;autres concurrents sont en difficult\u00e9 devant, mais \u00e0 faible vitesse un lacet d&rsquo;\u00e9cart \u00e9quivaut \u00e0 une minute.<\/p>\n<p align=\"justify\">Sous l&rsquo;averse je me contente de maintenir l&rsquo;\u00e9cart avec mon poursuivant, autour de 300 watts&#8230; \u00c7a en fait 30 de moins qu&rsquo;\u00e0 Prapoutel dimanche dernier, mais la fra\u00eecheur n&rsquo;est pas du tout la m\u00eame ! Jusqu&rsquo;au dernier kilom\u00e8tre Alexandre continue de creuser l&rsquo;\u00e9cart, int\u00e9grant m\u00eame le top 10 pour quelques secondes ; de mon c\u00f4t\u00e9 je conserve la douzi\u00e8me place en 35&rsquo;40\u00a0\u00bb, un peu d\u00e9\u00e7u mais vu la fatigue accumul\u00e9e le r\u00e9sultat est logique. 4&prime; plus t\u00f4t Micka\u00ebl l&#8217;emporte au sprint devant un \u00e9patant Jean-Francis, pas si entam\u00e9 par son podium de la veille \ud83d\ude42 R\u00e9mi Gueydon (Annecy) compl\u00e8te le podium, tandis que Nicolas termine 8\u00b0 une grosse minute devant moi. L&rsquo;exp\u00e9rience fut int\u00e9ressante : rendez-vous l&rsquo;ann\u00e9e prochaine avec plus de fra\u00eecheur, pour tenter d&rsquo;accrocher un podium \ud83d\ude09 <\/p>\n<p align=\"justify\">R\u00e9sultat(s) : <a href=\"http:\/\/www.rodolphe-passions.fr\/wordpress\/wp-content\/uploads\/2014\/09\/grimpee_granier.pdf\">Grimp\u00e9e du Granier<\/a><\/p>\n<p><center><iframe height='405' width='590' frameborder='0' allowtransparency='true' scrolling='no' src='http:\/\/app.strava.com\/activities\/197570418\/embed\/6e7bc184ac29bf8927a1931886ed08572f3e33af'><\/iframe><\/center><\/p>\n","protected":false},"excerpt":{"rendered":"<p>Le temps de r\u00e9cup\u00e9rer un peu et laver le v\u00e9lo apr\u00e8s la Foresti\u00e8re, me voici \u00e0 nouveau sur la ligne de d\u00e9part \u00e0 Chapareillan pour la traditionnelle grimp\u00e9e du Granier. Le ciel est encombr\u00e9 et mena\u00e7ant au-dessus du Gr\u00e9sivaudan, mais &hellip; <a href=\"https:\/\/www.rodolphe-passions.fr\/wordpress\/2014\/09\/grimpee-du-granier\/\">Continuer la lecture <span class=\"meta-nav\">&rarr;<\/span><\/a><\/p>\n","protected":false},"author":1,"featured_media":0,"comment_status":"open","ping_status":"open","sticky":false,"template":"","format":"standard","meta":{"jetpack_post_was_ever_published":false,"_jetpack_newsletter_access":"","_jetpack_dont_email_post_to_subs":false,"_jetpack_newsletter_tier_id":0,"_jetpack_memberships_contains_paywalled_content":false,"_jetpack_memberships_contains_paid_content":false,"footnotes":"","jetpack_publicize_message":"","jetpack_publicize_feature_enabled":true,"jetpack_social_post_already_shared":true,"jetpack_social_options":{"image_generator_settings":{"template":"highway","enabled":false},"version":2}},"categories":[13],"tags":[],"class_list":["post-2216","post","type-post","status-publish","format-standard","hentry","category-grimpees"],"jetpack_publicize_connections":[],"jetpack_featured_media_url":"","jetpack_shortlink":"https:\/\/wp.me\/p12zYw-zK","jetpack_sharing_enabled":true,"jetpack_likes_enabled":true,"_links":{"self":[{"href":"https:\/\/www.rodolphe-passions.fr\/wordpress\/wp-json\/wp\/v2\/posts\/2216"}],"collection":[{"href":"https:\/\/www.rodolphe-passions.fr\/wordpress\/wp-json\/wp\/v2\/posts"}],"about":[{"href":"https:\/\/www.rodolphe-passions.fr\/wordpress\/wp-json\/wp\/v2\/types\/post"}],"author":[{"embeddable":true,"href":"https:\/\/www.rodolphe-passions.fr\/wordpress\/wp-json\/wp\/v2\/users\/1"}],"replies":[{"embeddable":true,"href":"https:\/\/www.rodolphe-passions.fr\/wordpress\/wp-json\/wp\/v2\/comments?post=2216"}],"version-history":[{"count":6,"href":"https:\/\/www.rodolphe-passions.fr\/wordpress\/wp-json\/wp\/v2\/posts\/2216\/revisions"}],"predecessor-version":[{"id":2242,"href":"https:\/\/www.rodolphe-passions.fr\/wordpress\/wp-json\/wp\/v2\/posts\/2216\/revisions\/2242"}],"wp:attachment":[{"href":"https:\/\/www.rodolphe-passions.fr\/wordpress\/wp-json\/wp\/v2\/media?parent=2216"}],"wp:term":[{"taxonomy":"category","embeddable":true,"href":"https:\/\/www.rodolphe-passions.fr\/wordpress\/wp-json\/wp\/v2\/categories?post=2216"},{"taxonomy":"post_tag","embeddable":true,"href":"https:\/\/www.rodolphe-passions.fr\/wordpress\/wp-json\/wp\/v2\/tags?post=2216"}],"curies":[{"name":"wp","href":"https:\/\/api.w.org\/{rel}","templated":true}]}}