{"id":2311,"date":"2014-12-31T20:00:06","date_gmt":"2014-12-31T19:00:06","guid":{"rendered":"http:\/\/www.rodolphe-passions.info\/wordpress\/?p=2311"},"modified":"2014-12-31T19:35:19","modified_gmt":"2014-12-31T18:35:19","slug":"bilan-2014","status":"publish","type":"post","link":"https:\/\/www.rodolphe-passions.fr\/wordpress\/2014\/12\/bilan-2014\/","title":{"rendered":"Bilan 2014"},"content":{"rendered":"<p align=\"justify\">L&rsquo;hiver et la neige sont enfin arriv\u00e9s sur les massifs voisins, la traditionnelle coupure de l&rsquo;hiver va pouvoir s&rsquo;effectuer. Il est temps de faire le bilan d&rsquo;une saison 2014 encore meilleure que la pr\u00e9c\u00e9dente. Pourtant celle-ci avait mal commenc\u00e9 avec une fracture de la clavicule droite, suite \u00e0 une chute particuli\u00e8rement stupide en stage sur les routes catalanes. Coup d&rsquo;arr\u00eat de six semaines qui me fait manquer le d\u00e9but de saison, notamment la Corima &#8211; Dr\u00f4me Proven\u00e7ale et la Granfondo Cannondale &#8211; Golfe de St-Tropez.<\/p>\n<p align=\"justify\">La situation n&rsquo;est pas in\u00e9dite apr\u00e8s une m\u00e9saventure similaire en 2012 : une fois de plus le home-trainer sera largement mis \u00e0 contribution pour tenter de rattraper le temps perdu. La reprise est difficile au Raid du Bugey fin avril puis la Bourgogne Cyclo d\u00e9but mai, mais d\u00e8s ma troisi\u00e8me sortie \u00e0 la Loz\u00e9rienne je retrouve de bonnes sensations et un gros mental. Ce dernier est mis \u00e0 contribution aux Boucles du Verdon puis au Challenge Vercors o\u00f9 pour des raisons diverses (crevaison, fringale) je me retrouve seul loin de l&rsquo;arriv\u00e9e.<\/p>\n<p align=\"justify\">Contrairement \u00e0 2013 la m\u00e9t\u00e9o est favorable avec les premi\u00e8res chaleurs sur les pentes du Mont Ventoux, o\u00f9 je m&rsquo;en sors avec les honneurs sans \u00eatre au top de ma condition physique. Le mois de juin commence en fanfare avec la canicule et une grosse performance (4\u00b0) \u00e0 la Time Meg\u00e8ve Mont-Blanc, une classique du calendrier avec un joli plateau de grimpeurs. Les \u00e9preuves s&rsquo;encha\u00eenent alors : \u00e0 peine le temps de redescendre sur terre que se profilent les Trois Ballons. \u00c9chouant aux portes du top 15 j&rsquo;y r\u00e9alise une belle course, m\u00eame s&rsquo;il me reste des lacunes tactiques dans ce format d&rsquo;\u00e9preuve.<\/p>\n<p align=\"justify\">Encore de la chaleur \u00e0 Morzine, pour ce qui reste le sommet \u00e9motionnel de cette saison. Ce jour-l\u00e0 tout \u00e9tait presque parfait : \u00e9chapp\u00e9 tr\u00e8s t\u00f4t dans la course avec des pointures l&rsquo;entente est excellente, jusqu&rsquo;au dernier col o\u00f9 j&rsquo;arrive \u00e0 accrocher le podium scratch au bout de mes forces et des crampes. Dans un autre registre je r\u00e9alise une solide Serre-Che Luc Alphand sur un parcours difficile et in\u00e9dit, mais si somptueux qu&rsquo;il va devenir un classique du calendrier.<\/p>\n<p align=\"justify\">Une petite coupure s&rsquo;impose alors, pour revenir frais et en pleine forme pour la trilogie de l&rsquo;Arvan-Villards. Apr\u00e8s deux \u00e9tapes de haute-vol\u00e9e je suis tr\u00e8s bien plac\u00e9 au g\u00e9n\u00e9ral, mais victime d&rsquo;une indigestion je ne peux d\u00e9fendre mes chances sur la derni\u00e8re \u00e9tape. Je repars alors d\u00e9\u00e7u de Maurienne, mais convaincu que ce type d&rsquo;\u00e9preuve me convient : cette trilogie constituera donc un objectif majeur pour 2015.<\/p>\n<p align=\"justify\">La Risoul-Queyras marque le d\u00e9but des vacances d&rsquo;\u00e9t\u00e9 : un peu en bout de course je suis en retrait sur l&rsquo;\u00e9preuve ch\u00e8re \u00e0 Bernard Assaud, ratant de peu le top 10 \u00e0 l&rsquo;arriv\u00e9e. Les semaines suivantes sont plac\u00e9es sous le signe de la montagne et des longues heures de selle, sans travail sp\u00e9cifique. Celui-ci reprend dans les Vosges \u00e0 l&rsquo;occasion du Crit\u00e9rium du Ballon d&rsquo;Alsace, que je remporte malgr\u00e9 une m\u00e9t\u00e9o difficile. J&rsquo;encha\u00eene avec la Madeleine sous un ciel baign\u00e9 de soleil : en terrain connu je produis mon effort trop t\u00f4t et rate le top 5 dans une ascension finale ma\u00eetris\u00e9e, mais trop juste face aux meilleurs.<\/p>\n<p align=\"justify\">Tr\u00e8s motiv\u00e9 je tente \u00e0 nouveau l&rsquo;encha\u00eenement grimp\u00e9e\/cyclosportive aux Deux-Alpes : si la grimp\u00e9e ne laisse pas de traces le dimanche matin, je cours souvent \u00e0 contre-temps et g\u00e2che de pr\u00e9cieuses munitions. Cette \u00e9preuve conclut ma participation au Grand Troph\u00e9e, dont je prends la deuxi\u00e8me place sans disputer toutes les manches. La fin de saison est rythm\u00e9e entre cyclosportives et grimp\u00e9es, avec un podium arrach\u00e9 de haute lutte \u00e0 Prapoutel et de belles d\u00e9couvertes \u00e0 la Foresti\u00e8re ou au Granier.<\/p>\n<p align=\"justify\">La saison se conclut \u00e0 Annecy puis au M\u00fbrier, en plein \u00e9t\u00e9 indien avec de tr\u00e8s bonnes sensations. La saison a commenc\u00e9 tardivement : un mal pour un bien car j&rsquo;ai atteint ma meilleure forme au mois de juin\/juillet, sur mes \u00e9preuves pr\u00e9f\u00e9r\u00e9es. J&rsquo;\u00e9tais \u00e9galement plus frais en fin d&rsquo;ann\u00e9e, accumulant les jours de course et ressentant tr\u00e8s peu de lassitude en octobre. Physiquement un palier a encore \u00e9t\u00e9 franchi cette ann\u00e9e, j&rsquo;esp\u00e8re que cela se poursuivra en 2015. Il me faut \u00e9galement apprendre \u00e0 \u00eatre plus patient sur des \u00e9preuves o\u00f9 chaque effort compte, avec un niveau de plus en plus homog\u00e8ne. Voil\u00e0 quelques pistes d&rsquo;am\u00e9lioration pour l&rsquo;an prochain, avec une motivation toujours intacte \ud83d\ude42 <\/p>\n<p align=\"justify\">Enfin une pens\u00e9e \u00e0 tous les coll\u00e8gues bless\u00e9s et\/ou convalescents en cette p\u00e9riode de f\u00eates : je leur souhaite de se r\u00e9tablir compl\u00e8tement en 2015, et tout simplement remonter sur un v\u00e9lo pour les plus gravement touch\u00e9s. A l&rsquo;ann\u00e9e prochaine !<\/p>\n<p><img loading=\"lazy\" decoding=\"async\" src=\"http:\/\/www.rodolphe-passions.fr\/wordpress\/wp-content\/uploads\/2014\/12\/bilan_2014.jpg\" alt=\"Bilan 2014\" width=\"800\" height=\"534\" class=\"aligncenter size-full wp-image-2315\" srcset=\"https:\/\/www.rodolphe-passions.fr\/wordpress\/wp-content\/uploads\/2014\/12\/bilan_2014.jpg 800w, https:\/\/www.rodolphe-passions.fr\/wordpress\/wp-content\/uploads\/2014\/12\/bilan_2014-300x200.jpg 300w, https:\/\/www.rodolphe-passions.fr\/wordpress\/wp-content\/uploads\/2014\/12\/bilan_2014-449x300.jpg 449w\" sizes=\"(max-width: 800px) 100vw, 800px\" \/><\/p>\n","protected":false},"excerpt":{"rendered":"<p>L&rsquo;hiver et la neige sont enfin arriv\u00e9s sur les massifs voisins, la traditionnelle coupure de l&rsquo;hiver va pouvoir s&rsquo;effectuer. Il est temps de faire le bilan d&rsquo;une saison 2014 encore meilleure que la pr\u00e9c\u00e9dente. Pourtant celle-ci avait mal commenc\u00e9 avec &hellip; <a href=\"https:\/\/www.rodolphe-passions.fr\/wordpress\/2014\/12\/bilan-2014\/\">Continuer la lecture <span class=\"meta-nav\">&rarr;<\/span><\/a><\/p>\n","protected":false},"author":1,"featured_media":0,"comment_status":"open","ping_status":"open","sticky":false,"template":"","format":"standard","meta":{"jetpack_post_was_ever_published":false,"_jetpack_newsletter_access":"","_jetpack_dont_email_post_to_subs":false,"_jetpack_newsletter_tier_id":0,"_jetpack_memberships_contains_paywalled_content":false,"_jetpack_memberships_contains_paid_content":false,"footnotes":"","jetpack_publicize_message":"","jetpack_publicize_feature_enabled":true,"jetpack_social_post_already_shared":true,"jetpack_social_options":{"image_generator_settings":{"template":"highway","enabled":false},"version":2}},"categories":[9],"tags":[],"class_list":["post-2311","post","type-post","status-publish","format-standard","hentry","category-divers"],"jetpack_publicize_connections":[],"jetpack_featured_media_url":"","jetpack_shortlink":"https:\/\/wp.me\/p12zYw-Bh","jetpack_sharing_enabled":true,"jetpack_likes_enabled":true,"_links":{"self":[{"href":"https:\/\/www.rodolphe-passions.fr\/wordpress\/wp-json\/wp\/v2\/posts\/2311"}],"collection":[{"href":"https:\/\/www.rodolphe-passions.fr\/wordpress\/wp-json\/wp\/v2\/posts"}],"about":[{"href":"https:\/\/www.rodolphe-passions.fr\/wordpress\/wp-json\/wp\/v2\/types\/post"}],"author":[{"embeddable":true,"href":"https:\/\/www.rodolphe-passions.fr\/wordpress\/wp-json\/wp\/v2\/users\/1"}],"replies":[{"embeddable":true,"href":"https:\/\/www.rodolphe-passions.fr\/wordpress\/wp-json\/wp\/v2\/comments?post=2311"}],"version-history":[{"count":6,"href":"https:\/\/www.rodolphe-passions.fr\/wordpress\/wp-json\/wp\/v2\/posts\/2311\/revisions"}],"predecessor-version":[{"id":2319,"href":"https:\/\/www.rodolphe-passions.fr\/wordpress\/wp-json\/wp\/v2\/posts\/2311\/revisions\/2319"}],"wp:attachment":[{"href":"https:\/\/www.rodolphe-passions.fr\/wordpress\/wp-json\/wp\/v2\/media?parent=2311"}],"wp:term":[{"taxonomy":"category","embeddable":true,"href":"https:\/\/www.rodolphe-passions.fr\/wordpress\/wp-json\/wp\/v2\/categories?post=2311"},{"taxonomy":"post_tag","embeddable":true,"href":"https:\/\/www.rodolphe-passions.fr\/wordpress\/wp-json\/wp\/v2\/tags?post=2311"}],"curies":[{"name":"wp","href":"https:\/\/api.w.org\/{rel}","templated":true}]}}