{"id":2335,"date":"2015-03-22T20:00:10","date_gmt":"2015-03-22T19:00:10","guid":{"rendered":"http:\/\/www.rodolphe-passions.info\/wordpress\/?p=2335"},"modified":"2015-03-24T18:16:28","modified_gmt":"2015-03-24T17:16:28","slug":"corima-drome-provencale-4","status":"publish","type":"post","link":"https:\/\/www.rodolphe-passions.fr\/wordpress\/2015\/03\/corima-drome-provencale-4\/","title":{"rendered":"Corima &#8211; Dr\u00f4me Proven\u00e7ale"},"content":{"rendered":"<p align=\"justify\">Absent l&rsquo;an pass\u00e9 sur blessure (clavicule), je retrouve cette ann\u00e9e la Dr\u00f4me Proven\u00e7ale \u00e0 l&rsquo;occasion de la Corima. Le parcours reste casse-patte et plut\u00f4t roulant (140 km &#8211; 2016 m annonc\u00e9s), avec une m\u00e9t\u00e9o incertaine \u00e0 cette \u00e9poque de l&rsquo;ann\u00e9e. Accompagn\u00e9 de S\u00e9bastien nous apercevons un rayon de soleil avant le d\u00e9part, mais il sera de courte dur\u00e9e. Un vent du nord glacial ach\u00e8ve de nous refroidir sur la ligne de d\u00e9part, encore s\u00e8che&#8230; mais \u00e7a ne va pas durer.<\/p>\n<p align=\"justify\">La travers\u00e9e neutralis\u00e9e de Mont\u00e9limar s&rsquo;effectue dans le ventre mou du peloton, avec une attention de tous les instants. M\u00eame plac\u00e9 dans le sas prioritaire deux ou trois cents coureurs me pr\u00e9c\u00e9dent, c&rsquo;est un petit contre-la-montre pour remonter avant le <strong>col du Colombier<\/strong>, o\u00f9 l&rsquo;allure \u00e9lev\u00e9e me permet enfin de revenir dans les dix premiers et me r\u00e9chauffer. J&rsquo;y croise C\u00e9dric, David, Nicolas, Jean-Luc, Olivier, Patrick&#8230; tous les habitu\u00e9s de ce genre de rendez-vous.<\/p>\n<p align=\"justify\"><img loading=\"lazy\" decoding=\"async\" src=\"http:\/\/www.rodolphe-passions.fr\/wordpress\/wp-content\/uploads\/2015\/03\/corima_1.jpg\" alt=\"Corima - Dr\u00f4me Proven\u00e7ale\" width=\"400\" height=\"266\" class=\"alignleft size-full wp-image-2350\" srcset=\"https:\/\/www.rodolphe-passions.fr\/wordpress\/wp-content\/uploads\/2015\/03\/corima_1.jpg 400w, https:\/\/www.rodolphe-passions.fr\/wordpress\/wp-content\/uploads\/2015\/03\/corima_1-300x200.jpg 300w\" sizes=\"(max-width: 400px) 100vw, 400px\" \/>A la bascule \u00e7a ne d\u00e9branche pas, vent de c\u00f4t\u00e9 \u00e0 70 km\/h je suis \u00e0 deux doigts de sauter dans une interminable ligne droite descendante. La situation est vite r\u00e9tablie, et les \u00e0-coups se succ\u00e8dent en t\u00eate, jusqu&rsquo;au <strong>col de Vesc<\/strong> o\u00f9 brouillard et pluie fine font leur apparition. L&rsquo;affaire se corse, et l&rsquo;\u00e9chapp\u00e9e d\u00e9cisive se forme dans la descente. Six hommes forts dont De Vecchi se d\u00e9gagent sans que \u00e7a ne r\u00e9agisse imm\u00e9diatement derri\u00e8re ; nous les perdons bient\u00f4t de vue.<\/p>\n<p align=\"justify\">S\u00e9bastien nous rejoint enfin (apr\u00e8s un d\u00e9part tardif en fond de sas) et imprime un gros rythme avec David dans la difficult\u00e9 suivante, le <strong>col du Grand Bois<\/strong> tandis que Nicolas Ougier et Lionel Genthon sortent en contre derri\u00e8re les hommes de t\u00eate. Je ne suis pas \u00e0 la f\u00eate, tenant bon dans un groupe qui se r\u00e9duit au gr\u00e9 des ascensions. Si le froid me t\u00e9tanise un peu au pied des ascensions, je retrouve de bonnes sensations dans le <strong>col de Pascalin<\/strong> pour basculer non loin du groupe, toujours men\u00e9 par S\u00e9bastien.<\/p>\n<p align=\"justify\">David et Olivier m&rsquo;accompagnent dans la chasse, Patrick \u00e9galement pour basculer \u00e0 20&Prime; de nos adversaires directs dans une descente humide et brumeuse. Avec appr\u00e9hension David l\u00e2che prise, et nous roulons de concert avec Olivier pour faire la jonction juste avant la partie plus roulante de la descente. A peine le temps de se ravitailler que \u00e7a recommence \u00e0 rouler dans le groupe ; le froid humide me mord les doigts mais pas le temps de trop y penser. Je filoche un peu en queue de groupe, sentant bien que la prochaine difficult\u00e9 risque d&rsquo;\u00eatre indigeste.<\/p>\n<p align=\"justify\"><img loading=\"lazy\" decoding=\"async\" src=\"http:\/\/www.rodolphe-passions.fr\/wordpress\/wp-content\/uploads\/2015\/03\/corima_2.jpg\" alt=\"Corima - Dr\u00f4me Proven\u00e7ale\" width=\"267\" height=\"400\" class=\"alignright size-full wp-image-2352\" srcset=\"https:\/\/www.rodolphe-passions.fr\/wordpress\/wp-content\/uploads\/2015\/03\/corima_2.jpg 267w, https:\/\/www.rodolphe-passions.fr\/wordpress\/wp-content\/uploads\/2015\/03\/corima_2-200x300.jpg 200w\" sizes=\"(max-width: 267px) 100vw, 267px\" \/>Effectivement d\u00e8s le pied du <strong>col de Tartaiguille<\/strong> je suis dans le dur. Apr\u00e8s 3h30 de course je l\u00e2che prise sur une mont\u00e9e pourtant roulante, \u00e0 plus de 25 km du but. Le mental n&rsquo;y est plus ; je m&rsquo;arr\u00eate satisfaire un besoin naturel au sommet et vois passer quelques l\u00e2ch\u00e9s du groupe, dont St\u00e9phane et Fabien. Je ne les reverrai plus d&rsquo;ici l&rsquo;arriv\u00e9e ; maintenant il s&rsquo;agit de rentrer comme on peut, en appuyant suffisamment fort sur les p\u00e9dales pour se r\u00e9chauffer. Le vent est de c\u00f4t\u00e9, l\u00e9g\u00e8rement favorable et la pluie a cess\u00e9 : apr\u00e8s un dernier ravitaillement \u00e0 Marsanne, il reste \u00e0 g\u00e9rer un petit contre-la-montre d&rsquo;une vingtaine de kilom\u00e8tres.<\/p>\n<p align=\"justify\">Ce que je fais sans trop de mal, un peu aid\u00e9 par les points de mire des coureurs du parcours moyen. Les kilom\u00e8tres d\u00e9filent assez vite et je vois finalement revenir d&rsquo;autres l\u00e2ch\u00e9s de mon groupe sur mes talons, juste avant la plong\u00e9e finale sur Mont\u00e9limar. La route est tortueuse, je ne prends aucun risque jusqu&rsquo;\u00e0 la ligne d&rsquo;arriv\u00e9e, l\u00e2chant d&rsquo;ultimes secondes \u00e0 mes adversaires.<\/p>\n<p align=\"justify\">30\u00b0 scratch \u00e0 15&prime; du trio vainqueur (Cyrille Pottier, David Montanari, Stephano Nicoletti), c&rsquo;est le tarif habituel sur ce type d&rsquo;\u00e9preuve&#8230; surtout avec une m\u00e9t\u00e9o que je n&rsquo;appr\u00e9cie gu\u00e8re. S\u00e9bastien termine 18\u00b0 apr\u00e8s avoir men\u00e9 le groupe \u00e0 un train d&rsquo;enfer, David un peu plus loin derri\u00e8re -en hypothermie- \u00e0 la 38\u00b0 position. Sur le 110 km Brice r\u00e9alise comme d&rsquo;habitude une performance de haute vol\u00e9e, finissant au pied du podium dans le sprint pour la deuxi\u00e8me place. La saison est bien lanc\u00e9e : prochain rendez-vous en FFC dans les Hautes-Alpes, du c\u00f4t\u00e9 de Romette-Chaillol \ud83d\ude42 <\/p>\n<p align=\"justify\">R\u00e9sultat(s) : <a href=\"http:\/\/www.rodolphe-passions.fr\/wordpress\/wp-content\/uploads\/2015\/03\/corima_drome_provencale.pdf\">Corima &#8211; Dr\u00f4me Proven\u00e7ale &#8211; grand parcours<\/a><\/p>\n<p><center><iframe height='405' width='590' frameborder='0' allowtransparency='true' scrolling='no' src='https:\/\/app.strava.com\/activities\/272429292\/embed\/e854681e60482c8f00546399d3b88a1fc01902fb'><\/iframe><\/center><\/p>\n","protected":false},"excerpt":{"rendered":"<p>Absent l&rsquo;an pass\u00e9 sur blessure (clavicule), je retrouve cette ann\u00e9e la Dr\u00f4me Proven\u00e7ale \u00e0 l&rsquo;occasion de la Corima. Le parcours reste casse-patte et plut\u00f4t roulant (140 km &#8211; 2016 m annonc\u00e9s), avec une m\u00e9t\u00e9o incertaine \u00e0 cette \u00e9poque de l&rsquo;ann\u00e9e. &hellip; <a href=\"https:\/\/www.rodolphe-passions.fr\/wordpress\/2015\/03\/corima-drome-provencale-4\/\">Continuer la lecture <span class=\"meta-nav\">&rarr;<\/span><\/a><\/p>\n","protected":false},"author":1,"featured_media":0,"comment_status":"open","ping_status":"open","sticky":false,"template":"","format":"standard","meta":{"jetpack_post_was_ever_published":false,"_jetpack_newsletter_access":"","_jetpack_dont_email_post_to_subs":false,"_jetpack_newsletter_tier_id":0,"_jetpack_memberships_contains_paywalled_content":false,"_jetpack_memberships_contains_paid_content":false,"footnotes":"","jetpack_publicize_message":"","jetpack_publicize_feature_enabled":true,"jetpack_social_post_already_shared":true,"jetpack_social_options":{"image_generator_settings":{"template":"highway","enabled":false},"version":2}},"categories":[4],"tags":[],"class_list":["post-2335","post","type-post","status-publish","format-standard","hentry","category-cyclosportives"],"jetpack_publicize_connections":[],"jetpack_featured_media_url":"","jetpack_shortlink":"https:\/\/wp.me\/p12zYw-BF","jetpack_sharing_enabled":true,"jetpack_likes_enabled":true,"_links":{"self":[{"href":"https:\/\/www.rodolphe-passions.fr\/wordpress\/wp-json\/wp\/v2\/posts\/2335"}],"collection":[{"href":"https:\/\/www.rodolphe-passions.fr\/wordpress\/wp-json\/wp\/v2\/posts"}],"about":[{"href":"https:\/\/www.rodolphe-passions.fr\/wordpress\/wp-json\/wp\/v2\/types\/post"}],"author":[{"embeddable":true,"href":"https:\/\/www.rodolphe-passions.fr\/wordpress\/wp-json\/wp\/v2\/users\/1"}],"replies":[{"embeddable":true,"href":"https:\/\/www.rodolphe-passions.fr\/wordpress\/wp-json\/wp\/v2\/comments?post=2335"}],"version-history":[{"count":14,"href":"https:\/\/www.rodolphe-passions.fr\/wordpress\/wp-json\/wp\/v2\/posts\/2335\/revisions"}],"predecessor-version":[{"id":2354,"href":"https:\/\/www.rodolphe-passions.fr\/wordpress\/wp-json\/wp\/v2\/posts\/2335\/revisions\/2354"}],"wp:attachment":[{"href":"https:\/\/www.rodolphe-passions.fr\/wordpress\/wp-json\/wp\/v2\/media?parent=2335"}],"wp:term":[{"taxonomy":"category","embeddable":true,"href":"https:\/\/www.rodolphe-passions.fr\/wordpress\/wp-json\/wp\/v2\/categories?post=2335"},{"taxonomy":"post_tag","embeddable":true,"href":"https:\/\/www.rodolphe-passions.fr\/wordpress\/wp-json\/wp\/v2\/tags?post=2335"}],"curies":[{"name":"wp","href":"https:\/\/api.w.org\/{rel}","templated":true}]}}