{"id":2495,"date":"2015-06-06T20:00:10","date_gmt":"2015-06-06T19:00:10","guid":{"rendered":"http:\/\/www.rodolphe-passions.info\/wordpress\/?p=2495"},"modified":"2015-06-09T06:43:10","modified_gmt":"2015-06-09T05:43:10","slug":"ventoux-beaumes-de-venise-4","status":"publish","type":"post","link":"https:\/\/www.rodolphe-passions.fr\/wordpress\/2015\/06\/ventoux-beaumes-de-venise-4\/","title":{"rendered":"Ventoux &#8211; Beaumes de Venise"},"content":{"rendered":"<p align=\"justify\">Conforme \u00e0 l&rsquo;alternance des parcours, cette ann\u00e9e nous avons droit au \u00ab\u00a0petit\u00a0\u00bb (mais costaud) parcours \u00e0 la Ventoux &#8211; Beaumes de Venise. Vu la chaleur r\u00e9gnant au d\u00e9part il risque d&rsquo;\u00eatre largement suffisant pour d\u00e9signer les hommes forts, la temp\u00e9rature approchant d\u00e9j\u00e0 les 30\u00b0C tandis que je discute au d\u00e9part avec Gr\u00e9gory. La mise en route est laborieuse mais rapide, direction la <strong>c\u00f4te de Roque-Alric<\/strong>. Cal\u00e9 devant avec Bernd les sensations ne sont pas extraordinaires, d&rsquo;un autre c\u00f4t\u00e9 on grimpe souvent \u00e0 plus de 300 watts et \u00e7a \u00e9cr\u00e8me rapidement derri\u00e8re. M\u00eame sch\u00e9ma dans la <strong>c\u00f4te de Suzette<\/strong> o\u00f9 nous ne sommes plus qu&rsquo;une bonne vingtaine devant, tous parcours confondus.<\/p>\n<p align=\"justify\"><img loading=\"lazy\" decoding=\"async\" src=\"http:\/\/www.rodolphe-passions.fr\/wordpress\/wp-content\/uploads\/2015\/06\/ventoux_1.jpg\" alt=\"Ventoux - Beaumes de Venise\" width=\"400\" height=\"267\" class=\"alignleft size-full wp-image-2503\" srcset=\"https:\/\/www.rodolphe-passions.fr\/wordpress\/wp-content\/uploads\/2015\/06\/ventoux_1.jpg 400w, https:\/\/www.rodolphe-passions.fr\/wordpress\/wp-content\/uploads\/2015\/06\/ventoux_1-300x200.jpg 300w\" sizes=\"(max-width: 400px) 100vw, 400px\" \/>Encore quelques kilom\u00e8tres et nous atteignons Malauc\u00e8ne, pied de LA difficult\u00e9 du jour : le <strong>G\u00e9ant de Provence<\/strong>. Sentant les jambes revenir je mets un bon tempo d\u00e8s le pied, profitant de la relative fra\u00eecheur : nous transpirons d\u00e9j\u00e0 abondamment, et si certains souffrent la d\u00e9cision tarde \u00e0 se faire. Quelques kilom\u00e8tres passent ainsi, et dans les premi\u00e8res pentes difficiles certains mettent le nez \u00e0 la fen\u00eatre : Philipp prend quelques m\u00e8tres, bien pist\u00e9 par David mais \u00e7a rentre, l&rsquo;\u00e9lastique se tend mais ne rompt pas.<\/p>\n<p align=\"justify\">En revanche lorsque Kenny place une belle acc\u00e9l\u00e9ration le groupe de t\u00eate explose, je l\u00e2che avec Bernd et un jeune Belge puis maintiens le rythme&#8230; des fois que \u00e7a se regarde un peu devant. Heureusement le vent est nul, et dans un replat avant le Mont Serein \u00e7a se ravitaille devant : je fais la jonction en quelques minutes et ne l\u00e2cherai plus jusqu&rsquo;au sommet, malgr\u00e9 quelques tentatives de Kenny. Au sommet on respire un peu, mais le coupe-vent est inutile \ud83d\ude42 Nous sommes sept dont le leader du petit parcours : Ludovic Colomb qui ira chercher la victoire apr\u00e8s un long raid solitaire, comme en 2013.<\/p>\n<p align=\"justify\">De mon c\u00f4t\u00e9 il y a quelques tr\u00e8s bons descendeurs, aussi je reste concentr\u00e9 pour ne pas me faire avoir. Au Chalet-Reynard les relais tournent bien : avec David De Vecchi, Michel Roux, Philipp Schaddel, Bernd Hornetz et Kenny Nijssen c&rsquo;est \u00e0 coup s\u00fbr la bonne. Avec un rythme tr\u00e8s r\u00e9gulier y compris dans les ascensions j&rsquo;y tiens ma place sans trop de mal : la ru\u00e9e vers l&rsquo;eau peut alors commencer avec le thermom\u00e8tre qui ne cesse de grimper (pr\u00e8s de 40\u00b0 dans les gorges du Toulourenc). L&rsquo;organisation et les motos ouvreuses nous aident bien en nous donnant des bouteilles : pas d&rsquo;arr\u00eat superflu.<\/p>\n<p align=\"justify\"><img loading=\"lazy\" decoding=\"async\" src=\"http:\/\/www.rodolphe-passions.fr\/wordpress\/wp-content\/uploads\/2015\/06\/ventoux_2.jpg\" alt=\"Ventoux - Beaumes de Venise\" width=\"400\" height=\"199\" class=\"alignright size-full wp-image-2504\" srcset=\"https:\/\/www.rodolphe-passions.fr\/wordpress\/wp-content\/uploads\/2015\/06\/ventoux_2.jpg 400w, https:\/\/www.rodolphe-passions.fr\/wordpress\/wp-content\/uploads\/2015\/06\/ventoux_2-300x149.jpg 300w\" sizes=\"(max-width: 400px) 100vw, 400px\" \/>L&rsquo;entente reste tr\u00e8s bonne au fil des kilom\u00e8tres : \u00e0 l&rsquo;approche du <strong>col de Veaux<\/strong> nos plus proches poursuivants pointent \u00e0 plus de quatre minutes, sauf incident l&rsquo;affaire est pli\u00e9e. Rien ne se passe dans l&rsquo;ascension, o\u00f9 Bernd se contente d&rsquo;imprimer un train soutenu. Je commence \u00e0 grimacer en m\u00eame temps que les bidons se vident, mais \u00e7a passe. Le sommet franchi il reste une vingtaine de kilom\u00e8tres \u00e0 couvrir : la d\u00e9cision se fera \u00e0 coup s\u00fbr dans le <strong>col de la Cha\u00eene<\/strong>. Et elle ne tarde pas \u00e0 venir avec une attaque de Bernd, bien suivi par David. Derri\u00e8re \u00e7a plafonne mais les \u00e9carts restent faibles : Kenny, Michel, moi et Philipp suivent dans cet ordre, on est tous \u00e0 fond.<\/p>\n<p align=\"justify\">En vue du sommet je donne le coup de rein pour basculer avec Michel et Kenny, mais craque aussit\u00f4t pour attraper une bouteille d&rsquo;eau car je suis au bord des crampes et les bidons sont vides. Le temps de se rafra\u00eechir et le duo s&rsquo;\u00e9loigne d\u00e9finitivement ; Philipp me reprend m\u00eame dans la descente avant de me d\u00e9poser dans les dentelles de Montmirail. Ma chance est pass\u00e9e, je veille \u00e0 bien finir les derniers kilom\u00e8tres menant \u00e0 l&rsquo;arriv\u00e9e pour conserver une excellente sixi\u00e8me place. Un dernier coup de main d&rsquo;un concurrent du petit parcours, et je coupe la ligne apr\u00e8s 4h12&prime; d&rsquo;effort dans une vraie fournaise.<\/p>\n<p align=\"justify\">Le podium est \u00e0 moins d&rsquo;une minute, le duo vainqueur (David De Vecchi \/ Bernd Hornetz) \u00e0 deux minutes : ce sont les plus difficiles \u00e0 combler. Je reste malgr\u00e9 tout tr\u00e8s satisfait par ce r\u00e9sultat, qui vaut largement ma quatri\u00e8me place de 2013 (dans un contexte moins relev\u00e9). Reste \u00e0 se r\u00e9hydrater, r\u00e9cup\u00e9rer et achever le travail sur la grimp\u00e9e en ligne demain, pour remporter le Troph\u00e9e de Provence (temps cumul\u00e9 sur les Granfondo St-Tropez, Ventoux et la grimp\u00e9e en ligne).<\/p>\n<p align=\"justify\">R\u00e9sultat(s) : <a href=\"http:\/\/www.rodolphe-passions.fr\/wordpress\/wp-content\/uploads\/2015\/06\/ventoux_beaumes_de_venise.pdf\">Ventoux &#8211; Beaumes de Venise &#8211; grand parcours<\/a><\/p>\n<p><center><iframe height='405' width='590' frameborder='0' allowtransparency='true' scrolling='no' src='https:\/\/app.strava.com\/activities\/319609148\/embed\/85f98b0a13cb100ceb2bb592bfaf130b0e4e15fb'><\/iframe><\/center><\/p>\n","protected":false},"excerpt":{"rendered":"<p>Conforme \u00e0 l&rsquo;alternance des parcours, cette ann\u00e9e nous avons droit au \u00ab\u00a0petit\u00a0\u00bb (mais costaud) parcours \u00e0 la Ventoux &#8211; Beaumes de Venise. Vu la chaleur r\u00e9gnant au d\u00e9part il risque d&rsquo;\u00eatre largement suffisant pour d\u00e9signer les hommes forts, la temp\u00e9rature &hellip; <a href=\"https:\/\/www.rodolphe-passions.fr\/wordpress\/2015\/06\/ventoux-beaumes-de-venise-4\/\">Continuer la lecture <span class=\"meta-nav\">&rarr;<\/span><\/a><\/p>\n","protected":false},"author":1,"featured_media":0,"comment_status":"open","ping_status":"open","sticky":false,"template":"","format":"standard","meta":{"jetpack_post_was_ever_published":false,"_jetpack_newsletter_access":"","_jetpack_dont_email_post_to_subs":false,"_jetpack_newsletter_tier_id":0,"_jetpack_memberships_contains_paywalled_content":false,"_jetpack_memberships_contains_paid_content":false,"footnotes":"","jetpack_publicize_message":"","jetpack_publicize_feature_enabled":true,"jetpack_social_post_already_shared":true,"jetpack_social_options":{"image_generator_settings":{"template":"highway","enabled":false},"version":2}},"categories":[4],"tags":[],"class_list":["post-2495","post","type-post","status-publish","format-standard","hentry","category-cyclosportives"],"jetpack_publicize_connections":[],"jetpack_featured_media_url":"","jetpack_shortlink":"https:\/\/wp.me\/p12zYw-Ef","jetpack_sharing_enabled":true,"jetpack_likes_enabled":true,"_links":{"self":[{"href":"https:\/\/www.rodolphe-passions.fr\/wordpress\/wp-json\/wp\/v2\/posts\/2495"}],"collection":[{"href":"https:\/\/www.rodolphe-passions.fr\/wordpress\/wp-json\/wp\/v2\/posts"}],"about":[{"href":"https:\/\/www.rodolphe-passions.fr\/wordpress\/wp-json\/wp\/v2\/types\/post"}],"author":[{"embeddable":true,"href":"https:\/\/www.rodolphe-passions.fr\/wordpress\/wp-json\/wp\/v2\/users\/1"}],"replies":[{"embeddable":true,"href":"https:\/\/www.rodolphe-passions.fr\/wordpress\/wp-json\/wp\/v2\/comments?post=2495"}],"version-history":[{"count":7,"href":"https:\/\/www.rodolphe-passions.fr\/wordpress\/wp-json\/wp\/v2\/posts\/2495\/revisions"}],"predecessor-version":[{"id":2520,"href":"https:\/\/www.rodolphe-passions.fr\/wordpress\/wp-json\/wp\/v2\/posts\/2495\/revisions\/2520"}],"wp:attachment":[{"href":"https:\/\/www.rodolphe-passions.fr\/wordpress\/wp-json\/wp\/v2\/media?parent=2495"}],"wp:term":[{"taxonomy":"category","embeddable":true,"href":"https:\/\/www.rodolphe-passions.fr\/wordpress\/wp-json\/wp\/v2\/categories?post=2495"},{"taxonomy":"post_tag","embeddable":true,"href":"https:\/\/www.rodolphe-passions.fr\/wordpress\/wp-json\/wp\/v2\/tags?post=2495"}],"curies":[{"name":"wp","href":"https:\/\/api.w.org\/{rel}","templated":true}]}}