{"id":2532,"date":"2015-06-21T20:00:48","date_gmt":"2015-06-21T19:00:48","guid":{"rendered":"http:\/\/www.rodolphe-passions.info\/wordpress\/?p=2532"},"modified":"2015-06-29T14:07:59","modified_gmt":"2015-06-29T13:07:59","slug":"morzine-haut-chablais-2","status":"publish","type":"post","link":"https:\/\/www.rodolphe-passions.fr\/wordpress\/2015\/06\/morzine-haut-chablais-2\/","title":{"rendered":"Morzine &#8211; Haut-Chablais"},"content":{"rendered":"<p align=\"justify\">Apr\u00e8s ma d\u00e9convenue m\u00e9canique le week-end pr\u00e9c\u00e9dent, ce n&rsquo;est pas l&rsquo;averse qui tombe juste avant le d\u00e9part qui douche ma motivation. Pourtant il ne fait pas sp\u00e9cialement chaud \u00e0 Morzine, la m\u00e9t\u00e9o est pour le moins mitig\u00e9e. Le plateau est de qualit\u00e9 avec quelques Belges, les fr\u00e8res Ruffaut et les habitu\u00e9s de ce genre de rendez-vous (David, Jean-Francis, J\u00e9r\u00f4me&#8230;) ; les places dans le top 10 seront ch\u00e8res.<\/p>\n<p align=\"justify\"><img loading=\"lazy\" decoding=\"async\" src=\"http:\/\/www.rodolphe-passions.fr\/wordpress\/wp-content\/uploads\/2015\/06\/morzine_haut_chablais_1.jpg\" alt=\"Morzine - Haut-Chablais\" width=\"400\" height=\"268\" class=\"alignleft size-full wp-image-2537\" srcset=\"https:\/\/www.rodolphe-passions.fr\/wordpress\/wp-content\/uploads\/2015\/06\/morzine_haut_chablais_1.jpg 400w, https:\/\/www.rodolphe-passions.fr\/wordpress\/wp-content\/uploads\/2015\/06\/morzine_haut_chablais_1-300x201.jpg 300w\" sizes=\"(max-width: 400px) 100vw, 400px\" \/>Pas de round d&rsquo;observation : d\u00e8s la travers\u00e9e morzinoise Michiel et J\u00fcrgen font la descente tremp\u00e9e \u00e0 bloc et \u00e7a commence d\u00e9j\u00e0 \u00e0 casser d\u00e8s l&rsquo;arriv\u00e9e dans Montriond, pied du <strong>col de Joux-Verte<\/strong>. Comme l&rsquo;an dernier Lo\u00efc n&rsquo;attend pas et teste la meute : les acc\u00e9l\u00e9rations font mal et le groupe se r\u00e9duit rapidement \u00e0 une douzaine d&rsquo;unit\u00e9s aux Lindarets, lorsqu&rsquo;il se rel\u00e8ve pour laisser souffler son fr\u00e8re Pierre.<\/p>\n<p align=\"justify\">Une bonne averse nous douche avant le sommet, mouillant copieusement la route et incitant chacun \u00e0 descendre calmement. De retour \u00e0 Morzine les \u00e9carts restent faibles ; si J\u00fcrgen prend un peu de champ, la poursuite est molle et permet le retour d&rsquo;une demi-douzaine de concurrents. Peu importe, car se profile d\u00e9j\u00e0 le <strong>col du Corbier<\/strong> : Lo\u00efc remet une bonne couche et le groupe explose. J\u00e9r\u00f4me parvient \u00e0 recoller aux hommes de t\u00eate (Alban, Florian, J\u00fcrgen, Lo\u00efc, Pierre) au prix d&rsquo;un gros effort, avant de l\u00e2cher dans la descente.<\/p>\n<p align=\"justify\">On encha\u00eene rapidement avec le <strong>col du Grand-Taillet<\/strong> : nous r\u00e9cup\u00e9rons J\u00e9r\u00f4me et J\u00fcrgen, le bras de fer continue avec la t\u00eate mais malgr\u00e9 un gros travail de Jean-Francis l&rsquo;\u00e9cart stagne autour de 1&rsquo;30&Prime;&#8230; Et eux sont capables de relancer fort dans les rares parties planes. Le sch\u00e9ma se r\u00e9p\u00e8te dans la <strong>c\u00f4te de la Vernaz<\/strong> : j&rsquo;y zappe le ravitaillement, avec 20\u00b0C max aujourd&rsquo;hui deux bidons doivent suffire. La descente est globalement s\u00e8che et en bon \u00e9tat : les virages s&rsquo;encha\u00eenent rapidement avant un petit bout de vall\u00e9e.<\/p>\n<p align=\"justify\">Chacun souffle un peu avant le <strong>col de Jambaz<\/strong> alors que \u00e7a cravache en t\u00eate : logiquement nous perdons deux bonnes minutes dans l&rsquo;affaire, soit quasiment 4&prime; au sommet. Sauf d\u00e9faillance l&rsquo;affaire est entendue pour la victoire, et connaissant le calibre de certains devant&#8230; Je songe davantage \u00e0 m&rsquo;\u00e9conomiser en vue de l&rsquo;encha\u00eenement final. Car suite \u00e0 un \u00e9boulement le col de Joux-Plane n&rsquo;est pas accessible depuis Morzine ; il est remplac\u00e9 par un duo de cols in\u00e9dits : Ramaz et Encrenaz.<\/p>\n<p align=\"justify\"><img loading=\"lazy\" decoding=\"async\" src=\"http:\/\/www.rodolphe-passions.fr\/wordpress\/wp-content\/uploads\/2015\/06\/morzine_haut_chablais_2.jpg\" alt=\"Morzine - Haut-Chablais\" width=\"400\" height=\"267\" class=\"alignright size-full wp-image-2541\" srcset=\"https:\/\/www.rodolphe-passions.fr\/wordpress\/wp-content\/uploads\/2015\/06\/morzine_haut_chablais_2.jpg 400w, https:\/\/www.rodolphe-passions.fr\/wordpress\/wp-content\/uploads\/2015\/06\/morzine_haut_chablais_2-300x200.jpg 300w\" sizes=\"(max-width: 400px) 100vw, 400px\" \/>Le soleil fait son retour au pied du <strong>col de la Ramaz<\/strong>, qui devrait d\u00e9cider des places d&rsquo;honneurs dans notre groupe. Je me d\u00e9couvre au maximum, et c&rsquo;est parti pour une longue ascension de 10 km. Connaissant bien les lieux Jean-Francis ne perd pas de temps et acc\u00e9l\u00e8re d\u00e8s les pentes les plus raides. Quelques coureurs dont Cl\u00e9ment et David d\u00e9crochent ; je les imite quelques hectom\u00e8tres plus loin, incapable de recoller au train en marche.<\/p>\n<p align=\"justify\">Lentement mais s\u00fbrement je vois filer Jean-Francis, J\u00e9r\u00e9my, J\u00e9r\u00f4me, J\u00fcrgen et Michiel jusqu&rsquo;\u00e0 Sommand o\u00f9 je limite le d\u00e9bours \u00e0 une trentaine de secondes. Dans le replat qui suit \u00e7a se g\u00e2te : seul face \u00e0 quatre hommes organis\u00e9s et surtout plus forts que moi je perds toute chance de revenir dans un magnifique d\u00e9cor de montagne. Je prends un petit coup au moral, d&rsquo;autant qu&rsquo;il reste encore l&rsquo;Encrenaz, puis la mont\u00e9e finale vers les Gets en dessert&#8230; Plut\u00f4t indigeste \ud83d\ude1b <\/p>\n<p align=\"justify\">Malgr\u00e9 tout je maintiens l&rsquo;allure, y compris dans la descente o\u00f9 il fait presque froid : mais \u00e7a ne dure pas, une petite \u00e9pingle en for\u00eat et j&rsquo;attaque le <strong>col de l&rsquo;Encrenaz<\/strong>. Plus court et moins difficile que son pr\u00e9d\u00e9cesseur il est toutefois irr\u00e9gulier ; au cap des quatre heures de course j&rsquo;y rattrape un Florian d\u00e9faillant. Il m&rsquo;accompagne jusqu&rsquo;au sommet, avant de craquer dans la descente o\u00f9 je m&rsquo;habille un peu plus et avale un dernier gel. Devant c&rsquo;est loin, je m&rsquo;attache \u00e0 descendre prudemment au milieu des concurrents du petit parcours.<\/p>\n<p align=\"justify\">Virage \u00e0 droite \u00e0 l&rsquo;entr\u00e9e de Morzine, pour monter jusqu&rsquo;\u00e0 l&rsquo;arriv\u00e9e <strong>aux Gets<\/strong>. Le vent nous pousse jusqu&rsquo;\u00e0 la ligne en pente douce et c&rsquo;est heureux, car j&rsquo;en ai plein les soquettes. L&rsquo;\u00e9cart avec David est important ; je finis avec ce qu&rsquo;il me reste d&rsquo;\u00e9nergie pour couper la ligne en 9\u00b0 position, \u00e0 plus de dix minutes des vainqueurs Alban Comparat et Lo\u00efc Ruffaut. Dans un contexte nettement plus relev\u00e9 que l&rsquo;an pass\u00e9 c&rsquo;\u00e9tait difficile de jouer \u00e0 nouveau le podium&#8230; En tout cas aujourd&rsquo;hui je n&rsquo;avais pas les jambes pour \ud83d\ude42 <\/p>\n<p align=\"justify\">R\u00e9sultat(s) : <a href=\"http:\/\/www.rodolphe-passions.fr\/wordpress\/wp-content\/uploads\/2015\/06\/morzine_haut_chablais.pdf\">Morzine &#8211; Haut-Chablais &#8211; grand parcours<\/a><\/p>\n<p><center><iframe height='405' width='590' frameborder='0' allowtransparency='true' scrolling='no' src='https:\/\/app.strava.com\/activities\/330227626\/embed\/507834f2ccd00becdcde366d38681a6e0ead8e95'><\/iframe><\/center><\/p>\n","protected":false},"excerpt":{"rendered":"<p>Apr\u00e8s ma d\u00e9convenue m\u00e9canique le week-end pr\u00e9c\u00e9dent, ce n&rsquo;est pas l&rsquo;averse qui tombe juste avant le d\u00e9part qui douche ma motivation. Pourtant il ne fait pas sp\u00e9cialement chaud \u00e0 Morzine, la m\u00e9t\u00e9o est pour le moins mitig\u00e9e. Le plateau est &hellip; <a href=\"https:\/\/www.rodolphe-passions.fr\/wordpress\/2015\/06\/morzine-haut-chablais-2\/\">Continuer la lecture <span class=\"meta-nav\">&rarr;<\/span><\/a><\/p>\n","protected":false},"author":1,"featured_media":0,"comment_status":"open","ping_status":"open","sticky":false,"template":"","format":"standard","meta":{"jetpack_post_was_ever_published":false,"_jetpack_newsletter_access":"","_jetpack_dont_email_post_to_subs":false,"_jetpack_newsletter_tier_id":0,"_jetpack_memberships_contains_paywalled_content":false,"_jetpack_memberships_contains_paid_content":false,"footnotes":"","jetpack_publicize_message":"","jetpack_publicize_feature_enabled":true,"jetpack_social_post_already_shared":true,"jetpack_social_options":{"image_generator_settings":{"template":"highway","enabled":false},"version":2}},"categories":[4],"tags":[],"class_list":["post-2532","post","type-post","status-publish","format-standard","hentry","category-cyclosportives"],"jetpack_publicize_connections":[],"jetpack_featured_media_url":"","jetpack_shortlink":"https:\/\/wp.me\/p12zYw-EQ","jetpack_sharing_enabled":true,"jetpack_likes_enabled":true,"_links":{"self":[{"href":"https:\/\/www.rodolphe-passions.fr\/wordpress\/wp-json\/wp\/v2\/posts\/2532"}],"collection":[{"href":"https:\/\/www.rodolphe-passions.fr\/wordpress\/wp-json\/wp\/v2\/posts"}],"about":[{"href":"https:\/\/www.rodolphe-passions.fr\/wordpress\/wp-json\/wp\/v2\/types\/post"}],"author":[{"embeddable":true,"href":"https:\/\/www.rodolphe-passions.fr\/wordpress\/wp-json\/wp\/v2\/users\/1"}],"replies":[{"embeddable":true,"href":"https:\/\/www.rodolphe-passions.fr\/wordpress\/wp-json\/wp\/v2\/comments?post=2532"}],"version-history":[{"count":7,"href":"https:\/\/www.rodolphe-passions.fr\/wordpress\/wp-json\/wp\/v2\/posts\/2532\/revisions"}],"predecessor-version":[{"id":2551,"href":"https:\/\/www.rodolphe-passions.fr\/wordpress\/wp-json\/wp\/v2\/posts\/2532\/revisions\/2551"}],"wp:attachment":[{"href":"https:\/\/www.rodolphe-passions.fr\/wordpress\/wp-json\/wp\/v2\/media?parent=2532"}],"wp:term":[{"taxonomy":"category","embeddable":true,"href":"https:\/\/www.rodolphe-passions.fr\/wordpress\/wp-json\/wp\/v2\/categories?post=2532"},{"taxonomy":"post_tag","embeddable":true,"href":"https:\/\/www.rodolphe-passions.fr\/wordpress\/wp-json\/wp\/v2\/tags?post=2532"}],"curies":[{"name":"wp","href":"https:\/\/api.w.org\/{rel}","templated":true}]}}