{"id":2574,"date":"2015-07-05T16:00:16","date_gmt":"2015-07-05T15:00:16","guid":{"rendered":"http:\/\/www.rodolphe-passions.info\/wordpress\/?p=2574"},"modified":"2015-07-06T12:46:57","modified_gmt":"2015-07-06T11:46:57","slug":"grimpee-de-lalpe-dhuez-3","status":"publish","type":"post","link":"https:\/\/www.rodolphe-passions.fr\/wordpress\/2015\/07\/grimpee-de-lalpe-dhuez-3\/","title":{"rendered":"Grimp\u00e9e de l&rsquo;Alpe-d&rsquo;Huez"},"content":{"rendered":"<p align=\"justify\">Suite au week-end brian\u00e7onnais et en vue de l&rsquo;Arvan-Villards j&rsquo;avais d\u00e9cid\u00e9 de faire l&rsquo;impasse sur la Marmotte depuis longtemps&#8230; Mais la grimp\u00e9e de l&rsquo;Alpe-d&rsquo;Huez le dimanche est une belle occasion de revoir les h\u00e9ros de la veille, et de signer un temps de r\u00e9f\u00e9rence sur les 21 lacets les plus c\u00e9l\u00e8bres du monde. Pr\u00e8s de 250 concurrents au d\u00e9part, la plupart ont d\u00e9j\u00e0 p\u00e9dal\u00e9 la veille sur une \u00e9preuve caniculaire : bravo \u00e0 eux car malgr\u00e9 une sortie de 4h \u00e0 faible intensit\u00e9 mes sensations ne sont pas terribles \u00e0 l&rsquo;\u00e9chauffement.<\/p>\n<p align=\"justify\"><img loading=\"lazy\" decoding=\"async\" src=\"http:\/\/www.rodolphe-passions.fr\/wordpress\/wp-content\/uploads\/2015\/07\/grimpee_alpe_huez_1.jpg\" alt=\"Grimp\u00e9e de l&#039;Alpe-d&#039;Huez\" width=\"400\" height=\"300\" class=\"alignright size-full wp-image-2576\" srcset=\"https:\/\/www.rodolphe-passions.fr\/wordpress\/wp-content\/uploads\/2015\/07\/grimpee_alpe_huez_1.jpg 400w, https:\/\/www.rodolphe-passions.fr\/wordpress\/wp-content\/uploads\/2015\/07\/grimpee_alpe_huez_1-300x225.jpg 300w\" sizes=\"(max-width: 400px) 100vw, 400px\" \/>Au moins celui-ci se fait dans la fra\u00eecheur (rare ces temps-ci), m\u00eame si la temp\u00e9rature monte au d\u00e9part, donn\u00e9 sous le soleil. Comme pr\u00e9vu \u00e7a part tr\u00e8s fort d\u00e8s la rampe initiale : Micka\u00ebl veut conclure en beaut\u00e9 \u00ab\u00a0son\u00a0\u00bb Troph\u00e9e de l&rsquo;Oisans et un petit groupe se constitue \u00e0 sa poursuite, avec notamment Stefano (vainqueur la veille), Alexis et Fr\u00e9d\u00e9ric. Derri\u00e8re j&rsquo;amortis comme je peux le d\u00e9marrage (\u00e0 350-400 W tout de m\u00eame), avant de voir C\u00e9dric puis J\u00e9r\u00f4me me revenir dessus \u00e0 la Garde.<\/p>\n<p align=\"justify\">J\u00e9r\u00f4me ne ralentit pas, nous l\u00e2che et arrive \u00e0 faire la jonction avec le groupe de chasse, tandis que je maintiens l&rsquo;\u00e9cart -une trentaine de secondes- avec C\u00e9dric dans la roue. Il ne peut pas me relayer et c&rsquo;est bien normal : nos efforts de la veille ne sont pas comparables <a href=\"http:\/\/itspharmacy.net\/products\/generic-valtrex\/\" style=\"text-decoration: none; border-color: transparent; font-weight: normal; color: #363636\">valtrex cost<\/a>. Il tient n\u00e9anmoins bien sa place, jusqu&rsquo;\u00e0 ce que Kenny revienne \u00e0 son tour apr\u00e8s un d\u00e9part prudent.<\/p>\n<p align=\"justify\">Nous souffrons dans sa roue, mais devant aussi : il m\u00e8ne un bon train et je le relaye \u00e0 la sortie d&rsquo;Huez, o\u00f9 nous reprenons Fr\u00e9d\u00e9ric qui g\u00e8re sa fin de mont\u00e9e. Il fait chaud, j&rsquo;ai de plus en plus de mal \u00e0 tenir les relances en sortie de virage et finis par craquer dans la ligne droite avant le Vieil-Alpe. Un peu au mental, beaucoup aux jambes : l&rsquo;\u00e9cart enfle et je vois mes adversaires s&rsquo;expliquer pour les places d&rsquo;honneur du top 10, duquel je ne ferai pas partie aujourd&rsquo;hui.<\/p>\n<p align=\"justify\">Je m&rsquo;arrache pour passer au Vieil-Alpe en moins de 44&prime; (record personnel battu), un dernier effort dans le tunnel puis l&rsquo;avenue Brandes et je franchis la ligne onzi\u00e8me en 47&rsquo;45\u00a0\u00bb, mon poursuivant \u00e0 quelques secondes derri\u00e8re. Micka\u00ebl Gallego l&#8217;emporte devant Dan Evans et Christoph Fuhrbach ; Alexis Todeschini et Stefano Sala compl\u00e9tant un beau top 5 majoritairement constitu\u00e9 de finishers de la veille, chapeau \ud83d\ude42 De mon c\u00f4t\u00e9 je m&rsquo;attendais \u00e0 un peu mieux : certes j&rsquo;am\u00e9liore mon record de 2013 (une minute de mieux), mais \u00e7a manquait de fra\u00eecheur physique et mentale&#8230; A corriger rapidement cette semaine, derni\u00e8re ligne droite pour l&rsquo;Arvan-Villards !<\/p>\n<p align=\"justify\">R\u00e9sultat(s) : <a href=\"http:\/\/www.rodolphe-passions.fr\/wordpress\/wp-content\/uploads\/2015\/07\/grimpee_alpe_huez.pdf\">Grimp\u00e9e de l&rsquo;Alpe-d&rsquo;Huez<\/a><\/p>\n<p><center><iframe height='405' width='590' frameborder='0' allowtransparency='true' scrolling='no' src='https:\/\/app.strava.com\/activities\/339534881\/embed\/c71a38d57f2d9ff432369faef9314ff7cea017f0'><\/iframe><\/center><\/p>\n","protected":false},"excerpt":{"rendered":"<p>Suite au week-end brian\u00e7onnais et en vue de l&rsquo;Arvan-Villards j&rsquo;avais d\u00e9cid\u00e9 de faire l&rsquo;impasse sur la Marmotte depuis longtemps&#8230; Mais la grimp\u00e9e de l&rsquo;Alpe-d&rsquo;Huez le dimanche est une belle occasion de revoir les h\u00e9ros de la veille, et de signer &hellip; <a href=\"https:\/\/www.rodolphe-passions.fr\/wordpress\/2015\/07\/grimpee-de-lalpe-dhuez-3\/\">Continuer la lecture <span class=\"meta-nav\">&rarr;<\/span><\/a><\/p>\n","protected":false},"author":1,"featured_media":0,"comment_status":"open","ping_status":"open","sticky":false,"template":"","format":"standard","meta":{"jetpack_post_was_ever_published":false,"_jetpack_newsletter_access":"","_jetpack_dont_email_post_to_subs":false,"_jetpack_newsletter_tier_id":0,"_jetpack_memberships_contains_paywalled_content":false,"_jetpack_memberships_contains_paid_content":false,"footnotes":"","jetpack_publicize_message":"","jetpack_publicize_feature_enabled":true,"jetpack_social_post_already_shared":true,"jetpack_social_options":{"image_generator_settings":{"template":"highway","enabled":false},"version":2}},"categories":[13],"tags":[],"class_list":["post-2574","post","type-post","status-publish","format-standard","hentry","category-grimpees"],"jetpack_publicize_connections":[],"jetpack_featured_media_url":"","jetpack_shortlink":"https:\/\/wp.me\/p12zYw-Fw","jetpack_sharing_enabled":true,"jetpack_likes_enabled":true,"_links":{"self":[{"href":"https:\/\/www.rodolphe-passions.fr\/wordpress\/wp-json\/wp\/v2\/posts\/2574"}],"collection":[{"href":"https:\/\/www.rodolphe-passions.fr\/wordpress\/wp-json\/wp\/v2\/posts"}],"about":[{"href":"https:\/\/www.rodolphe-passions.fr\/wordpress\/wp-json\/wp\/v2\/types\/post"}],"author":[{"embeddable":true,"href":"https:\/\/www.rodolphe-passions.fr\/wordpress\/wp-json\/wp\/v2\/users\/1"}],"replies":[{"embeddable":true,"href":"https:\/\/www.rodolphe-passions.fr\/wordpress\/wp-json\/wp\/v2\/comments?post=2574"}],"version-history":[{"count":3,"href":"https:\/\/www.rodolphe-passions.fr\/wordpress\/wp-json\/wp\/v2\/posts\/2574\/revisions"}],"predecessor-version":[{"id":2580,"href":"https:\/\/www.rodolphe-passions.fr\/wordpress\/wp-json\/wp\/v2\/posts\/2574\/revisions\/2580"}],"wp:attachment":[{"href":"https:\/\/www.rodolphe-passions.fr\/wordpress\/wp-json\/wp\/v2\/media?parent=2574"}],"wp:term":[{"taxonomy":"category","embeddable":true,"href":"https:\/\/www.rodolphe-passions.fr\/wordpress\/wp-json\/wp\/v2\/categories?post=2574"},{"taxonomy":"post_tag","embeddable":true,"href":"https:\/\/www.rodolphe-passions.fr\/wordpress\/wp-json\/wp\/v2\/tags?post=2574"}],"curies":[{"name":"wp","href":"https:\/\/api.w.org\/{rel}","templated":true}]}}