{"id":2593,"date":"2015-07-13T20:00:29","date_gmt":"2015-07-13T19:00:29","guid":{"rendered":"http:\/\/www.rodolphe-passions.info\/wordpress\/?p=2593"},"modified":"2015-07-14T20:04:11","modified_gmt":"2015-07-14T19:04:11","slug":"arvan-villards-2-2","status":"publish","type":"post","link":"https:\/\/www.rodolphe-passions.fr\/wordpress\/2015\/07\/arvan-villards-2-2\/","title":{"rendered":"Arvan-Villards #2"},"content":{"rendered":"<p align=\"justify\">Une bonne nuit (en partie) r\u00e9paratrice, et nous nous retrouvons \u00e0 nouveau au d\u00e9part d&rsquo;Hermillon : m\u00eame heure, m\u00eame m\u00e9t\u00e9o. Cette fois-ci nous prenons un peu plus de hauteur avec la mont\u00e9e chronom\u00e9tr\u00e9e du T\u00e9l\u00e9graphe, puis du Galibier \u00e0 partir de St-Michel-de-Maurienne. L&rsquo;approche est neutralis\u00e9e derri\u00e8re la voiture ouvreuse ; il fait d\u00e9j\u00e0 chaud et j&rsquo;ai le temps de discuter avec quelques protagonistes de la veille. Certains ne sont pas l\u00e0 aujourd&rsquo;hui, mais Thomas, David, Paul-Emile et Tim vont jouer les premiers r\u00f4les.<\/p>\n<p align=\"justify\"><img loading=\"lazy\" decoding=\"async\" src=\"http:\/\/www.rodolphe-passions.fr\/wordpress\/wp-content\/uploads\/2015\/07\/arvan_villards_3.jpg\" alt=\"Arvan-Villards #2\" width=\"400\" height=\"225\" class=\"alignright size-full wp-image-2595\" srcset=\"https:\/\/www.rodolphe-passions.fr\/wordpress\/wp-content\/uploads\/2015\/07\/arvan_villards_3.jpg 400w, https:\/\/www.rodolphe-passions.fr\/wordpress\/wp-content\/uploads\/2015\/07\/arvan_villards_3-300x169.jpg 300w\" sizes=\"(max-width: 400px) 100vw, 400px\" \/>Rien \u00e0 signaler jusqu&rsquo;au d\u00e9part r\u00e9el au pied du <strong>col du T\u00e9l\u00e9graphe<\/strong> : contrairement \u00e0 la veille l&rsquo;entame se fait sur un tempo \u00e9lev\u00e9, mais pas infernal&#8230; id\u00e9al pour la mise en route. Les jambes r\u00e9pondent bien, j&rsquo;assure le train avec David avant que Gianni ne prenne le relais et \u00e9cr\u00e8me la meute. Au bout de quelques kilom\u00e8tres on retrouve le futur top 5 du classement g\u00e9n\u00e9ral ; derri\u00e8re les \u00e9carts se creusent irr\u00e9m\u00e9diablement.<\/p>\n<p align=\"justify\">A la bifurcation vers Valmeinier le rythme faiblit et David en profite pour placer la premi\u00e8re attaque du jour. Tr\u00e8s belle sortie, j&rsquo;attends la r\u00e9action des autres : Thomas y va avec un temps de retard mais je n&rsquo;ai pas la giclette ni la force de l&rsquo;accompagner. Nous voil\u00e0 trois en chasse, et l&rsquo;\u00e9cart enfle rapidement : une trentaine de secondes au sommet, puis une minute \u00e0 Valloire apr\u00e8s une grosse descente de Thomas. Nous nous battons d\u00e9sormais pour la troisi\u00e8me place, et il y a fort \u00e0 faire avec Tim et Paul-Emile.<\/p>\n<p align=\"justify\"><img loading=\"lazy\" decoding=\"async\" src=\"http:\/\/www.rodolphe-passions.fr\/wordpress\/wp-content\/uploads\/2015\/07\/arvan_villards_4.jpg\" alt=\"Arvan-Villards #2\" width=\"400\" height=\"267\" class=\"alignleft size-full wp-image-2603\" srcset=\"https:\/\/www.rodolphe-passions.fr\/wordpress\/wp-content\/uploads\/2015\/07\/arvan_villards_4.jpg 400w, https:\/\/www.rodolphe-passions.fr\/wordpress\/wp-content\/uploads\/2015\/07\/arvan_villards_4-300x200.jpg 300w\" sizes=\"(max-width: 400px) 100vw, 400px\" \/>La longue approche jusqu&rsquo;\u00e0 Plan-Lachat se fait au train, quelques acc\u00e9l\u00e9rations suffisent \u00e0 d\u00e9crocher Gianni et notre trio se pr\u00e9sente au pied de la raide ligne droite : direction le <strong>col du Galibier<\/strong>. Si \u00e7a tourne plus rond qu&rsquo;\u00e0 la Serre-Che deux semaines plus t\u00f4t, mes adversaires vont encore plus vite et me prennent quelques longueurs d\u00e8s le premier kilom\u00e8tre. J&rsquo;accuse le coup, bois abondamment et reprends mes esprits, gardant les deux concurrents en point de mire.<\/p>\n<p align=\"justify\">A cinq kilom\u00e8tres du sommet Tim l\u00e2che Paul-Emile : une trentaine de secondes nous s\u00e9pare, le moral vient de changer de camp. Je reviens lentement sur lui pour faire la jonction \u00e0 deux kilom\u00e8tres du sommet, sans qu&rsquo;il puisse s&rsquo;accrocher. Plus haut je vois Tim qui pioche, j&rsquo;ai mal \u00e9galement mais continue le forcing pour me rapprocher du podium. Le dernier kilom\u00e8tre tr\u00e8s difficile ne suffira pas : tout le monde est \u00e0 fond et le jeune Belge pr\u00e9serve sa place sur le podium pour 30&Prime;.<\/p>\n<p align=\"justify\">Quelques minutes plus t\u00f4t David a tout tent\u00e9 pour d\u00e9crocher Thomas, mais a d\u00fb s&rsquo;avouer vaincu face au nouveau leader du classement g\u00e9n\u00e9ral, duquel j&rsquo;occupe la quatri\u00e8me place provisoire. Le podium est loin (environ 5&prime;), mais il reste l&rsquo;\u00e9tape la plus difficile demain : reste \u00e0 r\u00e9cup\u00e9rer, y croire et tout donner pour ne pas avoir de regrets \ud83d\ude42 <\/p>\n<p align=\"justify\">R\u00e9sultat(s) : <a href=\"http:\/\/www.rodolphe-passions.fr\/wordpress\/wp-content\/uploads\/2015\/07\/arvan_villards_2.pdf\">Arvan-Villards #2<\/a><\/p>\n<p><center><iframe height='405' width='590' frameborder='0' allowtransparency='true' scrolling='no' src='https:\/\/app.strava.com\/activities\/345200340\/embed\/c6eb88e55d358ec1e9b8314b0c78f8ac2536e13e'><\/iframe><\/center><\/p>\n","protected":false},"excerpt":{"rendered":"<p>Une bonne nuit (en partie) r\u00e9paratrice, et nous nous retrouvons \u00e0 nouveau au d\u00e9part d&rsquo;Hermillon : m\u00eame heure, m\u00eame m\u00e9t\u00e9o. Cette fois-ci nous prenons un peu plus de hauteur avec la mont\u00e9e chronom\u00e9tr\u00e9e du T\u00e9l\u00e9graphe, puis du Galibier \u00e0 partir &hellip; <a href=\"https:\/\/www.rodolphe-passions.fr\/wordpress\/2015\/07\/arvan-villards-2-2\/\">Continuer la lecture <span class=\"meta-nav\">&rarr;<\/span><\/a><\/p>\n","protected":false},"author":1,"featured_media":0,"comment_status":"open","ping_status":"open","sticky":false,"template":"","format":"standard","meta":{"jetpack_post_was_ever_published":false,"_jetpack_newsletter_access":"","_jetpack_dont_email_post_to_subs":false,"_jetpack_newsletter_tier_id":0,"_jetpack_memberships_contains_paywalled_content":false,"_jetpack_memberships_contains_paid_content":false,"footnotes":"","jetpack_publicize_message":"","jetpack_publicize_feature_enabled":true,"jetpack_social_post_already_shared":true,"jetpack_social_options":{"image_generator_settings":{"template":"highway","enabled":false},"version":2}},"categories":[4,13],"tags":[],"class_list":["post-2593","post","type-post","status-publish","format-standard","hentry","category-cyclosportives","category-grimpees"],"jetpack_publicize_connections":[],"jetpack_featured_media_url":"","jetpack_shortlink":"https:\/\/wp.me\/p12zYw-FP","jetpack_sharing_enabled":true,"jetpack_likes_enabled":true,"_links":{"self":[{"href":"https:\/\/www.rodolphe-passions.fr\/wordpress\/wp-json\/wp\/v2\/posts\/2593"}],"collection":[{"href":"https:\/\/www.rodolphe-passions.fr\/wordpress\/wp-json\/wp\/v2\/posts"}],"about":[{"href":"https:\/\/www.rodolphe-passions.fr\/wordpress\/wp-json\/wp\/v2\/types\/post"}],"author":[{"embeddable":true,"href":"https:\/\/www.rodolphe-passions.fr\/wordpress\/wp-json\/wp\/v2\/users\/1"}],"replies":[{"embeddable":true,"href":"https:\/\/www.rodolphe-passions.fr\/wordpress\/wp-json\/wp\/v2\/comments?post=2593"}],"version-history":[{"count":7,"href":"https:\/\/www.rodolphe-passions.fr\/wordpress\/wp-json\/wp\/v2\/posts\/2593\/revisions"}],"predecessor-version":[{"id":2604,"href":"https:\/\/www.rodolphe-passions.fr\/wordpress\/wp-json\/wp\/v2\/posts\/2593\/revisions\/2604"}],"wp:attachment":[{"href":"https:\/\/www.rodolphe-passions.fr\/wordpress\/wp-json\/wp\/v2\/media?parent=2593"}],"wp:term":[{"taxonomy":"category","embeddable":true,"href":"https:\/\/www.rodolphe-passions.fr\/wordpress\/wp-json\/wp\/v2\/categories?post=2593"},{"taxonomy":"post_tag","embeddable":true,"href":"https:\/\/www.rodolphe-passions.fr\/wordpress\/wp-json\/wp\/v2\/tags?post=2593"}],"curies":[{"name":"wp","href":"https:\/\/api.w.org\/{rel}","templated":true}]}}