{"id":2872,"date":"2016-03-20T20:00:41","date_gmt":"2016-03-20T19:00:41","guid":{"rendered":"http:\/\/www.rodolphe-passions.info\/wordpress\/?p=2872"},"modified":"2016-03-21T23:05:31","modified_gmt":"2016-03-21T22:05:31","slug":"corima-drome-provencale-5","status":"publish","type":"post","link":"https:\/\/www.rodolphe-passions.fr\/wordpress\/2016\/03\/corima-drome-provencale-5\/","title":{"rendered":"Corima &#8211; Dr\u00f4me Proven\u00e7ale"},"content":{"rendered":"<p align=\"justify\">Apr\u00e8s un hiver studieux, l&rsquo;heure de la reprise a sonn\u00e9 \u00e0 Mont\u00e9limar. En ce premier jour du printemps la m\u00e9t\u00e9o est cl\u00e9mente : peu de vent et quelques rayons de soleil \u00e9clairent les 2000 engag\u00e9s au d\u00e9part. \u00c7a change de la pluie froide des \u00e9ditions pr\u00e9c\u00e9dentes, et rendra le d\u00e9part \u00ab\u00a0neutralis\u00e9\u00a0\u00bb en ville moins chaotique. Les copains cyclos sont l\u00e0, l&rsquo;ambiance est d\u00e9tendue jusqu&rsquo;au top d\u00e9part \u00e0 9h30.<\/p>\n<p align=\"justify\"><img loading=\"lazy\" decoding=\"async\" src=\"http:\/\/www.rodolphe-passions.fr\/wordpress\/wp-content\/uploads\/2016\/03\/corima_1.jpg\" alt=\"Corima - Dr\u00f4me Proven\u00e7ale\" width=\"400\" height=\"267\" class=\"alignleft size-full wp-image-2885\" srcset=\"https:\/\/www.rodolphe-passions.fr\/wordpress\/wp-content\/uploads\/2016\/03\/corima_1.jpg 400w, https:\/\/www.rodolphe-passions.fr\/wordpress\/wp-content\/uploads\/2016\/03\/corima_1-300x200.jpg 300w\" sizes=\"(max-width: 400px) 100vw, 400px\" \/>Grosse bataille pour recoller \u00e0 la voiture ouvreuse : environ 300 coureurs \u00e0 remonter, c&rsquo;est beaucoup et une belle c\u00f4te \u00e0 la sortie de la ville me permet d&rsquo;entrer dans les premi\u00e8res positions du peloton, ouf ! Vincent Arnaud a des fourmis dans les jambes et on tente le coup d\u00e8s les premi\u00e8res (nouvelles) difficult\u00e9s du parcours ; malgr\u00e9 de bons relais la tentative n&rsquo;aboutit pas, et Lionel Genthon en personne ram\u00e8ne le groupe de t\u00eate juste avant la premi\u00e8re s\u00e9paration des parcours. Tous les costauds sont l\u00e0 dont Brice, mais ils attendent la prochaine difficult\u00e9 pour bouger.<\/p>\n<p align=\"justify\">Vers le km 40 Lionel arrive \u00e0 sortir avec deux ou trois coureurs : pas tr\u00e8s attentif je laisse filer dans un premier temps, avant que Vincent ne r\u00e9agisse et exhorte les autres \u00e0 rouler&#8230; Mais la poursuite n&rsquo;est pas efficace et nous sommes encore trop nombreux. L&rsquo;\u00e9cart se stabilise entre 30 secondes et la minute lorsque nous laissons Brice et quelques autres partir sur le moyen parcours, avant d&rsquo;attaquer le long faux-plat vers le <strong>col de Valouse<\/strong>.<\/p>\n<p align=\"justify\">\u00c9tonnamment le groupe de chasse reste tr\u00e8s fourni (une quarantaine d&rsquo;hommes) ; nous nous relayons avec Gilles Foucault, Jean-Lou Paiani, C\u00e9dric Richard, Roland Chavent et quelques autres coureurs pour revenir devant, du moins limiter l&rsquo;\u00e9cart avant la descente. Trop peu participent \u00e0 l&rsquo;effort collectif, et sans surprise les acc\u00e9l\u00e9rations se succ\u00e8dent dans les derniers kilom\u00e8tres -plus difficiles- du col.<\/p>\n<p align=\"justify\">La descente est technique : j&rsquo;entends quelqu&rsquo;un partir \u00e0 la faute juste derri\u00e8re moi dans une \u00e9pingle humide, Nicolas Raybaud et Roland se font peur dans l&rsquo;entr\u00e9e sinueuse des gorges de Trente Pas. A mi-parcours l&rsquo;\u00e9lastique se tend dans le faux-plat menant au <strong>col de la Sausse<\/strong>, je paie mes efforts du d\u00e9but de course mais m&rsquo;accroche car tout le monde pioche. Nicolas Ougier, Roland sont en difficult\u00e9 tandis que Williams Turnes s&rsquo;en va seul rejoindre la t\u00eate. Profitant d&rsquo;une accalmie je m&rsquo;alimente, et maintiens le cap au sommet du col o\u00f9 la t\u00eate de course est point\u00e9e \u00e0 moins d&rsquo;une minute.<\/p>\n<p align=\"justify\">Nous y rejoignons Fr\u00e9d\u00e9ric Lubach, d\u00e9croch\u00e9 du trio de t\u00eate et prenant des relais impressionnants dans la descente. Jean-Luc Chavanon sort \u00e9galement de sa r\u00e9serve, tandis que le groupe a nettement diminu\u00e9. De mon c\u00f4t\u00e9 les jambes sont de plus en plus lourdes ; j&rsquo;appr\u00e9hende la prochaine difficult\u00e9 car l&rsquo;arriv\u00e9e est encore loin. Le <strong>col d&rsquo;Orcinas<\/strong> est court et pentu : je m&rsquo;arrache pour le franchir dans les derni\u00e8res positions, jouant du braquet pour \u00e9conomiser au maximum la musculature \u00e0 plus de 60 km de la ligne.<\/p>\n<p align=\"justify\">Bis repetita dans le <strong>col de Perthuis<\/strong> : je l\u00e2che quelques m\u00e8tres au pied mais voyant David De Vecchi ou Fr\u00e9d\u00e9ric mettre la fl\u00e8che je m&rsquo;accroche et franchis le sommet dans le groupe r\u00e9duit \u00e0 moins d&rsquo;une dizaine d&rsquo;hommes, \u00e7a fait du bien au moral. Jean-Luc, Nicolas Reynaud et Jean-Lou plongent alors \u00e0 toute allure dans une descente d\u00e9licate et je choisis la prudence, quelques gravillons jonchant le sol parfois humide. Quelques hectom\u00e8tres plus loin Jean-Lou sort de la route, emmenant Jean-Luc dans son sillage. Nicolas prend quelques longueurs et ne se pose pas de question, le v\u00e9t\u00e9ran chamroussien se rel\u00e8ve de suite et rejoint notre groupe alors que Jean-Lou s&rsquo;arr\u00eate l\u00e0, clavicule bris\u00e9e \ud83d\ude41 <\/p>\n<p align=\"justify\"><img loading=\"lazy\" decoding=\"async\" src=\"http:\/\/www.rodolphe-passions.fr\/wordpress\/wp-content\/uploads\/2016\/03\/corima_2.jpg\" alt=\"Corima - Dr\u00f4me Proven\u00e7ale\" width=\"400\" height=\"267\" class=\"alignright size-full wp-image-2887\" srcset=\"https:\/\/www.rodolphe-passions.fr\/wordpress\/wp-content\/uploads\/2016\/03\/corima_2.jpg 400w, https:\/\/www.rodolphe-passions.fr\/wordpress\/wp-content\/uploads\/2016\/03\/corima_2-300x200.jpg 300w\" sizes=\"(max-width: 400px) 100vw, 400px\" \/>Reste une cinquantaine de kilom\u00e8tres relativement plats \u00e0 couvrir et la chasse s&rsquo;organise enfin efficacement avec Vincent, Jean-Luc, Gilles, Fabien Oules, Paul-Emile Lorthoir et C\u00e9dric Sagnol. Malgr\u00e9 une belle partie de manivelles nous ne reprenons rien \u00e0 Nicolas qui nous tient en respect \u00e0 une minute ; il rejoindra m\u00eame le trio pour la quatri\u00e8me place avant de s&rsquo;incliner au sprint. Je g\u00e8re ce qu&rsquo;il reste d&rsquo;\u00e9nergie en veillant \u00e0 m&rsquo;alimenter pour tenir jusqu&rsquo;au bout, ce serait dommage de craquer maintenant.<\/p>\n<p align=\"justify\"><strong>Marsanne<\/strong> et <strong>Savasse<\/strong> sont les derni\u00e8res (l\u00e9g\u00e8res) difficult\u00e9s r\u00e9pertori\u00e9es, mais rien ne se passe. Les \u00e9carts sont maintenant fig\u00e9s, les relais moins appuy\u00e9s : chacun pense logiquement \u00e0 la ligne droite finale. N&rsquo;ayant plus grand chose dans les chaussettes je me d\u00e9cide \u00e0 faire le sprint, pour la forme. Cal\u00e9 en queue du groupe men\u00e9 par Vincent je donne tout ce que j&rsquo;ai \u00e0 gauche de la route, bien trop loin de la ligne : Jean-Luc prend la septi\u00e8me place et moi la onzi\u00e8me, incapable de r\u00e9sister au retour de Gilles, C\u00e9dric et Fabien.<\/p>\n<p align=\"justify\">Quelques minutes plus t\u00f4t Lionel l\u00e9g\u00e8rement d\u00e9tach\u00e9 face \u00e0 un William \u00e9patant, Daniele Terzi compl\u00e9tant le podium scratch. Voil\u00e0 une rentr\u00e9e au-del\u00e0 des objectifs, malgr\u00e9 beaucoup d&rsquo;efforts dans la premi\u00e8re moiti\u00e9 de course j&rsquo;ai tenu la cadence jusqu&rsquo;au bout. Cela valide la pr\u00e9paration hivernale, et permet de poursuivre sereinement le plan \u00e9tabli en vue des prochains rendez-vous \ud83d\ude42 <\/p>\n<p align=\"justify\">R\u00e9sultat(s) : <a href=\"http:\/\/www.rodolphe-passions.fr\/wordpress\/wp-content\/uploads\/2016\/03\/corima.pdf\"rel=\"\">Corima &#8211; Dr\u00f4me Proven\u00e7ale<\/a><\/p>\n<p><center><iframe height='405' width='590' frameborder='0' allowtransparency='true' scrolling='no' src='https:\/\/www.strava.com\/activities\/522266047\/embed\/89caa88e15643ce40a656e5b1d665487d3cc0232'><\/iframe><\/center><\/p>\n","protected":false},"excerpt":{"rendered":"<p>Apr\u00e8s un hiver studieux, l&rsquo;heure de la reprise a sonn\u00e9 \u00e0 Mont\u00e9limar. En ce premier jour du printemps la m\u00e9t\u00e9o est cl\u00e9mente : peu de vent et quelques rayons de soleil \u00e9clairent les 2000 engag\u00e9s au d\u00e9part. \u00c7a change de &hellip; <a href=\"https:\/\/www.rodolphe-passions.fr\/wordpress\/2016\/03\/corima-drome-provencale-5\/\">Continuer la lecture <span class=\"meta-nav\">&rarr;<\/span><\/a><\/p>\n","protected":false},"author":1,"featured_media":0,"comment_status":"open","ping_status":"open","sticky":false,"template":"","format":"standard","meta":{"jetpack_post_was_ever_published":false,"_jetpack_newsletter_access":"","_jetpack_dont_email_post_to_subs":false,"_jetpack_newsletter_tier_id":0,"_jetpack_memberships_contains_paywalled_content":false,"_jetpack_memberships_contains_paid_content":false,"footnotes":"","jetpack_publicize_message":"","jetpack_publicize_feature_enabled":true,"jetpack_social_post_already_shared":true,"jetpack_social_options":{"image_generator_settings":{"template":"highway","enabled":false},"version":2}},"categories":[4],"tags":[],"class_list":["post-2872","post","type-post","status-publish","format-standard","hentry","category-cyclosportives"],"jetpack_publicize_connections":[],"jetpack_featured_media_url":"","jetpack_shortlink":"https:\/\/wp.me\/p12zYw-Kk","jetpack_sharing_enabled":true,"jetpack_likes_enabled":true,"_links":{"self":[{"href":"https:\/\/www.rodolphe-passions.fr\/wordpress\/wp-json\/wp\/v2\/posts\/2872"}],"collection":[{"href":"https:\/\/www.rodolphe-passions.fr\/wordpress\/wp-json\/wp\/v2\/posts"}],"about":[{"href":"https:\/\/www.rodolphe-passions.fr\/wordpress\/wp-json\/wp\/v2\/types\/post"}],"author":[{"embeddable":true,"href":"https:\/\/www.rodolphe-passions.fr\/wordpress\/wp-json\/wp\/v2\/users\/1"}],"replies":[{"embeddable":true,"href":"https:\/\/www.rodolphe-passions.fr\/wordpress\/wp-json\/wp\/v2\/comments?post=2872"}],"version-history":[{"count":12,"href":"https:\/\/www.rodolphe-passions.fr\/wordpress\/wp-json\/wp\/v2\/posts\/2872\/revisions"}],"predecessor-version":[{"id":2886,"href":"https:\/\/www.rodolphe-passions.fr\/wordpress\/wp-json\/wp\/v2\/posts\/2872\/revisions\/2886"}],"wp:attachment":[{"href":"https:\/\/www.rodolphe-passions.fr\/wordpress\/wp-json\/wp\/v2\/media?parent=2872"}],"wp:term":[{"taxonomy":"category","embeddable":true,"href":"https:\/\/www.rodolphe-passions.fr\/wordpress\/wp-json\/wp\/v2\/categories?post=2872"},{"taxonomy":"post_tag","embeddable":true,"href":"https:\/\/www.rodolphe-passions.fr\/wordpress\/wp-json\/wp\/v2\/tags?post=2872"}],"curies":[{"name":"wp","href":"https:\/\/api.w.org\/{rel}","templated":true}]}}