{"id":2918,"date":"2016-04-30T20:00:29","date_gmt":"2016-04-30T19:00:29","guid":{"rendered":"http:\/\/www.rodolphe-passions.info\/wordpress\/?p=2918"},"modified":"2016-05-01T12:18:40","modified_gmt":"2016-05-01T11:18:40","slug":"raid-du-bugey-3","status":"publish","type":"post","link":"https:\/\/www.rodolphe-passions.fr\/wordpress\/2016\/04\/raid-du-bugey-3\/","title":{"rendered":"Raid du Bugey"},"content":{"rendered":"<p align=\"justify\">Bonne surprise m\u00e9t\u00e9o ce matin \u00e0 Lagnieu, puisque pour la dixi\u00e8me \u00e9dition du Raid du Bugey le ciel restera bleu toute la matin\u00e9e ou presque. La temp\u00e9rature est fra\u00eeche mais agr\u00e9able : pas besoin de se creuser la t\u00eate pour l&rsquo;habillement, en compagnie de mes \u00e9quipiers du VC Pontois (Brice Aerts, Dario Giovine, David Polveroni, Sylvain Clavel) accompagn\u00e9 du coach Jean-Luc Antouly. Le parcours est l\u00e9g\u00e8rement remani\u00e9 cette ann\u00e9e, puisque l&rsquo;une des derni\u00e8res difficult\u00e9s de 2015 est replac\u00e9e en d\u00e9but de parcours.<\/p>\n<p align=\"justify\"><img loading=\"lazy\" decoding=\"async\" src=\"http:\/\/www.rodolphe-passions.fr\/wordpress\/wp-content\/uploads\/2016\/04\/raid_du_bugey_1.jpg\" alt=\"Raid du Bugey\" width=\"400\" height=\"268\" class=\"alignright size-full wp-image-2919\" srcset=\"https:\/\/www.rodolphe-passions.fr\/wordpress\/wp-content\/uploads\/2016\/04\/raid_du_bugey_1.jpg 400w, https:\/\/www.rodolphe-passions.fr\/wordpress\/wp-content\/uploads\/2016\/04\/raid_du_bugey_1-300x201.jpg 300w\" sizes=\"(max-width: 400px) 100vw, 400px\" \/>Le plateau au d\u00e9part est de qualit\u00e9, avec quelques sp\u00e9cialistes de ce genre d&rsquo;\u00e9preuve comme Fr\u00e9d\u00e9ric Ostian, Jean-Luc Chavanon, William Turnes, Roland Chavent, Kenny Nijssen&#8230; Voil\u00e0 qui promet une belle empoignade d\u00e8s les premi\u00e8res difficult\u00e9s. Apr\u00e8s quelques minutes neutralis\u00e9es, nous montons rapidement vers le <strong>col de Fay<\/strong>. Tr\u00e8s rapidement m\u00eame, puisque sous les acc\u00e9l\u00e9rations de C\u00e9dric Richard, Julien Lodolo et David un groupe se dessine au sommet : je suis \u00e0 la limite, pas a\u00e9rien du tout mais \u00e7a tient.<\/p>\n<p align=\"justify\">Au sommet une douzaine d&rsquo;hommes bascule en t\u00eate, apr\u00e8s la descente un peu de plat permet de s&rsquo;organiser et rouler fort. William abat un gros travail mais casse son cintre, sans toutefois renoncer. L&rsquo;\u00e9cart grandit rapidement au pied pour atteindre 1&rsquo;30\u00a0\u00bb \u00e0 l&rsquo;heure de course. C&rsquo;est bien parti mais le chemin est encore long : David, Julien et C\u00e9dric secouent \u00e0 nouveau le cocotier dans l&rsquo;irr\u00e9gulier <strong>col de Portes<\/strong> : nous y perdons quelques hommes dont Fr\u00e9d\u00e9ric et Nicolas Ougier, alors que nos plus proches adversaires pointent d\u00e9sormais \u00e0 3&rsquo;30\u00a0\u00bb.<\/p>\n<p align=\"justify\">Un tel \u00e9cart incite moins de monde \u00e0 prendre des relais appuy\u00e9s, et l&rsquo;entente du groupe se d\u00e9grade alors que nous n&rsquo;avons pas pass\u00e9 la mi-course. L&rsquo;\u00e9chapp\u00e9e a de fortes chances d&rsquo;aller au bout, je songe \u00e0 me ravitailler et surtout doser chaque effort car la fatigue se fait d\u00e9j\u00e0 ressentir. Petite saute de concentration dans la descente o\u00f9 je laisse \u00e9chapper un bidon : heureusement Jean-Luc est l\u00e0 quelques kilom\u00e8tres plus loin pour m&rsquo;en donner un autre. Handicap\u00e9 par son cintre ab\u00eem\u00e9 William perd r\u00e9guli\u00e8rement quelques longueurs, pour recoller \u00e0 chaque fois au groupe dans la plaine&#8230; Assur\u00e9ment c&rsquo;\u00e9tait lui l&rsquo;homme fort du jour.<\/p>\n<p align=\"justify\"><img loading=\"lazy\" decoding=\"async\" src=\"http:\/\/www.rodolphe-passions.fr\/wordpress\/wp-content\/uploads\/2016\/04\/raid_du_bugey_2.jpg\" alt=\"Raid du Bugey\" width=\"400\" height=\"267\" class=\"alignleft size-full wp-image-2920\" srcset=\"https:\/\/www.rodolphe-passions.fr\/wordpress\/wp-content\/uploads\/2016\/04\/raid_du_bugey_2.jpg 400w, https:\/\/www.rodolphe-passions.fr\/wordpress\/wp-content\/uploads\/2016\/04\/raid_du_bugey_2-300x200.jpg 300w\" sizes=\"(max-width: 400px) 100vw, 400px\" \/>Il va d&rsquo;ailleurs chercher chaque tentative d&rsquo;acc\u00e9l\u00e9ration ou presque, alors que je marque le pas vers les trois heures de course. Si j&rsquo;arrive \u00e0 prendre des relais sans trop de souci en plaine, je serre de plus en plus les dents dans les petites c\u00f4tes de la fin de parcours. L&rsquo;\u00e9lastique se tend et finit par casser dans la <strong>c\u00f4te du Poulet<\/strong> (km 110). Julien, Gilles et moi perdons quelques longueurs \u00e0 1 km du sommet : Gilles arrive \u00e0 donner le coup de rein pour recoller, je plafonne \u00e0 100 m derri\u00e8re, me d\u00e9pouille mais ne parvient pas \u00e0 faire la jonction dans le replat.<\/p>\n<p align=\"justify\">L&rsquo;allure devant ne faiblit pas, bien au contraire : William met tout le monde en file indienne et je prends 30&Prime; d&rsquo;un coup, Julien est un peu plus loin. L\u00e0 c&rsquo;est termin\u00e9, il reste 25 km et une difficult\u00e9 \u00e0 boucler. Le temps de reprendre ses esprits, se ravitailler&#8230; Julien revient et c&rsquo;est parti pour un petit raid en duo : ce serait dommage de se faire reprendre maintenant, alors qu&rsquo;un top 10 nous tend quand m\u00eame les bras. Les lignes droites jusqu&rsquo;\u00e0 Lagnieu sont vite aval\u00e9es, l&rsquo;\u00e9cart stabilis\u00e9 autour de la minute avec les hommes de t\u00eate tandis qu&rsquo;on se m\u00e9fie du retour de tr\u00e8s bon rouleurs derri\u00e8re (Fr\u00e9d\u00e9ric, Jean-Luc, Roland).<\/p>\n<p align=\"justify\">La <strong>c\u00f4te de Bouis<\/strong> fait mal avec ses gros pourcentages dans le village, puis le long faux-plat du sommet o\u00f9 il faut sans cesser relancer. Julien essuie une grosse d\u00e9faillance et je d\u00e9cide de finir seul, sous une petite averse. Le rythme est correct et je donne tout pour boucler l&rsquo;affaire rapidement, sachant qu&rsquo;au sommet il ne reste qu&rsquo;une descente avant l&rsquo;arriv\u00e9e. Descente qui sera prudente sur route mouill\u00e9e, pour terminer en un peu moins de quatre heures \u00e0 la huiti\u00e8me place \ud83d\ude42<\/p>\n<p align=\"justify\">Quelques minutes plus t\u00f4t David prend une belle troisi\u00e8me place dans un sprint \u00e0 six que remporte Michel Bellina, pas le plus actif aujourd&rsquo;hui mais assur\u00e9ment le plus malin. Kenny et Gilles compl\u00e8tent le top 5 devant un William surpuissant mais malchanceux ce matin. Pas loin derri\u00e8re (moins de 2&prime;) arrivent Jean-Luc, Fr\u00e9d\u00e9ric qui reprennent Julien dans le final : finir en solo \u00e9tait le bon choix. Malgr\u00e9 des jambes lourdes j&rsquo;ai r\u00e9ussi \u00e0 attraper l&rsquo;\u00e9chapp\u00e9e du jour ; m\u00eame si \u00e7a n&rsquo;a pas tenu jusqu&rsquo;au bout c&rsquo;est de bonne augure pour la suite, cap sur les Trois Cols et la Bourgogne Cyclo \ud83d\ude09<\/p>\n<p align=\"justify\">R\u00e9sultat(s) : <a href=\"http:\/\/www.rodolphe-passions.fr\/wordpress\/wp-content\/uploads\/2016\/04\/raid_du_bugey.pdf\">Raid du Bugey &#8211; grand parcours<\/a><\/p>\n<p><center><iframe height='405' width='590' frameborder='0' allowtransparency='true' scrolling='no' src='https:\/\/www.strava.com\/activities\/561017129\/embed\/ba5054efcf47d195a756131d11cfa8c18b5fd9c1'><\/iframe><\/center><\/p>\n","protected":false},"excerpt":{"rendered":"<p>Bonne surprise m\u00e9t\u00e9o ce matin \u00e0 Lagnieu, puisque pour la dixi\u00e8me \u00e9dition du Raid du Bugey le ciel restera bleu toute la matin\u00e9e ou presque. La temp\u00e9rature est fra\u00eeche mais agr\u00e9able : pas besoin de se creuser la t\u00eate pour &hellip; <a href=\"https:\/\/www.rodolphe-passions.fr\/wordpress\/2016\/04\/raid-du-bugey-3\/\">Continuer la lecture <span class=\"meta-nav\">&rarr;<\/span><\/a><\/p>\n","protected":false},"author":1,"featured_media":0,"comment_status":"open","ping_status":"open","sticky":false,"template":"","format":"standard","meta":{"jetpack_post_was_ever_published":false,"_jetpack_newsletter_access":"","_jetpack_dont_email_post_to_subs":false,"_jetpack_newsletter_tier_id":0,"_jetpack_memberships_contains_paywalled_content":false,"_jetpack_memberships_contains_paid_content":false,"footnotes":"","jetpack_publicize_message":"","jetpack_publicize_feature_enabled":true,"jetpack_social_post_already_shared":true,"jetpack_social_options":{"image_generator_settings":{"template":"highway","enabled":false},"version":2}},"categories":[4],"tags":[],"class_list":["post-2918","post","type-post","status-publish","format-standard","hentry","category-cyclosportives"],"jetpack_publicize_connections":[],"jetpack_featured_media_url":"","jetpack_shortlink":"https:\/\/wp.me\/p12zYw-L4","jetpack_sharing_enabled":true,"jetpack_likes_enabled":true,"_links":{"self":[{"href":"https:\/\/www.rodolphe-passions.fr\/wordpress\/wp-json\/wp\/v2\/posts\/2918"}],"collection":[{"href":"https:\/\/www.rodolphe-passions.fr\/wordpress\/wp-json\/wp\/v2\/posts"}],"about":[{"href":"https:\/\/www.rodolphe-passions.fr\/wordpress\/wp-json\/wp\/v2\/types\/post"}],"author":[{"embeddable":true,"href":"https:\/\/www.rodolphe-passions.fr\/wordpress\/wp-json\/wp\/v2\/users\/1"}],"replies":[{"embeddable":true,"href":"https:\/\/www.rodolphe-passions.fr\/wordpress\/wp-json\/wp\/v2\/comments?post=2918"}],"version-history":[{"count":4,"href":"https:\/\/www.rodolphe-passions.fr\/wordpress\/wp-json\/wp\/v2\/posts\/2918\/revisions"}],"predecessor-version":[{"id":2926,"href":"https:\/\/www.rodolphe-passions.fr\/wordpress\/wp-json\/wp\/v2\/posts\/2918\/revisions\/2926"}],"wp:attachment":[{"href":"https:\/\/www.rodolphe-passions.fr\/wordpress\/wp-json\/wp\/v2\/media?parent=2918"}],"wp:term":[{"taxonomy":"category","embeddable":true,"href":"https:\/\/www.rodolphe-passions.fr\/wordpress\/wp-json\/wp\/v2\/categories?post=2918"},{"taxonomy":"post_tag","embeddable":true,"href":"https:\/\/www.rodolphe-passions.fr\/wordpress\/wp-json\/wp\/v2\/tags?post=2918"}],"curies":[{"name":"wp","href":"https:\/\/api.w.org\/{rel}","templated":true}]}}