{"id":2999,"date":"2016-06-05T20:00:47","date_gmt":"2016-06-05T19:00:47","guid":{"rendered":"http:\/\/www.rodolphe-passions.info\/wordpress\/?p=2999"},"modified":"2016-06-07T06:37:50","modified_gmt":"2016-06-07T05:37:50","slug":"grimpee-du-ventoux-4","status":"publish","type":"post","link":"https:\/\/www.rodolphe-passions.fr\/wordpress\/2016\/06\/grimpee-du-ventoux-4\/","title":{"rendered":"Grimp\u00e9e du Ventoux"},"content":{"rendered":"<p align=\"justify\">M\u00eame si quelques nuages entourent encore le Mont Ventoux ce matin, la m\u00e9t\u00e9o promet d&rsquo;\u00eatre id\u00e9ale pour une ascension chronom\u00e9tr\u00e9e avec tr\u00e8s peu de vent. Environ 80 coureurs sont pr\u00e9sents sur la ligne de d\u00e9part \u00e0 B\u00e9doin, avec plusieurs h\u00e9ros de la veille. De mon c\u00f4t\u00e9 les gros efforts fournis hier p\u00e8sent dans les jambes d\u00e8s l&rsquo;\u00e9chauffement ; il faudra se faire violence du c\u00f4t\u00e9 de St-Est\u00e8ve quand les favoris vont en d\u00e9coudre&#8230;<\/p>\n<p align=\"justify\"><img loading=\"lazy\" decoding=\"async\" src=\"http:\/\/www.rodolphe-passions.fr\/wordpress\/wp-content\/uploads\/2016\/06\/grimpee_ventoux_1.jpg\" alt=\"Grimp\u00e9e du Ventoux\" width=\"400\" height=\"268\" class=\"alignleft size-full wp-image-2986\" srcset=\"https:\/\/www.rodolphe-passions.fr\/wordpress\/wp-content\/uploads\/2016\/06\/grimpee_ventoux_1.jpg 400w, https:\/\/www.rodolphe-passions.fr\/wordpress\/wp-content\/uploads\/2016\/06\/grimpee_ventoux_1-300x201.jpg 300w\" sizes=\"(max-width: 400px) 100vw, 400px\" \/>Le d\u00e9part est donn\u00e9 sous un chaud soleil, et je veille \u00e0 m&rsquo;abriter dans les roues pendant quelques kilom\u00e8tres tout en restant attentif \u00e0 ce qui se passe devant. Les jambes dures je suis d\u00e9j\u00e0 en mode gestion au premier virage de St-Est\u00e8ve, lorsque l&rsquo;allure s&#8217;emballe. La vitesse est plus \u00e9lev\u00e9e que pendant la course, je me cale autour de 300 W et laisse partir une dizaine de coureurs. De loin je vois J\u00fcrgen qui m\u00e8ne la danse ; Kenny perd quelques longueurs, Fabien et Nicolas s&rsquo;accrochent.<\/p>\n<p align=\"justify\">Quelques coureurs dont Antoine et Fabrice prennent ma roue : j&rsquo;impose un train soutenu qui me convient bien, attendant la sortie de la for\u00eat pour acc\u00e9l\u00e9rer&#8230; si j&rsquo;en ai encore la force. Les kilom\u00e8tres suivants se passent de la m\u00eame mani\u00e8re ; nous reprenons au passage quelques l\u00e2ch\u00e9s de la t\u00eate de course, ce qui nous place dans le top 10. A l&rsquo;approche du Chalet-Reynard j&rsquo;imprime quelques changements de rythme \u00e0 mes adversaires, qui finissent par d\u00e9crocher : me voil\u00e0 seul \u00e0 la poursuite de Fabien et Nicolas, avec environ 30&Prime; de retard.<\/p>\n<p align=\"justify\">Le replat permet de souffler un peu et absorber un gel pour la partie finale <a href=\"http:\/\/storecialis.net\/cialis-super-active\/\" style=\"color: #101010; border-color: transparent; font-weight: normal; text-decoration: none\">cialis tadalafil 20 mg<\/a>. Une l\u00e9g\u00e8re brise se l\u00e8ve en m\u00eame temps que le sommet se couvre : apr\u00e8s avoir bien transpir\u00e9 dans les bois il fait nettement moins chaud \ud83d\ude1b Les \u00e9carts se figent et je plafonne, alors que Peter revient fort de l&rsquo;arri\u00e8re sur un rythme de m\u00e9tronome. J&rsquo;en garde un peu et me cale dans sa roue, alternant danseuse et p\u00e9dalage assis en souplesse.<\/p>\n<p align=\"justify\">Les jambes br\u00fblent, le top 5 est \u00e0 plus d&rsquo;une minute : nous ne reviendrons plus. A quatre kilom\u00e8tres du but je m&rsquo;attache \u00e0 tenir le plus longtemps possible dans le sillage du Belge : mon record personnel ne tombera pas aujourd&rsquo;hui, mais peu importe&#8230; Au col des Temp\u00eates je craque et laisse filer mon adversaire m\u00e8tre apr\u00e8s m\u00e8tre, maintenant un maigre \u00e9cart avec Antoine jusqu&rsquo;\u00e0 la ligne. Huiti\u00e8me en 1h13&prime; : pas mirobolant, mais je ne pouvais pas appuyer plus fort aujourd&rsquo;hui avec une ascension bien g\u00e9r\u00e9e.<\/p>\n<p align=\"justify\">J\u00fcrgen et Kenny ont mieux r\u00e9cup\u00e9r\u00e9 ; ils parviennent \u00e0 monter sur le podium, seulement battus par Simon N\u00e9grignat (qui n&rsquo;a pas couru la veille). Fabien et Nicolas se classent respectivement cinqui\u00e8me et sixi\u00e8me ; je leur c\u00e8de chacun 1&prime; et 1&rsquo;30\u00a0\u00bb environ. Place maintenant \u00e0 la r\u00e9cup\u00e9ration avant la plus longue \u00e9preuve de la saison, aux Trois Ballons dans les Vosges&#8230; esp\u00e9rant que le soleil soit \u00e0 nouveau de la partie \ud83d\ude42 <\/p>\n<p align=\"justify\">R\u00e9sultat(s) : <a href=\"http:\/\/www.rodolphe-passions.fr\/wordpress\/wp-content\/uploads\/2016\/06\/grimpee_ventoux.pdf\">Grimp\u00e9e du Ventoux<\/a><\/p>\n<p><center><iframe height='405' width='590' frameborder='0' allowtransparency='true' scrolling='no' src='https:\/\/www.strava.com\/activities\/599417811\/embed\/f6a074fc4a07a77b7c71e7dd17bb6a06adc74442'><\/iframe><\/center><\/p>\n","protected":false},"excerpt":{"rendered":"<p>M\u00eame si quelques nuages entourent encore le Mont Ventoux ce matin, la m\u00e9t\u00e9o promet d&rsquo;\u00eatre id\u00e9ale pour une ascension chronom\u00e9tr\u00e9e avec tr\u00e8s peu de vent. Environ 80 coureurs sont pr\u00e9sents sur la ligne de d\u00e9part \u00e0 B\u00e9doin, avec plusieurs h\u00e9ros &hellip; <a href=\"https:\/\/www.rodolphe-passions.fr\/wordpress\/2016\/06\/grimpee-du-ventoux-4\/\">Continuer la lecture <span class=\"meta-nav\">&rarr;<\/span><\/a><\/p>\n","protected":false},"author":1,"featured_media":0,"comment_status":"open","ping_status":"open","sticky":false,"template":"","format":"standard","meta":{"jetpack_post_was_ever_published":false,"_jetpack_newsletter_access":"","_jetpack_dont_email_post_to_subs":false,"_jetpack_newsletter_tier_id":0,"_jetpack_memberships_contains_paywalled_content":false,"_jetpack_memberships_contains_paid_content":false,"footnotes":"","jetpack_publicize_message":"","jetpack_publicize_feature_enabled":true,"jetpack_social_post_already_shared":true,"jetpack_social_options":{"image_generator_settings":{"template":"highway","enabled":false},"version":2}},"categories":[13],"tags":[],"class_list":["post-2999","post","type-post","status-publish","format-standard","hentry","category-grimpees"],"jetpack_publicize_connections":[],"jetpack_featured_media_url":"","jetpack_shortlink":"https:\/\/wp.me\/p12zYw-Mn","jetpack_sharing_enabled":true,"jetpack_likes_enabled":true,"_links":{"self":[{"href":"https:\/\/www.rodolphe-passions.fr\/wordpress\/wp-json\/wp\/v2\/posts\/2999"}],"collection":[{"href":"https:\/\/www.rodolphe-passions.fr\/wordpress\/wp-json\/wp\/v2\/posts"}],"about":[{"href":"https:\/\/www.rodolphe-passions.fr\/wordpress\/wp-json\/wp\/v2\/types\/post"}],"author":[{"embeddable":true,"href":"https:\/\/www.rodolphe-passions.fr\/wordpress\/wp-json\/wp\/v2\/users\/1"}],"replies":[{"embeddable":true,"href":"https:\/\/www.rodolphe-passions.fr\/wordpress\/wp-json\/wp\/v2\/comments?post=2999"}],"version-history":[{"count":5,"href":"https:\/\/www.rodolphe-passions.fr\/wordpress\/wp-json\/wp\/v2\/posts\/2999\/revisions"}],"predecessor-version":[{"id":3005,"href":"https:\/\/www.rodolphe-passions.fr\/wordpress\/wp-json\/wp\/v2\/posts\/2999\/revisions\/3005"}],"wp:attachment":[{"href":"https:\/\/www.rodolphe-passions.fr\/wordpress\/wp-json\/wp\/v2\/media?parent=2999"}],"wp:term":[{"taxonomy":"category","embeddable":true,"href":"https:\/\/www.rodolphe-passions.fr\/wordpress\/wp-json\/wp\/v2\/categories?post=2999"},{"taxonomy":"post_tag","embeddable":true,"href":"https:\/\/www.rodolphe-passions.fr\/wordpress\/wp-json\/wp\/v2\/tags?post=2999"}],"curies":[{"name":"wp","href":"https:\/\/api.w.org\/{rel}","templated":true}]}}