{"id":3070,"date":"2016-07-09T20:00:01","date_gmt":"2016-07-09T19:00:01","guid":{"rendered":"http:\/\/www.rodolphe-passions.info\/wordpress\/?p=3070"},"modified":"2016-07-13T22:17:16","modified_gmt":"2016-07-13T21:17:16","slug":"bernard-thevenet","status":"publish","type":"post","link":"https:\/\/www.rodolphe-passions.fr\/wordpress\/2016\/07\/bernard-thevenet\/","title":{"rendered":"Bernard Th\u00e9venet"},"content":{"rendered":"<p align=\"justify\">Soleil et chaleur nous accueillent \u00e0 Barcelonnette ce matin, pour cette toute premi\u00e8re \u00e9dition de la Bernard Th\u00e9venet. Ayant r\u00e9alis\u00e9 -et ador\u00e9- le m\u00eame parcours deux ans plus t\u00f4t, j&rsquo;ai vite coch\u00e9 cette \u00e9preuve au moment de d\u00e9finir le calendrier cet hiver. Offrant 125 km et 3600 m de d\u00e9nivel\u00e9 sans vall\u00e9e ou presque, cette \u00e9preuve adapt\u00e9e \u00e0 mes qualit\u00e9s se disputera dans la canicule, ce qui n&rsquo;est pas pour me d\u00e9plaire. C&rsquo;est donc tr\u00e8s motiv\u00e9 que je prends place dans le sas de d\u00e9part, o\u00f9 on nous annonce que les descentes seront neutralis\u00e9es, pour la s\u00e9curit\u00e9 de tous en cette p\u00e9riode touristique.<\/p>\n<p align=\"justify\"><img loading=\"lazy\" decoding=\"async\" src=\"http:\/\/www.rodolphe-passions.fr\/wordpress\/wp-content\/uploads\/2016\/07\/bernard_thevenet_1.png\" alt=\"Bernard Th\u00e9venet\" width=\"200\" height=\"200\" class=\"alignright size-full wp-image-3074\" srcset=\"https:\/\/www.rodolphe-passions.fr\/wordpress\/wp-content\/uploads\/2016\/07\/bernard_thevenet_1.png 200w, https:\/\/www.rodolphe-passions.fr\/wordpress\/wp-content\/uploads\/2016\/07\/bernard_thevenet_1-150x150.png 150w\" sizes=\"(max-width: 200px) 100vw, 200px\" \/>Apr\u00e8s deux kilom\u00e8tres d&rsquo;\u00e9chauffement au frais, nous attaquons par le <strong>col d&rsquo;Allos<\/strong>. J\u00e9r\u00f4me Phanon imprime un gros rythme, qui \u00e9tire le peloton en quelques minutes seulement. David Polveroni, Fabien Oules sont pr\u00e9sents aux avants-postes, lorsque ce dernier place une grosse acc\u00e9l\u00e9ration pour se d\u00e9bloquer. L\u00e0 c&rsquo;est du s\u00e9rieux, apr\u00e8s cinq petits kilom\u00e8tres de course nous voil\u00e0 d\u00e9j\u00e0 une dizaine en t\u00eate. G\u00e9n\u00e9reux comme \u00e0 son habitude J\u00e9r\u00f4me relaie et l&rsquo;\u00e9cart enfle rapidement avec nous poursuivants : seuls deux membres du CVC Montfavet et un jeune de l&rsquo;UCPG (Gap) parviennent \u00e0 rentrer.<\/p>\n<p align=\"justify\">L&rsquo;allure est id\u00e9ale pour ma part, David relaie de temps en temps avec Daan Vermeulen et la progression est r\u00e9guli\u00e8re jusqu&rsquo;\u00e0 la moiti\u00e9 de l&rsquo;ascension. Malheureusement sur un \u00e9cart derri\u00e8re moi l&rsquo;un des membres du groupe chute, au moment o\u00f9 Daan acc\u00e9l\u00e8re. Ne sachant pas trop quoi faire je fais l&rsquo;effort pour le rejoindre avec Serge Garnier, puis me place devant pour monter \u00e0 mon rythme, sans toutefois me mettre \u00e0 fond. Derri\u00e8re \u00e7a tarde \u00e0 revenir, le regroupement s&rsquo;op\u00e8re \u00e0 quelques kilom\u00e8tres du sommet ; le coureur tomb\u00e9 ne reviendra que dans la descente.<\/p>\n<p align=\"justify\">Certains acc\u00e9l\u00e8rent \u00e0 500 m du sommet pour grappiller quelques secondes au chrono ; puis tout le monde se rel\u00e8ve dans la longue descente neutralis\u00e9e vers Colmars. Je descends en t\u00eate, attentif et prudent jusqu&rsquo;\u00e0 la Foux-d&rsquo;Allos, o\u00f9 je profite des quelques lignes droites en pente doute pour me ravitailler. Malgr\u00e9 l&rsquo;ombre et l&rsquo;altitude je n&rsquo;ai pas froid bras nus, il risque de faire tr\u00e8s chaud dans le final. Sans forcer le groupe me laisse de l&rsquo;avance, avant que tout le monde ne se regroupe au moment de reprendre le chrono \u00e0 Colmars, pied du <strong>col des Champs<\/strong>.<\/p>\n<p align=\"justify\"><img loading=\"lazy\" decoding=\"async\" src=\"http:\/\/www.rodolphe-passions.fr\/wordpress\/wp-content\/uploads\/2016\/07\/bernard_thevenet_3.jpg\" alt=\"Bernard Th\u00e9venet\" width=\"266\" height=\"400\" class=\"alignleft size-full wp-image-3082\" \/>D\u00e8s l&rsquo;entame J\u00e9r\u00f4me et Daan filent pleins gaz, j&rsquo;assure la poursuite derri\u00e8re sur une route compl\u00e8tement refaite \ud83d\ude42 Serge Garnier ayant tourn\u00e9 sur le petit parcours nous sommes moins d&rsquo;une dizaine, puis une grosse douzaine lorsque certains d\u00e9crochent dans cette difficile ascension. Malgr\u00e9 un gros tempo l&rsquo;\u00e9cart atteint la minute apr\u00e8s quelques kilom\u00e8tres. A part David ou Beno\u00eet Bessi\u00e8res qui relaient, certains comme Tim Alleman (vieille connaissance de l&rsquo;Arvan-Villards) se contentent de suivre en moulinant, attendant probablement la suite pour passer \u00e0 l&rsquo;action.<\/p>\n<p align=\"justify\">A mi-pente la route se d\u00e9grade petit \u00e0 petit, je suis moins efficace y compris dans le replat du sommet. L&rsquo;\u00e9cart approchant les deux minutes c&rsquo;est mal parti pour la gagne, ceci dit la route est encore longue. Descente neutralis\u00e9e, \u00e0 nouveau prudente sur St-Martin-d&rsquo;Entraunes avec des gravillons qui tra\u00eenent dans les virages. Cela permet de profiter de la vue tout en buvant abondamment, car la temp\u00e9rature monte&#8230; Chacun relaie \u00e0 pr\u00e9sent, sans se livrer \u00e0 fond car le <strong>col de la Cayolle<\/strong> va \u00eatre d\u00e9cisif. Passage devant la puce chrono \u00e0 St-Martin, o\u00f9 les premi\u00e8res pentes de cette ascension de 20 km sont tr\u00e8s roulantes.<\/p>\n<p align=\"justify\">Dieter Deschrijver assure l&rsquo;essentiel du travail ; cal\u00e9 dans sa roue, le maillot grand ouvert je songe surtout \u00e0 la suite car les jambes commencent \u00e0 piquer. La pente se raidit \u00e0 Entraunes, le rythme s&rsquo;acc\u00e9l\u00e8re et le groupe s&rsquo;\u00e9tire. A 10 km du sommet nous sommes cinq poursuivants (David, Dieter, Fabien, Tim et moi) derri\u00e8re Daan et J\u00e9r\u00f4me, l&rsquo;\u00e9cart oscille entre 2&rsquo;30\u00a0\u00bb et 3&prime; et nous ne reprenons rien. Victime d&rsquo;un coup de chaud David l\u00e2che \u00e0 son tour ; quelques minutes plus tard Tim sort enfin de sa r\u00e9serve et acc\u00e9l\u00e8re. Cal\u00e9 derri\u00e8re Dieter je pr\u00e9f\u00e8re amortir l&rsquo;acc\u00e9l\u00e9ration \u00e0 Estenc, Fabien craque \u00e0 son tour et je pars seul \u00e0 la poursuite de Tim.<\/p>\n<p align=\"justify\"><img loading=\"lazy\" decoding=\"async\" src=\"http:\/\/www.rodolphe-passions.fr\/wordpress\/wp-content\/uploads\/2016\/07\/bernard_thevenet_4.jpg\" alt=\"Bernard Th\u00e9venet\" width=\"266\" height=\"400\" class=\"alignright size-full wp-image-3083\" srcset=\"https:\/\/www.rodolphe-passions.fr\/wordpress\/wp-content\/uploads\/2016\/07\/bernard_thevenet_4.jpg 266w, https:\/\/www.rodolphe-passions.fr\/wordpress\/wp-content\/uploads\/2016\/07\/bernard_thevenet_4-200x300.jpg 200w\" sizes=\"(max-width: 266px) 100vw, 266px\" \/>En plein soleil la chaleur est \u00e9crasante, j&rsquo;ai du mal \u00e0 maintenir l&rsquo;allure mais c&rsquo;est dur pour tout le monde. Si j&rsquo;arrive \u00e0 creuser l&rsquo;\u00e9cart sur Dieter et Fabien, Tim se met hors de port\u00e9e en quelques lacets. Auteur d&rsquo;un grand num\u00e9ro il fait la jonction avec la t\u00eate au sommet, tandis que je prends un risque en grillant le ravitaillement liquide d&rsquo;Estenc. Je franchis la cellule chrono au sommet une trentaine de secondes devant Dieter mais loin du podium \u00e0 plusieurs minutes. Sauf d\u00e9faillance dans le final, je vois mal comment monter sur la bo\u00eete.<\/p>\n<p align=\"justify\">Pas attentif je rate le ravitaillement au sommet, les bidons vides pour la derni\u00e8re heure de course \ud83d\ude41 Heureusement un motard est l\u00e0 pour nous passer de l&rsquo;eau, de quoi finir dans de bonnes conditions. Je prends un autre gel et attends Dieter dans cette longue descente sur Uvernet : \u00e0 deux c&rsquo;est mieux, sur cette interminable section non chronom\u00e9tr\u00e9e. Rien \u00e0 signaler \u00e0 part une route bossel\u00e9e, tortueuse et un d\u00e9cor toujours aussi beau entre les falaises alpines \ud83d\ude09 <\/p>\n<p align=\"justify\">Nous traversons Uvernet-Fours ensemble, une petite c\u00f4te nous am\u00e8ne au pied de <strong>Pra-Loup<\/strong>, \u00e0 la reprise du chronom\u00e9trage. J&rsquo;en profite pour prendre un dernier gel, il reste environ 6 km \u00e0 tenir jusqu&rsquo;\u00e0 la ligne. Sous le soleil de midi la chaleur est intense, mais il y a une quatri\u00e8me place \u00e0 aller chercher. Les premiers kilom\u00e8tres sont plut\u00f4t roulants et nous collaborons efficacement jusqu&rsquo;\u00e0 l&rsquo;entr\u00e9e de la station, o\u00f9 la pente se fait plus raide. C&rsquo;est l\u00e0 que j&rsquo;acc\u00e9l\u00e8re, prenant m\u00e8tre apr\u00e8s m\u00e8tre.<\/p>\n<p align=\"justify\">Le moral gonfl\u00e9 \u00e0 bloc j&rsquo;\u00e9crase les p\u00e9dales : la travers\u00e9e de la station est longue et j&rsquo;augmente l&rsquo;\u00e9cart jusqu&rsquo;\u00e0 la ligne, que je coupe \u00e0 la quatri\u00e8me place en 4h34&rsquo;30\u00a0\u00bb. Pas grand chose \u00e0 regretter, le podium compos\u00e9 de Tim Alleman, Daan Vermeulen et J\u00e9r\u00f4me Phanon est \u00e0 plus de cinq minutes&#8230; Inaccessible malgr\u00e9 la tr\u00e8s bonne forme du moment, m\u00eame en \u00e9conomisant quelques cartouches dans les deux premiers cols il n&rsquo;y avait pas grand chose \u00e0 faire. Je pr\u00e9f\u00e8re retenir le bon finish \u00e0 Pra-Loup, qui me sera indispensable du c\u00f4t\u00e9 de Jarrier (Arvan-Villards) ou Risoul (France Masters) \ud83d\ude09 <\/p>\n<p align=\"justify\">R\u00e9sultat(s) : <a href=\"http:\/\/www.rodolphe-passions.fr\/wordpress\/wp-content\/uploads\/2016\/07\/bernard_thevenet.pdf\">Bernard Th\u00e9venet &#8211; grand parcours<\/a><\/p>\n<p><center><iframe height='405' width='590' frameborder='0' allowtransparency='true' scrolling='no' src='https:\/\/www.strava.com\/activities\/635257615\/embed\/f9ee5a4263f71111ae32395a5763a7877885ff2a'><\/iframe><\/center><\/p>\n","protected":false},"excerpt":{"rendered":"<p>Soleil et chaleur nous accueillent \u00e0 Barcelonnette ce matin, pour cette toute premi\u00e8re \u00e9dition de la Bernard Th\u00e9venet. Ayant r\u00e9alis\u00e9 -et ador\u00e9- le m\u00eame parcours deux ans plus t\u00f4t, j&rsquo;ai vite coch\u00e9 cette \u00e9preuve au moment de d\u00e9finir le calendrier &hellip; <a href=\"https:\/\/www.rodolphe-passions.fr\/wordpress\/2016\/07\/bernard-thevenet\/\">Continuer la lecture <span class=\"meta-nav\">&rarr;<\/span><\/a><\/p>\n","protected":false},"author":1,"featured_media":0,"comment_status":"open","ping_status":"open","sticky":false,"template":"","format":"standard","meta":{"jetpack_post_was_ever_published":false,"_jetpack_newsletter_access":"","_jetpack_dont_email_post_to_subs":false,"_jetpack_newsletter_tier_id":0,"_jetpack_memberships_contains_paywalled_content":false,"_jetpack_memberships_contains_paid_content":false,"footnotes":"","jetpack_publicize_message":"","jetpack_publicize_feature_enabled":true,"jetpack_social_post_already_shared":true,"jetpack_social_options":{"image_generator_settings":{"template":"highway","enabled":false},"version":2}},"categories":[4],"tags":[],"class_list":["post-3070","post","type-post","status-publish","format-standard","hentry","category-cyclosportives"],"jetpack_publicize_connections":[],"jetpack_featured_media_url":"","jetpack_shortlink":"https:\/\/wp.me\/p12zYw-Nw","jetpack_sharing_enabled":true,"jetpack_likes_enabled":true,"_links":{"self":[{"href":"https:\/\/www.rodolphe-passions.fr\/wordpress\/wp-json\/wp\/v2\/posts\/3070"}],"collection":[{"href":"https:\/\/www.rodolphe-passions.fr\/wordpress\/wp-json\/wp\/v2\/posts"}],"about":[{"href":"https:\/\/www.rodolphe-passions.fr\/wordpress\/wp-json\/wp\/v2\/types\/post"}],"author":[{"embeddable":true,"href":"https:\/\/www.rodolphe-passions.fr\/wordpress\/wp-json\/wp\/v2\/users\/1"}],"replies":[{"embeddable":true,"href":"https:\/\/www.rodolphe-passions.fr\/wordpress\/wp-json\/wp\/v2\/comments?post=3070"}],"version-history":[{"count":13,"href":"https:\/\/www.rodolphe-passions.fr\/wordpress\/wp-json\/wp\/v2\/posts\/3070\/revisions"}],"predecessor-version":[{"id":3097,"href":"https:\/\/www.rodolphe-passions.fr\/wordpress\/wp-json\/wp\/v2\/posts\/3070\/revisions\/3097"}],"wp:attachment":[{"href":"https:\/\/www.rodolphe-passions.fr\/wordpress\/wp-json\/wp\/v2\/media?parent=3070"}],"wp:term":[{"taxonomy":"category","embeddable":true,"href":"https:\/\/www.rodolphe-passions.fr\/wordpress\/wp-json\/wp\/v2\/categories?post=3070"},{"taxonomy":"post_tag","embeddable":true,"href":"https:\/\/www.rodolphe-passions.fr\/wordpress\/wp-json\/wp\/v2\/tags?post=3070"}],"curies":[{"name":"wp","href":"https:\/\/api.w.org\/{rel}","templated":true}]}}