{"id":342,"date":"2009-12-31T20:00:17","date_gmt":"2009-12-31T18:00:17","guid":{"rendered":"http:\/\/www.rodolphe-passions.info\/wordpress\/?p=342"},"modified":"2011-09-17T20:47:31","modified_gmt":"2011-09-17T19:47:31","slug":"bilan-2009","status":"publish","type":"post","link":"https:\/\/www.rodolphe-passions.fr\/wordpress\/2009\/12\/bilan-2009\/","title":{"rendered":"Bilan 2009 \/ Programme 2010"},"content":{"rendered":"<p align=\"justify\">Les premiers flocons sont l\u00e0, les f\u00eates de fin d&rsquo;ann\u00e9e approchent \u00e0 grands pas&#8230; Cela fait d\u00e9j\u00e0 quelques temps que le v\u00e9lo de route a fait place au VTT ; il est temps de faire un bilan de la saison 2009. Premi\u00e8re vraie saison de cyclosport et comp\u00e9tition en g\u00e9n\u00e9ral apr\u00e8s un long break depuis les juniors, il s&rsquo;agit \u00e9galement de ma premi\u00e8re ann\u00e9e sous les couleurs de l&rsquo;<a href=\"http:\/\/asf.cyclisme.free.fr\/\">AS Fontaine Cyclisme<\/a>.<\/p>\n<p align=\"justify\">Ces derni\u00e8res saisons j&rsquo;avais perdu l&rsquo;habitude des changements de rythme, mais rapidement les entra\u00eenements collectifs m&rsquo;ont r\u00e9habitu\u00e9 aux \u00e0-coups et surtout \u00e0 travailler en puissance. Ainsi j&rsquo;ai r\u00e9guli\u00e8rement progress\u00e9 dans les cols, surtout dans la premi\u00e8re partie de saison. Suite \u00e0 quelques d\u00e9convenues sur les premi\u00e8res cyclosportives de haute montagne (Vaujany, Madeleine), j&rsquo;ai ensuite travaill\u00e9 l&rsquo;encha\u00eenement de cols durs sur plusieurs heures. Les r\u00e9sultats n&rsquo;ont pas tard\u00e9 \u00e0 se faire sentir, avec un gros mental pour performer sur les derni\u00e8res \u00e9preuves de la saison, dont la Pantani et la Pr\u00e9alpes. 2009 a \u00e9galement \u00e9t\u00e9 l&rsquo;occasion de m&rsquo;essayer avec plaisir (et parfois souffrance) aux raids VTT, dont les 100 km de la Transvercors. Si l&rsquo;essai fut concluant, le challenge pour 2010 sera d&rsquo;int\u00e9grer l&rsquo;entra\u00eenement VTT plus t\u00f4t dans la saison, afin d&rsquo;aborder ce genre d&rsquo;\u00e9preuve dot\u00e9 d&rsquo;un minimum de technique.<\/p>\n<p align=\"justify\">C\u00f4t\u00e9 performances je retiens le Challenge du Dauphin\u00e9, avec une excellente place pour un premier sur longue distance. Mais le sommet de ma saison reste la Pantani, course r\u00e9f\u00e9rence tant au niveau de la performance r\u00e9alis\u00e9e que du parcours propos\u00e9. Avec la Pr\u00e9alpes six jours plus tard c&rsquo;est peut-\u00eatre la semaine o\u00f9 j&rsquo;\u00e9tais le plus en forme de la saison : \u00e0 m\u00e9diter pour 2010&#8230; C\u00f4t\u00e9 d\u00e9ceptions je retiens la Serre-Che Luc Alphand. Ce jour-l\u00e0 j&rsquo;avais les jambes de feu sur des routes que je connais par c\u0153ur ; je regrette encore mon bris de cha\u00eene et ma fringale, car avec Olivier on aurait pu aller tr\u00e8s loin&#8230; Je reviendrai \u00e0 coup s\u00fbr l&rsquo;ann\u00e9e prochaine pour me rattraper.<\/p>\n<p align=\"justify\">En attendant quelques chiffres pour 2009, histoire de mesurer le chemin parcouru :<\/p>\n<ul>\n<li>9625 km de v\u00e9lo (dont 875 km tout-terrain)<\/li>\n<li>370 heures de selle (dont 56 h tout-terrain)<\/li>\n<li>11 jours de course (dont 2 tout-terrain)<\/li>\n<li>203 km parcourus sur une journ\u00e9e (Brevet Randonneur de Chartreuse)<\/li>\n<li>4034 m cumul\u00e9s sur une journ\u00e9e (Pantani Master)<\/li>\n<li>187 bpm atteints sur une journ\u00e9e (grimp\u00e9e St-Nizier-du-Moucherotte)<\/li>\n<li>349 W d\u00e9velopp\u00e9s sur 45&prime; (grimp\u00e9e St-Nizier-du-Moucherotte)<\/li>\n<li>5.59 W\/kg d\u00e9velopp\u00e9s sur 45&prime; (grimp\u00e9e St-Nizier-du-Moucherotte)<\/li>\n<\/ul>\n<p align=\"justify\">Alors que pr\u00e9voir pour 2010 ? J&rsquo;ai d\u00e9cid\u00e9 de m&rsquo;attaquer au Grand Troph\u00e9e de ma cat\u00e9gorie (18-29 ans) avec quelques \u00e9preuves que je connais d\u00e9j\u00e0, mais aussi le mythe du cyclosport : la Marmotte. Je ferai en sorte d&rsquo;\u00eatre au top ce jour-l\u00e0, d&rsquo;autant que (heureux hasard du calendrier) je pourrai doubler avec la Luc Alphand le weekend suivant. J&rsquo;ai h\u00e2te d&rsquo;y \u00eatre, tout comme les Trois Ballons mi-juin, sur des routes haut-sa\u00f4noises et alsaciennes que je connais tr\u00e8s bien. Bref un d\u00e9but d&rsquo;\u00e9t\u00e9 de folie, avec des \u00e9preuves tous les weekends d\u00e8s la fin du mois de mai.<\/p>\n<p align=\"justify\">Soit un planning pr\u00e9visionnel plut\u00f4t charg\u00e9 :<\/p>\n<ul>\n<li><a href=\"http:\/\/www.corimadromeprovencale.fr\/\">La Corima Dr\u00f4me Proven\u00e7ale<\/a> &#8211; 28\/03\/10<\/li>\n<li><a href=\"http:\/\/www.labisou.com\/\">La Bisou<\/a> &#8211; 11\/04\/10<\/li>\n<li><a href=\"http:\/\/www.sportcommunication.info\/GT\/epreuve2.php?langue=1&#038;trophee=52\">L&rsquo;\u00c9pervier (GT)<\/a> &#8211; 18\/04\/10<\/li>\n<li><a href=\"http:\/\/www.scott1000bosses.com\/course-cyclosportive-monts-du-lyonnais\/\">La Scott 1000 Bosses<\/a> &#8211; 25\/04\/10<\/li>\n<li><a href=\"http:\/\/www.sportcommunication.info\/GT\/epreuve2.php?langue=1&#038;trophee=57\">Le Challenge du Dauphin\u00e9 (GT)<\/a> &#8211; 23\/05\/10<\/li>\n<li><a href=\"http:\/\/www.sportcommunication.info\/GT\/epreuve2.php?langue=1&#038;trophee=129\">La Ventoux (GT)<\/a> &#8211; 05\/06\/10<\/li>\n<li><a href=\"http:\/\/www.sportcommunication.info\/GT\/epreuve2.php?langue=1&#038;trophee=54\">Les 3 Ballons (GT)<\/a> &#8211; 12\/06\/10<\/li>\n<li><a href=\"http:\/\/www.sportcommunication.info\/GT\/epreuve2.php?langue=1&#038;trophee=133\">La Morzine Vall\u00e9e d&rsquo;Aulps (GT)<\/a> &#8211; 20\/06\/10<\/li>\n<li><a href=\"http:\/\/www.sportcommunication.info\/GT\/epreuve2.php?langue=1&#038;trophee=81\">La Vaujany (GT)<\/a> &#8211; 27\/06\/10<\/li>\n<li><a href=\"http:\/\/www.sportcommunication.info\/GT\/epreuve2.php?langue=1&#038;trophee=128\">La Marmotte (GT)<\/a> &#8211; 03\/07\/10<\/li>\n<li><a href=\"http:\/\/www.cyclo-lucalphand.com\/accueil.html\">La Serre-Che Luc Alphand<\/a> &#8211; 11\/07\/10<\/li>\n<li><a href=\"http:\/\/www.larisoulvauban.com\/\">La Risoul Vauban<\/a> &#8211; 01\/08\/10<\/li>\n<li><a href=\"http:\/\/www.sportcommunication.info\/GT\/epreuve2.php?langue=1&#038;trophee=161\">La Marco Pantani (GT)<\/a> &#8211; 22\/08\/10<\/li>\n<li><a href=\"http:\/\/www.traverseesduvercors.fr\/fr\/vtt.htm\">La Transvercors (VTT)<\/a> &#8211; 05\/09\/10<\/li>\n<li><a href=\"http:\/\/www.cyclodromoise.com\/\">La Dr\u00f4moise<\/a> &#8211; 26\/09\/10<\/li>\n<\/ul>\n<p align=\"justify\">Maintenant il n&rsquo;y a plus qu&rsquo;\u00e0 p\u00e9daler encore et encore, pour faire la meilleure saison possible \ud83d\ude42 .<\/p>\n","protected":false},"excerpt":{"rendered":"<p>Les premiers flocons sont l\u00e0, les f\u00eates de fin d&rsquo;ann\u00e9e approchent \u00e0 grands pas&#8230; Cela fait d\u00e9j\u00e0 quelques temps que le v\u00e9lo de route a fait place au VTT ; il est temps de faire un bilan de la saison &hellip; <a href=\"https:\/\/www.rodolphe-passions.fr\/wordpress\/2009\/12\/bilan-2009\/\">Continuer la lecture <span class=\"meta-nav\">&rarr;<\/span><\/a><\/p>\n","protected":false},"author":1,"featured_media":0,"comment_status":"open","ping_status":"open","sticky":false,"template":"","format":"standard","meta":{"jetpack_post_was_ever_published":false,"_jetpack_newsletter_access":"","_jetpack_dont_email_post_to_subs":false,"_jetpack_newsletter_tier_id":0,"_jetpack_memberships_contains_paywalled_content":false,"_jetpack_memberships_contains_paid_content":false,"footnotes":"","jetpack_publicize_message":"","jetpack_publicize_feature_enabled":true,"jetpack_social_post_already_shared":false,"jetpack_social_options":{"image_generator_settings":{"template":"highway","enabled":false},"version":2}},"categories":[9],"tags":[],"class_list":["post-342","post","type-post","status-publish","format-standard","hentry","category-divers"],"jetpack_publicize_connections":[],"jetpack_featured_media_url":"","jetpack_shortlink":"https:\/\/wp.me\/p12zYw-5w","jetpack_sharing_enabled":true,"jetpack_likes_enabled":true,"_links":{"self":[{"href":"https:\/\/www.rodolphe-passions.fr\/wordpress\/wp-json\/wp\/v2\/posts\/342"}],"collection":[{"href":"https:\/\/www.rodolphe-passions.fr\/wordpress\/wp-json\/wp\/v2\/posts"}],"about":[{"href":"https:\/\/www.rodolphe-passions.fr\/wordpress\/wp-json\/wp\/v2\/types\/post"}],"author":[{"embeddable":true,"href":"https:\/\/www.rodolphe-passions.fr\/wordpress\/wp-json\/wp\/v2\/users\/1"}],"replies":[{"embeddable":true,"href":"https:\/\/www.rodolphe-passions.fr\/wordpress\/wp-json\/wp\/v2\/comments?post=342"}],"version-history":[{"count":34,"href":"https:\/\/www.rodolphe-passions.fr\/wordpress\/wp-json\/wp\/v2\/posts\/342\/revisions"}],"predecessor-version":[{"id":979,"href":"https:\/\/www.rodolphe-passions.fr\/wordpress\/wp-json\/wp\/v2\/posts\/342\/revisions\/979"}],"wp:attachment":[{"href":"https:\/\/www.rodolphe-passions.fr\/wordpress\/wp-json\/wp\/v2\/media?parent=342"}],"wp:term":[{"taxonomy":"category","embeddable":true,"href":"https:\/\/www.rodolphe-passions.fr\/wordpress\/wp-json\/wp\/v2\/categories?post=342"},{"taxonomy":"post_tag","embeddable":true,"href":"https:\/\/www.rodolphe-passions.fr\/wordpress\/wp-json\/wp\/v2\/tags?post=342"}],"curies":[{"name":"wp","href":"https:\/\/api.w.org\/{rel}","templated":true}]}}