{"id":382,"date":"2010-03-28T20:00:53","date_gmt":"2010-03-28T18:00:53","guid":{"rendered":"http:\/\/www.rodolphe-passions.info\/wordpress\/?p=382"},"modified":"2011-09-17T20:45:42","modified_gmt":"2011-09-17T19:45:42","slug":"grand-prix-de-crest","status":"publish","type":"post","link":"https:\/\/www.rodolphe-passions.fr\/wordpress\/2010\/03\/grand-prix-de-crest\/","title":{"rendered":"Grand Prix de Crest"},"content":{"rendered":"<p align=\"justify\">Apr\u00e8s plusieurs mois sans comp\u00e9tition, c&rsquo;est aujourd&rsquo;hui la premi\u00e8re fois que je remets un dossard. L&rsquo;hiver a \u00e9t\u00e9 studieux, plus que les saisons pr\u00e9c\u00e9dentes et il est grand temps de v\u00e9rifier \u00e7a en conditions r\u00e9elles. Au d\u00e9part je souhaitais participer \u00e0 la Corima, mais le buzz autour de l&rsquo;\u00e9v\u00e8nement fut tel qu&rsquo;il n&rsquo;\u00e9tait plus possible de s&rsquo;inscrire, au moment o\u00f9 je me suis d\u00e9cid\u00e9 \u00e0 y aller. Direction donc la Dr\u00f4me, \u00e0 Crest pour le Grand Prix des Mousquetaires en Pass&rsquo;Cyclisme. Une belle course FFC en ligne (rare !) de 70 km, o\u00f9 je fais \u00e9quipe avec plusieurs co\u00e9quipiers de l&rsquo;<a href=\"http:\/\/asf.cyclisme.free.fr\/\">AS Fontaine Cyclisme<\/a> : C\u00e9dric, Fabrice et Joseph.<\/p>\n<p align=\"justify\">Le parcours comporte une seule difficult\u00e9, inhabituelle pour des courses de ce type : le col de la Croix. Long d&rsquo;environ 9 km, il est situ\u00e9 en milieu de parcours ; c&rsquo;est ici que le bon coup partira. Le d\u00e9part est donn\u00e9 \u00e0 13h30, avec pr\u00e8s de 200 coureurs en Pass&rsquo;Cyclisme. Les 30 premiers km sont plats : inutile de griller des cartouches avant la bosse, m\u00eame si je mets souvent le nez \u00e0 la fen\u00eatre pour \u00e9viter de me faire enfermer et risquer la chute (pas \u00e9vident pour une reprise). Le ciel est couvert, mais la temp\u00e9rature agr\u00e9able (~15\u00b0C) et le vent nous laisse tranquilles : des conditions presque id\u00e9ales pour courir.<\/p>\n<p align=\"justify\">Malgr\u00e9 quelques escarmouches le peloton arrive group\u00e9 au pied de la difficult\u00e9 ; les autres Fontainois sont bien plac\u00e9s, moi pas du tout alors que la route se r\u00e9tr\u00e9cit brusquement. Je suis contraint de faire l&rsquo;effort dans les premiers faux-plats du col, pour \u00e9viter de prendre une cassure. C\u00e9dric et Fabrice sont attentifs devant ; une premi\u00e8re \u00e9chapp\u00e9e se dessine avec nous trois bien plac\u00e9s dedans, mais \u00e7a revient. La premi\u00e8re moiti\u00e9 du col est aval\u00e9e grand plateau, quand arrivent les % les plus \u00e9lev\u00e9s. Le peloton s&rsquo;\u00e9tire progressivement et un homme part seul devant ; bien plac\u00e9 je d\u00e9cide de partir \u00e0 sa poursuite, en attaquant s\u00e8chement \u00e0 la corde d&rsquo;une \u00e9pingle. Les jambes r\u00e9pondent bien et je creuse un petit \u00e9cart, le peloton restant proche. A la faveur d&rsquo;un lacet je vois que \u00e7a casse dans le peloton ; j&rsquo;insiste pour forcer la d\u00e9cision.<\/p>\n<p align=\"justify\">Celle-ci ne va pas tarder ; l&rsquo;avant-garde du peloton me rejoint, et C\u00e9dric contre. Une dizaine de coureurs se d\u00e9tachent nettement \u00e0 2 km du sommet ; Fabrice et moi en faisons partie, mais nous sommes tous deux \u00e0 la limite. Fabrice craque le premier, moi un peu plus loin, \u00e0 quelques hectom\u00e8tres du sommet. Je ne l\u00e2che rien pensant revenir dans la descente ; malheureusement je ne reverrai plus l&rsquo;\u00e9chapp\u00e9e, malgr\u00e9 une descente \u00e0 tombeau ouvert. Au pied de celle-ci un groupe d&rsquo;une vingtaine d&rsquo;hommes fait la jonction, dont Fabrice. Il reste alors 15 km \u00e0 couvrir, et la tactique est claire : d\u00e9sorganiser la poursuite autant que possible, afin de prot\u00e9ger C\u00e9dric devant.<\/p>\n<p align=\"justify\">Les kilom\u00e8tres d\u00e9filent jusqu&rsquo;\u00e0 quelques encablures de l&rsquo;arriv\u00e9e ; le contrat est rempli, il reste maintenant \u00e0 penser aux places d&rsquo;honneur. \u00c7a bouge beaucoup dans le final ; dans le dernier rond-point Fabrice plante une grosse mine, que je contre croyant (\u00e0 tort) la cassure faite. Finalement on arrive au sprint pour la 7\u00b0 place ; Fabrice trouve les ressources pour faire 8\u00b0, et moi -un peu juste- 19\u00b0. De son c\u00f4t\u00e9 C\u00e9dric manque son sprint et termine 6\u00b0 ; Joseph finit dans un groupe un peu plus loin, \u00e0 la 36\u00b0 place. Bonne performance collective donc, m\u00eame si le r\u00e9sultat n&rsquo;est pas forc\u00e9ment \u00e0 la hauteur de nos ambitions initiales (le podium voire la victoire).<\/p>\n<p align=\"justify\">Personnellement je suis un peu d\u00e9\u00e7u de ne pas avoir pu accrocher le bon wagon dans le col ; cela s&rsquo;est jou\u00e9 \u00e0 peu de choses. Les 70 km furent couverts \u00e0 plus de 37 km\/h de moyenne ; je suis rassur\u00e9 sur ma capacit\u00e9 \u00e0 r\u00e9pondre aux changements de rythme, reste l&rsquo;inconnue de la distance&#8230; Sur laquelle j&rsquo;aurai une id\u00e9e un peu plus pr\u00e9cise \u00e0 <a href=\"http:\/\/www.labisou.com\/\">la Bisou<\/a>, prochaine \u00e9preuve \u00e0 laquelle je participe.<\/p>\n<p><center><script type=\"text\/javascript\" src=\"http:\/\/www.openrunner.com\/orservice\/inorser-script.php?key=mykey&amp;ser=S02&amp;id=512561&amp;w=800&amp;hp=240&amp;k=10&amp;c=0&#038;ts=1299275636\"><\/script><\/center><\/p>\n","protected":false},"excerpt":{"rendered":"<p>Apr\u00e8s plusieurs mois sans comp\u00e9tition, c&rsquo;est aujourd&rsquo;hui la premi\u00e8re fois que je remets un dossard. L&rsquo;hiver a \u00e9t\u00e9 studieux, plus que les saisons pr\u00e9c\u00e9dentes et il est grand temps de v\u00e9rifier \u00e7a en conditions r\u00e9elles. Au d\u00e9part je souhaitais participer &hellip; <a href=\"https:\/\/www.rodolphe-passions.fr\/wordpress\/2010\/03\/grand-prix-de-crest\/\">Continuer la lecture <span class=\"meta-nav\">&rarr;<\/span><\/a><\/p>\n","protected":false},"author":1,"featured_media":0,"comment_status":"open","ping_status":"open","sticky":false,"template":"","format":"standard","meta":{"jetpack_post_was_ever_published":false,"_jetpack_newsletter_access":"","_jetpack_dont_email_post_to_subs":false,"_jetpack_newsletter_tier_id":0,"_jetpack_memberships_contains_paywalled_content":false,"_jetpack_memberships_contains_paid_content":false,"footnotes":"","jetpack_publicize_message":"","jetpack_publicize_feature_enabled":true,"jetpack_social_post_already_shared":false,"jetpack_social_options":{"image_generator_settings":{"template":"highway","enabled":false},"version":2}},"categories":[14],"tags":[],"class_list":["post-382","post","type-post","status-publish","format-standard","hentry","category-ffc"],"jetpack_publicize_connections":[],"jetpack_featured_media_url":"","jetpack_shortlink":"https:\/\/wp.me\/p12zYw-6a","jetpack_sharing_enabled":true,"jetpack_likes_enabled":true,"_links":{"self":[{"href":"https:\/\/www.rodolphe-passions.fr\/wordpress\/wp-json\/wp\/v2\/posts\/382"}],"collection":[{"href":"https:\/\/www.rodolphe-passions.fr\/wordpress\/wp-json\/wp\/v2\/posts"}],"about":[{"href":"https:\/\/www.rodolphe-passions.fr\/wordpress\/wp-json\/wp\/v2\/types\/post"}],"author":[{"embeddable":true,"href":"https:\/\/www.rodolphe-passions.fr\/wordpress\/wp-json\/wp\/v2\/users\/1"}],"replies":[{"embeddable":true,"href":"https:\/\/www.rodolphe-passions.fr\/wordpress\/wp-json\/wp\/v2\/comments?post=382"}],"version-history":[{"count":8,"href":"https:\/\/www.rodolphe-passions.fr\/wordpress\/wp-json\/wp\/v2\/posts\/382\/revisions"}],"predecessor-version":[{"id":978,"href":"https:\/\/www.rodolphe-passions.fr\/wordpress\/wp-json\/wp\/v2\/posts\/382\/revisions\/978"}],"wp:attachment":[{"href":"https:\/\/www.rodolphe-passions.fr\/wordpress\/wp-json\/wp\/v2\/media?parent=382"}],"wp:term":[{"taxonomy":"category","embeddable":true,"href":"https:\/\/www.rodolphe-passions.fr\/wordpress\/wp-json\/wp\/v2\/categories?post=382"},{"taxonomy":"post_tag","embeddable":true,"href":"https:\/\/www.rodolphe-passions.fr\/wordpress\/wp-json\/wp\/v2\/tags?post=382"}],"curies":[{"name":"wp","href":"https:\/\/api.w.org\/{rel}","templated":true}]}}