{"id":410,"date":"2010-05-13T20:00:33","date_gmt":"2010-05-13T18:00:33","guid":{"rendered":"http:\/\/www.rodolphe-passions.info\/wordpress\/?p=410"},"modified":"2012-01-09T22:20:51","modified_gmt":"2012-01-09T21:20:51","slug":"championnat-rhone-alpes-du-clm-par-equipe","status":"publish","type":"post","link":"https:\/\/www.rodolphe-passions.fr\/wordpress\/2010\/05\/championnat-rhone-alpes-du-clm-par-equipe\/","title":{"rendered":"Championnat Rh\u00f4ne-Alpes de CLM par \u00e9quipe"},"content":{"rendered":"<p align=\"justify\">L&rsquo;id\u00e9e a germ\u00e9 pendant le stage de f\u00e9vrier, sous l&rsquo;impulsion de C\u00e9dric&#8230; Vu le tandem qu&rsquo;on a form\u00e9 avec lui et Fabrice sur les routes azur\u00e9ennes, pourquoi ne pas trouver un quatri\u00e8me \u00e9quipier, et tenter de remporter le titre r\u00e9gional du contre-la-montre par \u00e9quipe ? Le quatri\u00e8me homme est vite trouv\u00e9 avec Olivier, et nous voici donc au d\u00e9part du chrono en ce jeudi de l&rsquo;Ascension, \u00e0 Jardin, non loin du circuit du Grand Prix de Vienne couru au mois d&rsquo;avril. C&rsquo;est d&rsquo;ailleurs celui-ci qu&rsquo;on emprunte aujourd&rsquo;hui, avec une petite rallonge pour atteindre 37 km et 380 m de d\u00e9nivel\u00e9. Bref c&rsquo;est loin d&rsquo;\u00eatre tout plat, ce qui n&rsquo;est pas pour me d\u00e9plaire, moi le grimpeur face aux trois mobylettes qui me servent d&rsquo;\u00e9quipiers. Nous arrivons sur place un peu en avance, le temps de monter tente, v\u00e9los et home-trainer non loin du d\u00e9part.<\/p>\n<p align=\"justify\"><img loading=\"lazy\" decoding=\"async\" src=\"http:\/\/www.rodolphe-passions.fr\/wordpress\/wp-content\/uploads\/2010\/05\/chpt_ra_clme.jpg\" alt=\"Championnat Rh\u00f4ne-Alpes de CLM par \u00e9quipe\" title=\"Championnat Rh\u00f4ne-Alpes de CLM par \u00e9quipe\" width=\"400\" height=\"336\" class=\"alignright size-full wp-image-437\" srcset=\"https:\/\/www.rodolphe-passions.fr\/wordpress\/wp-content\/uploads\/2010\/05\/chpt_ra_clme.jpg 400w, https:\/\/www.rodolphe-passions.fr\/wordpress\/wp-content\/uploads\/2010\/05\/chpt_ra_clme-300x252.jpg 300w\" sizes=\"(max-width: 400px) 100vw, 400px\" \/>\u00c9quipe n\u00b018, dossard rouge : nous y voil\u00e0. La crainte de ces derniers jours est vite effac\u00e9e : il fait froid pour la saison, mais nous roulerons au sec. Compar\u00e9 au mat\u00e9riel d\u00e9ploy\u00e9 par nos adversaires nous faisons figure d&rsquo;amateurs : chacun a pu se d\u00e9goter une paire de Cosmic et des prolongateurs (sauf moi qui pr\u00e9f\u00e8re rouler mains en bas du cintre), alors que chez les clubs voisins c&rsquo;est un d\u00e9fil\u00e9 de roues lenticulaires, v\u00e9los et casques profil\u00e9s&#8230; Idem pour la pr\u00e9paration, puisqu&rsquo;avec la \u00ab\u00a0superbe\u00a0\u00bb m\u00e9t\u00e9o de ces derni\u00e8res semaines, nous n&rsquo;avons pu rouler qu&rsquo;une seule fois ensemble pour tenter d&rsquo;automatiser les relais.<\/p>\n<p align=\"justify\">Nous partons n\u00e9anmoins confiants en nos possibilit\u00e9s, et \u00e0 12h54 les chevaux sont l\u00e2ch\u00e9s. Le parcours d\u00e9bute par le long faux-plat de 7 km vers St-Sorlin, pas tr\u00e8s pentu. Bien aid\u00e9s par le vent favorable C\u00e9dric puis Fabrice d\u00e9marrent vite, trop vite m\u00eame pour Olivier et moi ; au bout de 5 km je suis d\u00e9j\u00e0 dans le rouge, tandis qu&rsquo;Olivier craque. Le temps est pris sur le troisi\u00e8me coureur, mais pas question de se retrouver \u00e0 trois si loin de l&rsquo;arriv\u00e9e : on attend, quitte \u00e0 perdre du temps. Dans la descente qui suit le groupe se r\u00e9organise, et les relais passent efficacement avec un Fabrice qui ne sent pas les p\u00e9dales. Je souffre mais \u00e7a va tr\u00e8s vite : plus de 65 km\/h dans une pente peu soutenue.<\/p>\n<p align=\"justify\">A Cour-et-Buis d\u00e9bute un long bout droit d&rsquo;environ 10 km n\u00e9goci\u00e9 plein gaz, entre 50 et 55 km\/h : mes relais sont courts compar\u00e9s aux autres, mais ce n&rsquo;est pas mon terrain de pr\u00e9dilection. Nous arrivons ainsi \u00e0 Vernioz, puis les C\u00f4tes-d&rsquo;Arey, o\u00f9 nous retrouvons de la d\u00e9clivit\u00e9. Il reste 10 km \u00e0 couvrir quand nous reprenons l&rsquo;\u00e9quipe de Chamb\u00e9ry, partie 3&prime; devant nous. Cela nous remonte le moral juste avant d&rsquo;attaquer la derni\u00e8re bosse du parcours, suffisamment pentue pour passer le petit plateau. J&rsquo;ai encore un peu de puissance en r\u00e9serve, mais Olivier ne peut plus suivre : \u00e0 5 km de l&rsquo;arriv\u00e9e nous d\u00e9cidons de finir \u00e0 trois.<\/p>\n<p align=\"justify\">Au sommet chacun est au bord des crampes, mais il ne faut plus calculer et filer vers l&rsquo;arriv\u00e9e le plus vite possible. La descente sinueuse est aval\u00e9e \u00e0 fond, le compteur flirtant avec les 70 km\/h. Avec mon 50*12 je reste bien planqu\u00e9 dans les roues, conscient que le moindre \u00e9cart avec mes co\u00e9quipiers serait impossible \u00e0 combler. Deux ou trois virages difficiles \u00e0 n\u00e9gocier dans les faubourgs de Vienne, puis l&rsquo;arriv\u00e9e \u00e0 2 km : nous donnons tout dans le dernier faux-plat menant \u00e0 Jardin. Les jambes br\u00fblent, un seul objectif : tenir co\u00fbte que co\u00fbte dans la roue de mes coll\u00e8gues, jusqu&rsquo;\u00e0 la ligne&#8230; Nous terminons les trois au sprint, heureux d&rsquo;en avoir termin\u00e9 avec ce difficile trac\u00e9.<\/p>\n<p align=\"justify\">Nous reprenons nos esprits tandis qu&rsquo;Olivier arrive, et les temps commencent \u00e0 tomber : 55&rsquo;17\u00a0\u00bb pour nous, soit 40,2 km\/h de moyenne et surtout la premi\u00e8re place provisoire en Pass&rsquo;Cyclisme. \u00c7a se pr\u00e9sente bien, m\u00eame s&rsquo;il faut encore attendre les derni\u00e8res \u00e9quipes engag\u00e9es, notamment le VC Pontois qui est tenant du titre. Ils arrivent enfin, et le verdict tombe : nous sommes devant pour&#8230; 1&Prime;20 ! Explosion de joie de l&rsquo;\u00e9quipe, qui offre le premier titre de ce genre \u00e0 l&rsquo;<a href=\"http:\/\/asf.cyclisme.free.fr\">AS Fontaine Cyclisme<\/a>. C&rsquo;est \u00e9galement ma toute premi\u00e8re victoire depuis ma premi\u00e8re licence FFC en 1995 : incroyable que ce soit dans un chrono !<\/p>\n<p align=\"justify\">C\u00f4t\u00e9 chiffres j&rsquo;ai effectu\u00e9 ce contre-la-montre \u00e0 172 bpm de moyenne, 180 bpm au plus haut et pass\u00e9 50&prime; au-dessus de 165 bpm. Un tr\u00e8s bon exercice de rythme, qui nous a offert une magnifique victoire collective et m&rsquo;a ouvert les yeux sur ma capacit\u00e9 \u00e0 rouler vite sur le plat. Une bonne dose de confiance au moment de pr\u00e9parer les grosses \u00e9ch\u00e9ances cyclosportives, avec le Challenge Vercors (ex-Dauphin\u00e9) d\u00e8s la fin de semaine prochaine.<\/p>\n<p><center><script type=\"text\/javascript\" src=\"http:\/\/www.openrunner.com\/orservice\/inorser-script.php?key=mykey&amp;ser=S02&amp;id=565936&amp;w=800&amp;hp=240&amp;k=10&amp;c=0&#038;ts=1299275534\"><\/script><\/center><\/p>\n","protected":false},"excerpt":{"rendered":"<p>L&rsquo;id\u00e9e a germ\u00e9 pendant le stage de f\u00e9vrier, sous l&rsquo;impulsion de C\u00e9dric&#8230; Vu le tandem qu&rsquo;on a form\u00e9 avec lui et Fabrice sur les routes azur\u00e9ennes, pourquoi ne pas trouver un quatri\u00e8me \u00e9quipier, et tenter de remporter le titre r\u00e9gional &hellip; <a href=\"https:\/\/www.rodolphe-passions.fr\/wordpress\/2010\/05\/championnat-rhone-alpes-du-clm-par-equipe\/\">Continuer la lecture <span class=\"meta-nav\">&rarr;<\/span><\/a><\/p>\n","protected":false},"author":1,"featured_media":0,"comment_status":"open","ping_status":"open","sticky":false,"template":"","format":"standard","meta":{"jetpack_post_was_ever_published":false,"_jetpack_newsletter_access":"","_jetpack_dont_email_post_to_subs":false,"_jetpack_newsletter_tier_id":0,"_jetpack_memberships_contains_paywalled_content":false,"_jetpack_memberships_contains_paid_content":false,"footnotes":"","jetpack_publicize_message":"","jetpack_publicize_feature_enabled":true,"jetpack_social_post_already_shared":false,"jetpack_social_options":{"image_generator_settings":{"template":"highway","enabled":false},"version":2}},"categories":[14],"tags":[],"class_list":["post-410","post","type-post","status-publish","format-standard","hentry","category-ffc"],"jetpack_publicize_connections":[],"jetpack_featured_media_url":"","jetpack_shortlink":"https:\/\/wp.me\/p12zYw-6C","jetpack_sharing_enabled":true,"jetpack_likes_enabled":true,"_links":{"self":[{"href":"https:\/\/www.rodolphe-passions.fr\/wordpress\/wp-json\/wp\/v2\/posts\/410"}],"collection":[{"href":"https:\/\/www.rodolphe-passions.fr\/wordpress\/wp-json\/wp\/v2\/posts"}],"about":[{"href":"https:\/\/www.rodolphe-passions.fr\/wordpress\/wp-json\/wp\/v2\/types\/post"}],"author":[{"embeddable":true,"href":"https:\/\/www.rodolphe-passions.fr\/wordpress\/wp-json\/wp\/v2\/users\/1"}],"replies":[{"embeddable":true,"href":"https:\/\/www.rodolphe-passions.fr\/wordpress\/wp-json\/wp\/v2\/comments?post=410"}],"version-history":[{"count":17,"href":"https:\/\/www.rodolphe-passions.fr\/wordpress\/wp-json\/wp\/v2\/posts\/410\/revisions"}],"predecessor-version":[{"id":1080,"href":"https:\/\/www.rodolphe-passions.fr\/wordpress\/wp-json\/wp\/v2\/posts\/410\/revisions\/1080"}],"wp:attachment":[{"href":"https:\/\/www.rodolphe-passions.fr\/wordpress\/wp-json\/wp\/v2\/media?parent=410"}],"wp:term":[{"taxonomy":"category","embeddable":true,"href":"https:\/\/www.rodolphe-passions.fr\/wordpress\/wp-json\/wp\/v2\/categories?post=410"},{"taxonomy":"post_tag","embeddable":true,"href":"https:\/\/www.rodolphe-passions.fr\/wordpress\/wp-json\/wp\/v2\/tags?post=410"}],"curies":[{"name":"wp","href":"https:\/\/api.w.org\/{rel}","templated":true}]}}