{"id":444,"date":"2010-06-05T20:00:30","date_gmt":"2010-06-05T18:00:30","guid":{"rendered":"http:\/\/www.rodolphe-passions.info\/wordpress\/?p=444"},"modified":"2012-01-09T22:19:46","modified_gmt":"2012-01-09T21:19:46","slug":"ventoux-beaumes-de-venise-master","status":"publish","type":"post","link":"https:\/\/www.rodolphe-passions.fr\/wordpress\/2010\/06\/ventoux-beaumes-de-venise-master\/","title":{"rendered":"Ventoux &#8211; Beaumes-de-Venise Master"},"content":{"rendered":"<p align=\"justify\">Le rythme des \u00e9preuves du Grand Troph\u00e9e s&rsquo;acc\u00e9l\u00e8re, et leur difficult\u00e9 s&rsquo;accentue. Apr\u00e8s avoir fait l&rsquo;impasse sur la Look le weekend pr\u00e9c\u00e9dent, place \u00e0 la Ventoux &#8211; Beaumes-de-Venise. 170 km et 3800 m de d\u00e9nivel\u00e9 au programme, dont deux ascensions sur les pentes mythiques du Mont Ventoux. Ma derni\u00e8re (et seule) ascension du Mont Chauve remonte \u00e0 2000 ; autant dire que je pars en terrain inconnu&#8230; une l\u00e9g\u00e8re blessure au mollet n&rsquo;aidant pas \u00e0 me rassurer.<\/p>\n<p align=\"justify\"><img loading=\"lazy\" decoding=\"async\" src=\"http:\/\/www.rodolphe-passions.fr\/wordpress\/wp-content\/uploads\/2010\/06\/ventoux_master_2010.jpg\" alt=\"Ventoux - Beaumes-de-Venise Master\" title=\"Ventoux - Beaumes-de-Venise Master\" width=\"265\" height=\"399\" class=\"alignleft size-full wp-image-464\" srcset=\"https:\/\/www.rodolphe-passions.fr\/wordpress\/wp-content\/uploads\/2010\/06\/ventoux_master_2010.jpg 265w, https:\/\/www.rodolphe-passions.fr\/wordpress\/wp-content\/uploads\/2010\/06\/ventoux_master_2010-199x300.jpg 199w\" sizes=\"(max-width: 265px) 100vw, 265px\" \/>Apr\u00e8s une semaine tr\u00e8s all\u00e9g\u00e9e c\u00f4t\u00e9 v\u00e9lo, me voici donc au d\u00e9part avec Lionel, un coll\u00e8gue de club qui fait le d\u00e9placement en tant que cyclosportif habitu\u00e9. Dans le sas prioritaire je salue <a href=\"http:\/\/voiron.cyclosport.over-blog.com\/\">S\u00e9bastien<\/a> ainsi que ses co\u00e9quipiers du <a href=\"http:\/\/chamrousse.team.cyclosport.over-blog.com\/\">Chamrousse Team Cyclosport<\/a>, toujours nombreux sur ce genre d&rsquo;\u00e9preuve. La m\u00e9t\u00e9o est superbe ; pas de vent et (enfin) de la chaleur&#8230; Le d\u00e9part est donn\u00e9 \u00e0 8h30 p\u00e9tantes, et malgr\u00e9 un bon dossard je dois m&#8217;employer pour remonter devant, le d\u00e9part tortueux ayant provoqu\u00e9 quelques cassures.<\/p>\n<p align=\"justify\">C&rsquo;est chose faite apr\u00e8s une dizaine de kilom\u00e8tres ; bonne nouvelle le mollet droit me laisse tranquille. Nous continuons ainsi jusqu&rsquo;\u00e0 B\u00e9doin, pied de l&rsquo;ascension reine du Ventoux (22.7 km &#8211; 7.1 %). Les premiers kilom\u00e8tres sont roulants ; je reste en premi\u00e8re ligne avec Seb, jusqu&rsquo;\u00e0 St-Est\u00e8ve o\u00f9 les choses s\u00e9rieuses commencent. La pente se dresse brusquement \u00e0 10 % ; il est temps de mettre tout \u00e0 gauche, et le peloton explose tandis que les d\u00e9railleurs souffrent.<\/p>\n<p align=\"justify\">C&rsquo;est dur pour tout le monde, et de petits groupes commencent \u00e0 se former. Je ne tarde pas \u00e0 d\u00e9crocher de la t\u00eate de course -une dizaine de coureurs- tandis que je vois les cadors remonter. Inutile de chercher \u00e0 les suivre dans ce long col ; de longues heures de course sont encore devant nous. Olivier un membre de V\u00e9loptimal me salue, et je parviens \u00e0 le suivre quelques hectom\u00e8tres. Les jambes sont bonnes, mais le c\u0153ur est bien haut (185 bpm) ; je baisse d&rsquo;un ton et garde les trois coureurs qui me pr\u00e9c\u00e8dent en point de mire, pendant toute la dur\u00e9e de l&rsquo;ascension.<\/p>\n<p align=\"justify\">Le sommet est franchi apr\u00e8s 1h17&prime; d&rsquo;effort en 16\u00b0 position, sans avoir trop souffert&#8230; connaissant le Ventoux de r\u00e9putation je m&rsquo;attendais \u00e0 pire. Dans la descente ultra-rapide j&rsquo;attends un petit groupe de cinq coureurs, dont Fr\u00e9d\u00e9ric du CTC. Peu avant Malauc\u00e8ne nous reprenons les trois concurrents que j&rsquo;avais en point de mire ; nous voil\u00e0 neuf pour attaquer la longue travers\u00e9e vers Sault. D&rsquo;un commun accord nous nous arr\u00eatons faire le plein d&rsquo;eau, et nous voil\u00e0 partis pour plusieurs dizaines de kilom\u00e8tres sur les routes proven\u00e7ales typiques : accident\u00e9es, escarp\u00e9es et&#8230; sans ombre.<\/p>\n<p align=\"justify\">Il fait tr\u00e8s chaud ; je garde le cap en prenant r\u00e9guli\u00e8rement mes relais, mais je ne peux contrer quand deux membres du groupe d\u00e9cident de partir. Derri\u00e8re on est tous un peu entam\u00e9s, et malgr\u00e9 des relais corrects nous perdons r\u00e9guli\u00e8rement du terrain. Bient\u00f4t nous nous retrouvons \u00e0 cinq, puis quatre lorsqu&rsquo;Olivier d\u00e9croche, victime de crampes. De mon c\u00f4t\u00e9 c&rsquo;est gu\u00e8re mieux, et peu avant Sault je bois 2\/3 grosses gorg\u00e9es, sentant une crampe venir derri\u00e8re la cuisse. J&rsquo;en profite aussi pour manger un petit peu, m\u00eame si la chaleur n&rsquo;incite vraiment pas \u00e0 avaler une barre de c\u00e9r\u00e9ales.<\/p>\n<p align=\"justify\">A Sault d\u00e9bute la deuxi\u00e8me ascension de la journ\u00e9e. Moins raide et moins longue que la pr\u00e9c\u00e9dente, elle n&rsquo;en reste pas moins exigeante apr\u00e8s 115 km de course. Nous l&rsquo;attaquons \u00e0 un bon rythme, tandis que les premi\u00e8res d\u00e9faillances font mouche \u00e0 l&rsquo;avant. Nous doublons un, puis deux coureurs dans les premiers virages de la for\u00eat, tandis que le 4\u00b0 membre du groupe d\u00e9croche \u00e0 son tour. Je dois faire de m\u00eame un peu plus loin, le rythme \u00e9tant un peu trop \u00e9lev\u00e9 pour une ascension que je ne connais pas. Dommage, car un coup d&rsquo;\u0153il au profil de ce col m&rsquo;aurait indiqu\u00e9 qu&rsquo;il restait quelques kilom\u00e8tres de grimp\u00e9e r\u00e9elle, et pas les plus difficiles&#8230;<\/p>\n<p align=\"justify\">Tant pis ; deuxi\u00e8me remplissage de bidon au sommet (km 130) sous un ciel nuageux, et j&rsquo;attaque tambour battant la descente vers B\u00e9doin. Je navigue dans le top 20, pas question de flancher maintenant. Peu avant B\u00e9doin je reprends un concurrent et nous roulons ensemble vers le col de la Madeleine (6.8 km &#8211; 2.2 %), tr\u00e8s roulant et sans comparaison avec son homonyme en Maurienne. Je le passe \u00e0 la plaque tandis que les crampes ressurgissent ; \u00e0 nouveau je dois lever le pied et attendre que \u00e7a passe sur ces routes surchauff\u00e9es. D\u00e8s le pied de la descente commence l&rsquo;ultime ascension du jour, le col de la Cha\u00eene (4 km &#8211; 3.8 %). Les jambes commencent \u00e0 faire tr\u00e8s mal, surtout dans les derni\u00e8res rampes \u00e0 7-8 % ; le 36*21 est de rigueur. Au sommet je remplis une derni\u00e8re fois mon bidon vide ; \u00e0 10 km de l&rsquo;arriv\u00e9e \u00e7a sent bon l&rsquo;\u00e9curie.<\/p>\n<p align=\"justify\">Mais il reste encore quelques c\u00f4tes \u00e0 passer vers les dentelles de Montmirail, et \u00e0 5 km de l&rsquo;arriv\u00e9e je vois d\u00e9bouler un concurrent, que j&rsquo;arrive tant bien que mal \u00e0 suivre. Il me ram\u00e8ne sur le coureur que j&rsquo;avais d\u00fb laisser plus t\u00f4t ; lui ne peut nous suivre par contre, et nous arrivons au sprint \u00e0 deux pour la 19\u00b0 place. Vu le final tortueux et le coup de main donn\u00e9 je ne lui dispute pas le sprint ; n&rsquo;\u00e9tant pas de la m\u00eame cat\u00e9gorie je n&rsquo;ai rien \u00e0 y gagner. Je boucle l&rsquo;\u00e9preuve en 5h51&rsquo;49\u00a0\u00bb \u00e0 la 20\u00b0 place scratch (8\u00b0 Fran\u00e7ais), et 5\u00b0 de ma cat\u00e9gorie @ 33&prime; du vainqueur.<\/p>\n<p align=\"justify\">Sur une \u00e9preuve qui ressemble \u00e0 la Vaujany ce r\u00e9sultat est excellent ; contrairement au Challenge Vercors j&rsquo;ai mieux tenu le coup physiquement sur la fin malgr\u00e9 l&rsquo;apparition de crampes (totalement in\u00e9dites pour moi). Avec une \u00e9preuve de retard au GT je continue de me rapprocher du leader des 18-29 ans ; on fera les comptes apr\u00e8s 8 \u00e9preuves. La condition s&rsquo;am\u00e9liore au fil des courses ; maintenant il faut bien r\u00e9cup\u00e9rer et arriver frais aux Trois Ballons, autre gros morceau de 205 km d\u00e8s samedi prochain&#8230;<\/p>\n<p><center><script type=\"text\/javascript\" src=\"http:\/\/www.openrunner.com\/orservice\/inorser-script.php?key=mykey&amp;ser=S02&amp;id=593429&amp;w=800&amp;hp=240&amp;k=10&amp;c=0&#038;ts=1299275449\"><\/script><\/center><\/p>\n","protected":false},"excerpt":{"rendered":"<p>Le rythme des \u00e9preuves du Grand Troph\u00e9e s&rsquo;acc\u00e9l\u00e8re, et leur difficult\u00e9 s&rsquo;accentue. Apr\u00e8s avoir fait l&rsquo;impasse sur la Look le weekend pr\u00e9c\u00e9dent, place \u00e0 la Ventoux &#8211; Beaumes-de-Venise. 170 km et 3800 m de d\u00e9nivel\u00e9 au programme, dont deux ascensions &hellip; <a href=\"https:\/\/www.rodolphe-passions.fr\/wordpress\/2010\/06\/ventoux-beaumes-de-venise-master\/\">Continuer la lecture <span class=\"meta-nav\">&rarr;<\/span><\/a><\/p>\n","protected":false},"author":1,"featured_media":0,"comment_status":"open","ping_status":"open","sticky":false,"template":"","format":"standard","meta":{"jetpack_post_was_ever_published":false,"_jetpack_newsletter_access":"","_jetpack_dont_email_post_to_subs":false,"_jetpack_newsletter_tier_id":0,"_jetpack_memberships_contains_paywalled_content":false,"_jetpack_memberships_contains_paid_content":false,"footnotes":"","jetpack_publicize_message":"","jetpack_publicize_feature_enabled":true,"jetpack_social_post_already_shared":false,"jetpack_social_options":{"image_generator_settings":{"template":"highway","enabled":false},"version":2}},"categories":[4],"tags":[],"class_list":["post-444","post","type-post","status-publish","format-standard","hentry","category-cyclosportives"],"jetpack_publicize_connections":[],"jetpack_featured_media_url":"","jetpack_shortlink":"https:\/\/wp.me\/p12zYw-7a","jetpack_sharing_enabled":true,"jetpack_likes_enabled":true,"_links":{"self":[{"href":"https:\/\/www.rodolphe-passions.fr\/wordpress\/wp-json\/wp\/v2\/posts\/444"}],"collection":[{"href":"https:\/\/www.rodolphe-passions.fr\/wordpress\/wp-json\/wp\/v2\/posts"}],"about":[{"href":"https:\/\/www.rodolphe-passions.fr\/wordpress\/wp-json\/wp\/v2\/types\/post"}],"author":[{"embeddable":true,"href":"https:\/\/www.rodolphe-passions.fr\/wordpress\/wp-json\/wp\/v2\/users\/1"}],"replies":[{"embeddable":true,"href":"https:\/\/www.rodolphe-passions.fr\/wordpress\/wp-json\/wp\/v2\/comments?post=444"}],"version-history":[{"count":33,"href":"https:\/\/www.rodolphe-passions.fr\/wordpress\/wp-json\/wp\/v2\/posts\/444\/revisions"}],"predecessor-version":[{"id":1076,"href":"https:\/\/www.rodolphe-passions.fr\/wordpress\/wp-json\/wp\/v2\/posts\/444\/revisions\/1076"}],"wp:attachment":[{"href":"https:\/\/www.rodolphe-passions.fr\/wordpress\/wp-json\/wp\/v2\/media?parent=444"}],"wp:term":[{"taxonomy":"category","embeddable":true,"href":"https:\/\/www.rodolphe-passions.fr\/wordpress\/wp-json\/wp\/v2\/categories?post=444"},{"taxonomy":"post_tag","embeddable":true,"href":"https:\/\/www.rodolphe-passions.fr\/wordpress\/wp-json\/wp\/v2\/tags?post=444"}],"curies":[{"name":"wp","href":"https:\/\/api.w.org\/{rel}","templated":true}]}}