{"id":4505,"date":"2019-05-08T20:00:55","date_gmt":"2019-05-08T19:00:55","guid":{"rendered":"http:\/\/www.rodolphe-passions.fr\/wordpress\/?p=4505"},"modified":"2019-05-11T20:45:56","modified_gmt":"2019-05-11T19:45:56","slug":"grimpee-du-col-de-porte-3","status":"publish","type":"post","link":"https:\/\/www.rodolphe-passions.fr\/wordpress\/2019\/05\/grimpee-du-col-de-porte-3\/","title":{"rendered":"Grimp\u00e9e du col de Porte"},"content":{"rendered":"<p align=\"justify\">Si le soleil nous avait accompagn\u00e9s en 2018, cette ann\u00e9e la pluie nous accueille pour une nouvelle \u00e9dition de la grimp\u00e9e du col de Porte, organis\u00e9e par La Tronche V\u00e9lo Sport. Heureusement il ne fait pas froid au d\u00e9part (12\u00b0C), ce qui permet de transpirer un peu \u00e0 l&rsquo;\u00e9chauffement sur home-trainer. Les sensations sont difficiles \u00e0 lire suite au long d\u00e9placement en Loz\u00e8re le dimanche pr\u00e9c\u00e9dent : malgr\u00e9 deux jours de r\u00e9cup\u00e9ration je ne suis pas sp\u00e9cialement confiant sur la ligne. La tactique sera donc simple : monter \u00e0 un rythme soutenu, en \u00e9vitant les \u00e0-coups.<\/p>\n<p align=\"justify\"><img loading=\"lazy\" decoding=\"async\" src=\"http:\/\/www.rodolphe-passions.fr\/wordpress\/wp-content\/uploads\/2019\/05\/col_de_porte_1.jpg\" alt=\"Col de Porte\" width=\"400\" height=\"253\" class=\"alignright size-full wp-image-4506\" srcset=\"https:\/\/www.rodolphe-passions.fr\/wordpress\/wp-content\/uploads\/2019\/05\/col_de_porte_1.jpg 400w, https:\/\/www.rodolphe-passions.fr\/wordpress\/wp-content\/uploads\/2019\/05\/col_de_porte_1-300x190.jpg 300w\" sizes=\"(max-width: 400px) 100vw, 400px\" \/>Une centaine de courageux et courageuses d\u00e9marrent \u00e0 9h00 de La Tronche, les choses s\u00e9rieuses d\u00e9butent au bout de 100 m avec les premi\u00e8res pentes. Au-del\u00e0 de 6 W\/kg l&rsquo;allure est rapide mais pas d\u00e9moniaque, \u00e7a change des autres \u00e9ditions o\u00f9 \u00e7a partait quasiment au sprint&#8230; Tant mieux, \u00e7a me laisse le temps de mettre en route, puis remonter dans les dix premi\u00e8res positions. A Corenc les jambes tournent bien, je prends la t\u00eate du groupe entre 5,5 et 6 W\/kg alors que la pluie se fait plus pr\u00e9sente. Pour le moment le plan se d\u00e9roule \u00e0 merveille, un jeune coureur tente de sortir mais je reviens \u00e0 chaque fois au train.<\/p>\n<p align=\"justify\">Dans les parties difficiles sous le <strong>col de Vence<\/strong> Joris Ronflet attaque \u00e0 plusieurs reprises ; \u00e0 chaque fois je rentre progressivement, augmentant l&rsquo;allure et r\u00e9duisant le groupe de t\u00eate \u00e0 une dizaine d&rsquo;hommes. David Polveroni, Florian Giboin, Colin Savioz, Cyril Gaillard, Simon Alamone, Julien Gaillard, Antony Cheytion, Joris sont encore l\u00e0 ; la temp\u00e9rature chute nettement au col et je mets une grosse attaque pour tester tout le monde, mais \u00e7a rentre&#8230; Colin, David et Florian me relaient de temps en temps, globalement tout le monde souffre pour suivre mais je ne m&rsquo;en rends pas forc\u00e9ment compte.<\/p>\n<p align=\"justify\"><img loading=\"lazy\" decoding=\"async\" src=\"http:\/\/www.rodolphe-passions.fr\/wordpress\/wp-content\/uploads\/2019\/05\/col_de_porte_2.jpg\" alt=\"Col de Porte\" width=\"400\" height=\"268\" class=\"alignleft size-full wp-image-4507\" srcset=\"https:\/\/www.rodolphe-passions.fr\/wordpress\/wp-content\/uploads\/2019\/05\/col_de_porte_2.jpg 400w, https:\/\/www.rodolphe-passions.fr\/wordpress\/wp-content\/uploads\/2019\/05\/col_de_porte_2-300x201.jpg 300w\" sizes=\"(max-width: 400px) 100vw, 400px\" \/>J&rsquo;acc\u00e9l\u00e8re de nouveau \u00e0 la sortie du Sappey lorsque nous sommes plus abrit\u00e9s du vent, l&rsquo;\u00e9lastique se tend de plus en plus mais pas moyen de faire la diff\u00e9rence : David craque, Julien l&rsquo;imite plus loin nous laissant \u00e0 sept pour la victoire dans les derniers kilom\u00e8tres d&rsquo;ascension. La pluie tombe drue \u00e0 pr\u00e9sent et le froid (3\u00b0C) saisit mes mains ; je maintiens la barre \u00e0 5,5 W\/kg lorsque Cyril attaque une premi\u00e8re fois \u00e0 2 km de la ligne. \u00c7a rentre au train au prix d&rsquo;un gros effort, aid\u00e9 par Florian. Mais lorsque Cyril contre \u00e0 la flamme rouge on ne peut rien faire : l&rsquo;acc\u00e9l\u00e9ration est progressive et l&rsquo;\u00e9cart enfle m\u00e8tre apr\u00e8s m\u00e8tre, connaissant ses qualit\u00e9s de sprinteur en ski de fond je sais qu&rsquo;il ne craquera pas et laisse Florian et Colin mener la poursuite.<\/p>\n<p align=\"justify\">Nous sommes battus, aux 500 m un long sprint pour le podium est lanc\u00e9 ; j&rsquo;arrive \u00e0 tenir dans les roues d&rsquo;Antony et Joris avant de coincer \u00e0 50 m de la ligne&#8230; Dernier du groupe donc septi\u00e8me \u00e0 quelques secondes de la victoire et du podium, sous le d\u00e9luge. Forc\u00e9ment d\u00e9\u00e7u d&rsquo;\u00e9chouer aussi pr\u00e8s (surtout apr\u00e8s avoir men\u00e9 les 3\/4 de la mont\u00e9e) je me console avec un nouveau record personnel sur l&rsquo;ascension (moins de 46&prime; @ 332 W) dans des conditions m\u00e9t\u00e9o peu propices \u00e0 un bon chrono. J&rsquo;ai effectu\u00e9 la mont\u00e9e tr\u00e8s r\u00e9guli\u00e8re, parfaite pour un contre-la-montre individuel sauf que l\u00e0 on partait en ligne \ud83d\ude1b \u00c7a manquait d&rsquo;explosivit\u00e9 dans le final pour accrocher le podium occup\u00e9 par Cyril, Florian et Simon ; bravo \u00e0 eux, je t\u00e2cherai de courir plus juste la prochaine fois \ud83d\ude09 <\/p>\n<p align=\"justify\">R\u00e9sultat(s) : <a href=\"http:\/\/www.rodolphe-passions.fr\/wordpress\/wp-content\/uploads\/2019\/05\/col_de_porte.pdf\">Grimp\u00e9e du col de Porte<\/a><\/p>\n<p><center><iframe height='405' width='590' frameborder='0' allowtransparency='true' scrolling='no' src='https:\/\/www.strava.com\/activities\/2350956813\/embed\/f565de6df5c31ac1a7783df8ed9139bdca6c1e06'><\/iframe><\/center><\/p>\n","protected":false},"excerpt":{"rendered":"<p>Si le soleil nous avait accompagn\u00e9s en 2018, cette ann\u00e9e la pluie nous accueille pour une nouvelle \u00e9dition de la grimp\u00e9e du col de Porte, organis\u00e9e par La Tronche V\u00e9lo Sport. Heureusement il ne fait pas froid au d\u00e9part (12\u00b0C), &hellip; <a href=\"https:\/\/www.rodolphe-passions.fr\/wordpress\/2019\/05\/grimpee-du-col-de-porte-3\/\">Continuer la lecture <span class=\"meta-nav\">&rarr;<\/span><\/a><\/p>\n","protected":false},"author":1,"featured_media":0,"comment_status":"open","ping_status":"open","sticky":false,"template":"","format":"standard","meta":{"jetpack_post_was_ever_published":false,"_jetpack_newsletter_access":"","_jetpack_dont_email_post_to_subs":false,"_jetpack_newsletter_tier_id":0,"_jetpack_memberships_contains_paywalled_content":false,"_jetpack_memberships_contains_paid_content":false,"footnotes":"","jetpack_publicize_message":"","jetpack_publicize_feature_enabled":true,"jetpack_social_post_already_shared":true,"jetpack_social_options":{"image_generator_settings":{"template":"highway","enabled":false},"version":2}},"categories":[13],"tags":[],"class_list":["post-4505","post","type-post","status-publish","format-standard","hentry","category-grimpees"],"jetpack_publicize_connections":[],"jetpack_featured_media_url":"","jetpack_shortlink":"https:\/\/wp.me\/p12zYw-1aF","jetpack_sharing_enabled":true,"jetpack_likes_enabled":true,"_links":{"self":[{"href":"https:\/\/www.rodolphe-passions.fr\/wordpress\/wp-json\/wp\/v2\/posts\/4505"}],"collection":[{"href":"https:\/\/www.rodolphe-passions.fr\/wordpress\/wp-json\/wp\/v2\/posts"}],"about":[{"href":"https:\/\/www.rodolphe-passions.fr\/wordpress\/wp-json\/wp\/v2\/types\/post"}],"author":[{"embeddable":true,"href":"https:\/\/www.rodolphe-passions.fr\/wordpress\/wp-json\/wp\/v2\/users\/1"}],"replies":[{"embeddable":true,"href":"https:\/\/www.rodolphe-passions.fr\/wordpress\/wp-json\/wp\/v2\/comments?post=4505"}],"version-history":[{"count":6,"href":"https:\/\/www.rodolphe-passions.fr\/wordpress\/wp-json\/wp\/v2\/posts\/4505\/revisions"}],"predecessor-version":[{"id":4514,"href":"https:\/\/www.rodolphe-passions.fr\/wordpress\/wp-json\/wp\/v2\/posts\/4505\/revisions\/4514"}],"wp:attachment":[{"href":"https:\/\/www.rodolphe-passions.fr\/wordpress\/wp-json\/wp\/v2\/media?parent=4505"}],"wp:term":[{"taxonomy":"category","embeddable":true,"href":"https:\/\/www.rodolphe-passions.fr\/wordpress\/wp-json\/wp\/v2\/categories?post=4505"},{"taxonomy":"post_tag","embeddable":true,"href":"https:\/\/www.rodolphe-passions.fr\/wordpress\/wp-json\/wp\/v2\/tags?post=4505"}],"curies":[{"name":"wp","href":"https:\/\/api.w.org\/{rel}","templated":true}]}}