{"id":4613,"date":"2019-07-07T20:00:57","date_gmt":"2019-07-07T19:00:57","guid":{"rendered":"http:\/\/www.rodolphe-passions.fr\/wordpress\/?p=4613"},"modified":"2019-08-09T16:59:52","modified_gmt":"2019-08-09T15:59:52","slug":"jpp-neuf-de-coeur","status":"publish","type":"post","link":"https:\/\/www.rodolphe-passions.fr\/wordpress\/2019\/07\/jpp-neuf-de-coeur\/","title":{"rendered":"JPP Neuf de Coeur"},"content":{"rendered":"<p align=\"justify\">Avec quelques incertitudes sur la m\u00e9t\u00e9o et la r\u00e9cup\u00e9ration du moment, je ne me d\u00e9cide \u00e0 participer \u00e0 la JPP Neuf de Coeur que quelques jours avant. La mont\u00e9e chrono de la veille fut difficile mais ce sera l&rsquo;occasion d&rsquo;encha\u00eener les efforts sur une \u00e9preuve in\u00e9dite pour moi, bien que je connaisse la plupart des cols propos\u00e9s. Ramaz, Encrenaz, Joux Verte, Joux-Plane et les Carroz pour finir : c&rsquo;est du tr\u00e8s costaud, il faudra en garder pour bien finir. Gar\u00e9 \u00e0 l&rsquo;arriv\u00e9e aux Carroz d&rsquo;Ar\u00e2ches, l&rsquo;air est frais et la route s\u00e8che pour descendre jusqu&rsquo;au d\u00e9part de Cluses, mais \u00e0 une heure du d\u00e9part les nuages noirs s&rsquo;accumulent sur les montagnes environnantes.<\/p>\n<p align=\"justify\"><img loading=\"lazy\" decoding=\"async\" src=\"http:\/\/www.rodolphe-passions.fr\/wordpress\/wp-content\/uploads\/2019\/07\/jpp_neuf_coeur_0.jpg\" alt=\"JPP Neuf de Coeur\" width=\"165\" height=\"185\" class=\"alignleft size-full wp-image-4628\" \/>L&rsquo;ambiance est d\u00e9contract\u00e9e dans le sas du grand parcours o\u00f9 je croise Nicolas Roux, Duncan Alexander, Alo\u00efs Falenta et Joffrey Degueurce ; sans oublier les grimpeurs locaux, toujours pr\u00e9sents sur ce type d&rsquo;\u00e9preuve. Pendant que le speaker chauffe les spectateurs au micro les premiers \u00e9clairs d\u00e9chirent le ciel, suivis par quelques grosses gouttes : les coureurs sont lib\u00e9r\u00e9s sous un violent orage, inondant la route en quelques minutes. Heureusement je suis en premi\u00e8re ligne, chacun est tr\u00e8s attentif aux bandes blanches et ronds-points qui se n\u00e9gocient sans probl\u00e8me. La neutralisation dure jusqu&rsquo;\u00e0 Marignier, o\u00f9 Alo\u00efs attaque d\u00e8s le coup de klaxon dans la <strong>c\u00f4te de Cormand<\/strong>.<\/p>\n<p align=\"justify\">Contrairement \u00e0 ce que j&rsquo;imaginais la course part pleins gaz : d\u00e9j\u00e0 \u00e0 fond je me contente de suivre le groupe de chasse derri\u00e8re les quatre hommes de t\u00eate, o\u00f9 Duncan et Joffrey ont fait la jonction. Sous un ciel bleu retrouv\u00e9 \u00e7a roule fort \u00e0 tous les \u00e9tages, souvent relay\u00e9 par Nicolas et R\u00e9mi Capron l&rsquo;\u00e9cart n&rsquo;exc\u00e8de pas 30&Prime; mais on est d\u00e9j\u00e0 au rupteur avant m\u00eame le <strong>col de la Ramaz<\/strong>. Au fur et \u00e0 mesure du relief nous perdons des unit\u00e9s et sommes une dizaine au pied de la premi\u00e8re difficult\u00e9 du jour, o\u00f9 Nicolas va faire le m\u00e9nage. Moins a\u00e9rien que le week-end dernier je craque d\u00e8s les gros pourcentages avant le Sommand : autour de 5-5.5 W\/kg je laisse filer un trio en chasse derri\u00e8re la t\u00eate de course, dont j&rsquo;observe le regroupement \u00e0 distance dans le replat \u00e0 mi-col.<\/p>\n<p align=\"justify\"><img loading=\"lazy\" decoding=\"async\" src=\"http:\/\/www.rodolphe-passions.fr\/wordpress\/wp-content\/uploads\/2019\/07\/jpp_neuf_coeur_1.jpg\" alt=\"JPP Neuf de Coeur\" width=\"400\" height=\"267\" class=\"alignright size-full wp-image-4630\" srcset=\"https:\/\/www.rodolphe-passions.fr\/wordpress\/wp-content\/uploads\/2019\/07\/jpp_neuf_coeur_1.jpg 400w, https:\/\/www.rodolphe-passions.fr\/wordpress\/wp-content\/uploads\/2019\/07\/jpp_neuf_coeur_1-300x200.jpg 300w\" sizes=\"(max-width: 400px) 100vw, 400px\" \/>Parti plus prudemment K\u00e9vin Boscardin me revient dessus, je lutte longtemps \u00e0 quelques secondes derri\u00e8re lui lorsqu&rsquo;un saut de cha\u00eene me stoppe net dans mon \u00e9lan \ud83d\ude41 Pas suffisamment souple sur le changement de plateau je m&rsquo;en veux, un autre coureur de Seynod me rejoint mais je repars le couteau entre les deux et franchis le sommet en huiti\u00e8me position, \u00e0 plus de 2&prime; de la t\u00eate de course. A 90 km de la ligne la route est encore tr\u00e8s longue et j&rsquo;active le mode gestion dans la descente, n\u00e9goci\u00e9e prudemment car la route est humide voire boueuse, avec beaucoup de feuilles. Peu de r\u00e9pit avant d&rsquo;aborder le <strong>col de l&rsquo;Encrenaz<\/strong>, o\u00f9 je retrouve Joffrey qui a d\u00e9croch\u00e9 du groupe de t\u00eate. A 5 W\/kg je m&rsquo;isole au sommet, pendant les deux heures qui viennent il n&rsquo;y a que de la mont\u00e9e\/descente, peu p\u00e9nalisant pour un homme seul&#8230; on fera le point ensuite.<\/p>\n<p align=\"justify\">A Montriond on attaque le <strong>col de la Joux Verte<\/strong>, les sensations sont encore bonnes en passant devant le lac o\u00f9 j&rsquo;aper\u00e7ois K\u00e9vin \u00e0 moins de 30&Prime;. Connaissant parfaitement les lieux je g\u00e8re le faux-plat avant d&rsquo;arriver dans la partie difficile sous les Lindarets, o\u00f9 je rejoins K\u00e9vin. Lui aussi m\u00e8ne tr\u00e8s bien son affaire dans les forts pourcentages et je comprends vite qu&rsquo;il ne l\u00e2chera pas prise facilement \ud83d\ude42 Quelques lacets plus haut nous apercevons Alo\u00efs qui est en train de coincer ; l&rsquo;entente est bonne dans le replat o\u00f9 nous continuons notre rapproch\u00e9, avant de franchir ensemble le portique de chronom\u00e9trage au sommet. Celui-ci ne reprend qu&rsquo;\u00e0 Morzine, alors on profite de la descente neutralis\u00e9e pour satisfaire un besoin naturel, r\u00e9cup\u00e9rer et se ravitailler en boisson.<\/p>\n<p align=\"justify\">On repart sans trop tarder, histoire de garder le moteur chaud car il reste encore un gros morceau \u00e0 n\u00e9gocier : le <strong>col de Joux-Plane<\/strong>. La travers\u00e9e de Morzine est prudente avec la Spartan Race qui se d\u00e9roule en m\u00eame temps : K\u00e9vin laisse quelques longueurs au pied du col avant de repasser devant la cellule de chronom\u00e9trage. D\u00e8s le pied du col on prend du 10 % et j&rsquo;ai encore de la force, rassurant apr\u00e8s 3h30&prime; de course alors que je ne vois plus personne derri\u00e8re. L&#8217;embellie dure jusqu&rsquo;au replat \u00e0 Charniaz, o\u00f9 K\u00e9vin revient fort alors que je ressens la fatigue&#8230; Sans surprise il fait la jonction puis me l\u00e2che ; \u00e0 4.5 W\/kg je ne suis pas d\u00e9faillant mais \u00e7a ne suffit plus pour s&rsquo;accrocher. Nous revenons chacun notre tour sur Alo\u00efs ; nous voil\u00e0 cinqui\u00e8me et sixi\u00e8me en vue du sommet, que je franchis en force \u00e0 35&Prime; de K\u00e9vin.<\/p>\n<p align=\"justify\">Au bord du lac sommital je rel\u00e2che un peu la pression pour me ravitailler, avant de filer dans une descente rapide et sinueuse. Globalement la route est s\u00e8che, mais je prends garde aux quelques passages encore humides en for\u00eat avec quelques gros freinages en devers. Malgr\u00e9 de bonnes relances je perds du terrain et me sens bien seul au moment de retrouver la route principale \u00e0 Verchaix, vent de face \ud83d\ude1b Cette transition jusqu&rsquo;\u00e0 Ch\u00e2tillon est p\u00e9nible dans le trafic estival, c&rsquo;est presque un soulagement d&rsquo;entamer l&rsquo;ascension finale vers <strong>les Carroz<\/strong>, secteur in\u00e9dit pour moi. J&rsquo;aborde les premi\u00e8res pentes comme le reste depuis quasiment le d\u00e9part : en mode chrono, g\u00e9rant l&rsquo;effort tout en essayant de perdre le moins de temps possible&#8230; Au cas o\u00f9 \u00e7a craque devant.<\/p>\n<p align=\"justify\">Il fait chaud d\u00e9sormais, le dernier bidon devrait suffire d&rsquo;autant que quelques replats et passages en for\u00eat apportent de la fra\u00eecheur. Pas grand chose \u00e0 signaler jusqu&rsquo;\u00e0 l&rsquo;arriv\u00e9e, je grimpe encore \u00e0 4.5 W\/kg dans les parties ascendantes mais suis incapable d&#8217;emmener du braquet d\u00e8s que \u00e7a s&rsquo;aplatit&#8230; Les tous derniers kilom\u00e8tres se font gros plateau, plut\u00f4t en force pour couper la ligne en 5 heures pile (parties neutralis\u00e9es incluses) en sixi\u00e8me position. Auteur d&rsquo;un final tonitruant K\u00e9vin monte sur le podium derri\u00e8re un Nicolas intouchable aujourd&rsquo;hui, et Duncan qui aura r\u00e9sist\u00e9 jusqu&rsquo;au bout malgr\u00e9 une grosse gamelle dans la descente de Joux-Plane. Didier Blanc et R\u00e9mi Capron suivent dans cet ordre, dans un top 5 relev\u00e9 o\u00f9 il m&rsquo;\u00e9tait difficile de figurer avec les sensations et la fra\u00eecheur du moment.<\/p>\n<p align=\"justify\">Souhaitons que cet encha\u00eenement me serve d\u00e8s vendredi prochain en Maurienne, avec encore plus de cols et d\u00e9nivel\u00e9 avant une coupure bien m\u00e9rit\u00e9e. En marge de la mythique Marmotte l&rsquo;exp\u00e9rience fut tr\u00e8s chouette en tout cas, sur une belle \u00e9preuve tr\u00e8s bien organis\u00e9e au profit d&rsquo;une noble cause&#8230; Avec un parcours tr\u00e8s montagneux et dans un cadre magnifique, ce qui ne g\u00e2te rien. Voil\u00e0 une date que je cocherai \u00e0 nouveau en 2020 \ud83d\ude09 <\/p>\n<p align=\"justify\">R\u00e9sultat(s) : <a href=\"http:\/\/www.rodolphe-passions.fr\/wordpress\/wp-content\/uploads\/2019\/07\/jpp_neuf_coeur.pdf\">JPP Neuf de Coeur &#8211; grand parcours<\/a><\/p>\n<p><center><iframe height='405' width='590' frameborder='0' allowtransparency='true' scrolling='no' src='https:\/\/www.strava.com\/activities\/2511565961\/embed\/32fc9f3dd5bb4381f7d38f26233e5025b64bb4e1'><\/iframe><\/center><\/p>\n","protected":false},"excerpt":{"rendered":"<p>Avec quelques incertitudes sur la m\u00e9t\u00e9o et la r\u00e9cup\u00e9ration du moment, je ne me d\u00e9cide \u00e0 participer \u00e0 la JPP Neuf de Coeur que quelques jours avant. La mont\u00e9e chrono de la veille fut difficile mais ce sera l&rsquo;occasion d&rsquo;encha\u00eener &hellip; <a href=\"https:\/\/www.rodolphe-passions.fr\/wordpress\/2019\/07\/jpp-neuf-de-coeur\/\">Continuer la lecture <span class=\"meta-nav\">&rarr;<\/span><\/a><\/p>\n","protected":false},"author":1,"featured_media":0,"comment_status":"open","ping_status":"open","sticky":false,"template":"","format":"standard","meta":{"jetpack_post_was_ever_published":false,"_jetpack_newsletter_access":"","_jetpack_dont_email_post_to_subs":false,"_jetpack_newsletter_tier_id":0,"_jetpack_memberships_contains_paywalled_content":false,"_jetpack_memberships_contains_paid_content":false,"footnotes":"","jetpack_publicize_message":"","jetpack_publicize_feature_enabled":true,"jetpack_social_post_already_shared":true,"jetpack_social_options":{"image_generator_settings":{"template":"highway","enabled":false},"version":2}},"categories":[4],"tags":[],"class_list":["post-4613","post","type-post","status-publish","format-standard","hentry","category-cyclosportives"],"jetpack_publicize_connections":[],"jetpack_featured_media_url":"","jetpack_shortlink":"https:\/\/wp.me\/p12zYw-1cp","jetpack_sharing_enabled":true,"jetpack_likes_enabled":true,"_links":{"self":[{"href":"https:\/\/www.rodolphe-passions.fr\/wordpress\/wp-json\/wp\/v2\/posts\/4613"}],"collection":[{"href":"https:\/\/www.rodolphe-passions.fr\/wordpress\/wp-json\/wp\/v2\/posts"}],"about":[{"href":"https:\/\/www.rodolphe-passions.fr\/wordpress\/wp-json\/wp\/v2\/types\/post"}],"author":[{"embeddable":true,"href":"https:\/\/www.rodolphe-passions.fr\/wordpress\/wp-json\/wp\/v2\/users\/1"}],"replies":[{"embeddable":true,"href":"https:\/\/www.rodolphe-passions.fr\/wordpress\/wp-json\/wp\/v2\/comments?post=4613"}],"version-history":[{"count":6,"href":"https:\/\/www.rodolphe-passions.fr\/wordpress\/wp-json\/wp\/v2\/posts\/4613\/revisions"}],"predecessor-version":[{"id":4691,"href":"https:\/\/www.rodolphe-passions.fr\/wordpress\/wp-json\/wp\/v2\/posts\/4613\/revisions\/4691"}],"wp:attachment":[{"href":"https:\/\/www.rodolphe-passions.fr\/wordpress\/wp-json\/wp\/v2\/media?parent=4613"}],"wp:term":[{"taxonomy":"category","embeddable":true,"href":"https:\/\/www.rodolphe-passions.fr\/wordpress\/wp-json\/wp\/v2\/categories?post=4613"},{"taxonomy":"post_tag","embeddable":true,"href":"https:\/\/www.rodolphe-passions.fr\/wordpress\/wp-json\/wp\/v2\/tags?post=4613"}],"curies":[{"name":"wp","href":"https:\/\/api.w.org\/{rel}","templated":true}]}}