{"id":4746,"date":"2019-09-08T20:00:50","date_gmt":"2019-09-08T19:00:50","guid":{"rendered":"http:\/\/www.rodolphe-passions.fr\/wordpress\/?p=4746"},"modified":"2019-09-09T16:04:17","modified_gmt":"2019-09-09T15:04:17","slug":"grimpee-de-prapoutel-6","status":"publish","type":"post","link":"https:\/\/www.rodolphe-passions.fr\/wordpress\/2019\/09\/grimpee-de-prapoutel-6\/","title":{"rendered":"Grimp\u00e9e de Prapoutel"},"content":{"rendered":"<p align=\"justify\">Une semaine apr\u00e8s la Prise de la Bataille, la grimp\u00e9e de Prapoutel marque le retour des mont\u00e9es chronom\u00e9tr\u00e9es autour de Grenoble&#8230; souvent accompagn\u00e9es d&rsquo;un rafra\u00eechissement automnal. Cette ann\u00e9e ne fait pas exception ; si le ciel restera sec pendant la matin\u00e9e, il fait tr\u00e8s frais au d\u00e9part. Pas de quoi entamer le moral des 120 coureurs engag\u00e9s, l&rsquo;ambiance est avant tout chaleureuse avant d&rsquo;en d\u00e9coudre sur cette classique du calendrier.<\/p>\n<p align=\"justify\"><img loading=\"lazy\" decoding=\"async\" src=\"http:\/\/www.rodolphe-passions.fr\/wordpress\/wp-content\/uploads\/2019\/09\/prapoutel_1.jpg\" alt=\"Grimp\u00e9e de Prapoutel\" width=\"400\" height=\"267\" class=\"alignright size-full wp-image-4747\" srcset=\"https:\/\/www.rodolphe-passions.fr\/wordpress\/wp-content\/uploads\/2019\/09\/prapoutel_1.jpg 400w, https:\/\/www.rodolphe-passions.fr\/wordpress\/wp-content\/uploads\/2019\/09\/prapoutel_1-300x200.jpg 300w\" sizes=\"(max-width: 400px) 100vw, 400px\" \/>Un bon \u00e9chauffement sur home-trainer me permet de discuter avec quelques connaissances (dont Serge Garnier que l&rsquo;on revoit avec plaisir \ud83d\ude42 ), tout en montant en temp\u00e9rature et me rassurer sur les sensations du jour. Toujours le m\u00eame rituel : la combinaison, le petit sac d&rsquo;affaires chaudes et on se dirige vers la ligne pour un d\u00e9part donn\u00e9 \u00e0 9h30 pile. Plac\u00e9 en premi\u00e8re ligne je manque mon envol : un peu coinc\u00e9 dans le trafic j&rsquo;observe la t\u00eate de course de loin, heureusement \u00e7a n&#8217;embraye pas \u00e0 fond tout de suite.<\/p>\n<p align=\"justify\">Je remonte dans les dix premiers apr\u00e8s 1 ou 2 km, lorsque David Polveroni et Fabrice Peyronnet secouent le cocotier. Le groupe est encore important, les jambes tournent bien alors je place quelques grosses acc\u00e9l\u00e9rations proches de 8 W\/kg. A chaque fois \u00e7a r\u00e9agit imm\u00e9diatement avec Colin Savioz, Th\u00e9otime Ronflet et David qui semblent parfaitement dans l&rsquo;allure, suivis d&rsquo;une dizaine de concurrents dont Alexandre Chibko et J\u00e9r\u00e9my Brunello. Bref, que des costauds avec un rythme autour de 5,5 W\/kg qui use les troupes avant le <strong>col des Ayes<\/strong>.<\/p>\n<p align=\"justify\"><img loading=\"lazy\" decoding=\"async\" src=\"http:\/\/www.rodolphe-passions.fr\/wordpress\/wp-content\/uploads\/2019\/09\/prapoutel_2.jpg\" alt=\"Grimp\u00e9e de Prapoutel\" width=\"267\" height=\"400\" class=\"alignleft size-full wp-image-4748\" srcset=\"https:\/\/www.rodolphe-passions.fr\/wordpress\/wp-content\/uploads\/2019\/09\/prapoutel_2.jpg 267w, https:\/\/www.rodolphe-passions.fr\/wordpress\/wp-content\/uploads\/2019\/09\/prapoutel_2-200x300.jpg 200w\" sizes=\"(max-width: 267px) 100vw, 267px\" \/>1 km avant le replat Colin tente \u00e0 son tour d&rsquo;acc\u00e9l\u00e9rer, r\u00e9guli\u00e8rement contr\u00e9 par David et moi ; petit \u00e0 petit le groupe de t\u00eate s&rsquo;\u00e9tiole, nous ne sommes plus qu&rsquo;une demi-douzaine \u00e0 5 km de la ligne. Encore 1\/4 h \u00e0 tenir, les jambes piquent mais c&rsquo;est pareil pour tout le monde et les multiples attaques finissent par user David et Serge, qui craquent dans les larges lacets menant \u00e0 la station de Belledonne. Nous voil\u00e0 quatre candidats \u00e0 la victoire : Colin, J\u00e9r\u00e9my, Th\u00e9otime et moi.<\/p>\n<p align=\"justify\">Connaissant mes (non) talents de puncheur\/sprinteur je crains particuli\u00e8rement mes adversaires, surtout Colin et J\u00e9r\u00e9my qui peuvent jouer en \u00e9quipe et sont surmotiv\u00e9s \u00e0 domicile (club organisateur) ; sans oublier Th\u00e9otime qui vient de faire podium \u00e0 la Bastille. Bref j&rsquo;attaque sans rel\u00e2che, on se chamaille comme il faut et J\u00e9r\u00e9my c\u00e8de \u00e0 son tour peu avant la flamme rouge : \u00e7a va se jouer \u00e0 trois. Au kilom\u00e8tre je tente un dernier tampon avec tout ce qui reste : les deux jeunes ne sont pas loin de c\u00e9der, mais en fin de course je n&rsquo;arrive pas \u00e0 maintenir cet effort bien longtemps et tout le monde se regroupe aux 400 m, lorsque la pente se raidit une derni\u00e8re fois.<\/p>\n<p align=\"justify\">C\u00f4te \u00e0 c\u00f4te nous d\u00e9butons un long sprint \u00e0 7 W\/kg, la douleur devient insoutenable lorsque Th\u00e9otime attaque le dernier aux 200 m. Colin part \u00e0 sa poursuite et je c\u00e8de d\u00e9finitivement, assurant le podium \u00e0 bout de souffle sous la grisaille par 5\u00b0C. Coupant la ligne en 44&rsquo;37\u00a0\u00bb j&rsquo;\u00e9tablis ma meilleure marque sur l&rsquo;\u00e9preuve, malgr\u00e9 une m\u00e9t\u00e9o fra\u00eeche \u00e0 froide et une ascension group\u00e9e mais irr\u00e9guli\u00e8re. La puissance \u00e9tait encore au rendez-vous, encore une fois le plus actif je n&rsquo;avais gu\u00e8re le choix pour assurer un bon r\u00e9sultat ; suite des aventures chronom\u00e9tr\u00e9es \u00e0 Murianette d\u00e8s samedi prochain, sur un format individuel que j&rsquo;appr\u00e9cie \ud83d\ude09 <\/p>\n<p align=\"justify\">R\u00e9sultat(s) : <a href=\"http:\/\/www.rodolphe-passions.fr\/wordpress\/wp-content\/uploads\/2019\/09\/prapoutel.pdf\">Grimp\u00e9e de Prapoutel<\/a><\/p>\n<p><center><iframe height='405' width='590' frameborder='0' allowtransparency='true' scrolling='no' src='https:\/\/www.strava.com\/activities\/2689718673\/embed\/7f3600f3116acb8d54bd2de178d692b53b905da9'><\/iframe><\/center><\/p>\n","protected":false},"excerpt":{"rendered":"<p>Une semaine apr\u00e8s la Prise de la Bataille, la grimp\u00e9e de Prapoutel marque le retour des mont\u00e9es chronom\u00e9tr\u00e9es autour de Grenoble&#8230; souvent accompagn\u00e9es d&rsquo;un rafra\u00eechissement automnal. Cette ann\u00e9e ne fait pas exception ; si le ciel restera sec pendant la &hellip; <a href=\"https:\/\/www.rodolphe-passions.fr\/wordpress\/2019\/09\/grimpee-de-prapoutel-6\/\">Continuer la lecture <span class=\"meta-nav\">&rarr;<\/span><\/a><\/p>\n","protected":false},"author":1,"featured_media":0,"comment_status":"open","ping_status":"open","sticky":false,"template":"","format":"standard","meta":{"jetpack_post_was_ever_published":false,"_jetpack_newsletter_access":"","_jetpack_dont_email_post_to_subs":false,"_jetpack_newsletter_tier_id":0,"_jetpack_memberships_contains_paywalled_content":false,"_jetpack_memberships_contains_paid_content":false,"footnotes":"","jetpack_publicize_message":"","jetpack_publicize_feature_enabled":true,"jetpack_social_post_already_shared":true,"jetpack_social_options":{"image_generator_settings":{"template":"highway","enabled":false},"version":2}},"categories":[13],"tags":[],"class_list":["post-4746","post","type-post","status-publish","format-standard","hentry","category-grimpees"],"jetpack_publicize_connections":[],"jetpack_featured_media_url":"","jetpack_shortlink":"https:\/\/wp.me\/p12zYw-1ey","jetpack_sharing_enabled":true,"jetpack_likes_enabled":true,"_links":{"self":[{"href":"https:\/\/www.rodolphe-passions.fr\/wordpress\/wp-json\/wp\/v2\/posts\/4746"}],"collection":[{"href":"https:\/\/www.rodolphe-passions.fr\/wordpress\/wp-json\/wp\/v2\/posts"}],"about":[{"href":"https:\/\/www.rodolphe-passions.fr\/wordpress\/wp-json\/wp\/v2\/types\/post"}],"author":[{"embeddable":true,"href":"https:\/\/www.rodolphe-passions.fr\/wordpress\/wp-json\/wp\/v2\/users\/1"}],"replies":[{"embeddable":true,"href":"https:\/\/www.rodolphe-passions.fr\/wordpress\/wp-json\/wp\/v2\/comments?post=4746"}],"version-history":[{"count":6,"href":"https:\/\/www.rodolphe-passions.fr\/wordpress\/wp-json\/wp\/v2\/posts\/4746\/revisions"}],"predecessor-version":[{"id":4757,"href":"https:\/\/www.rodolphe-passions.fr\/wordpress\/wp-json\/wp\/v2\/posts\/4746\/revisions\/4757"}],"wp:attachment":[{"href":"https:\/\/www.rodolphe-passions.fr\/wordpress\/wp-json\/wp\/v2\/media?parent=4746"}],"wp:term":[{"taxonomy":"category","embeddable":true,"href":"https:\/\/www.rodolphe-passions.fr\/wordpress\/wp-json\/wp\/v2\/categories?post=4746"},{"taxonomy":"post_tag","embeddable":true,"href":"https:\/\/www.rodolphe-passions.fr\/wordpress\/wp-json\/wp\/v2\/tags?post=4746"}],"curies":[{"name":"wp","href":"https:\/\/api.w.org\/{rel}","templated":true}]}}