{"id":5358,"date":"2021-09-19T20:00:39","date_gmt":"2021-09-19T19:00:39","guid":{"rendered":"https:\/\/www.rodolphe-passions.fr\/wordpress\/?p=5358"},"modified":"2021-09-19T22:21:47","modified_gmt":"2021-09-19T21:21:47","slug":"grimpee-de-prapoutel-8","status":"publish","type":"post","link":"https:\/\/www.rodolphe-passions.fr\/wordpress\/2021\/09\/grimpee-de-prapoutel-8\/","title":{"rendered":"Grimp\u00e9e de Prapoutel"},"content":{"rendered":"<p align=\"justify\">Comme souvent la m\u00e9t\u00e9o s&rsquo;annonce fra\u00eeche et humide \u00e0 Prapoutel, comme souvent le ciel nous offre une relative accalmie le temps de l&rsquo;\u00e9preuve. Une mont\u00e9e chronom\u00e9tr\u00e9e toujours aussi r\u00e9put\u00e9e et difficile \u00e0 dompter, tant le niveau est dense chaque ann\u00e9e. La route est encore s\u00e8che au moment de sortir les rouleaux pour s&rsquo;\u00e9chauffer : une grosse demie heure pour monter en temp\u00e9rature, saluer les copains (et futurs adversaires) et r\u00e9fl\u00e9chir \u00e0 la liste d&rsquo;engag\u00e9s&#8230;<\/p>\n<p align=\"justify\"><img loading=\"lazy\" decoding=\"async\" src=\"https:\/\/www.rodolphe-passions.fr\/wordpress\/wp-content\/uploads\/2021\/09\/prapoutel_1.jpg\" alt=\"Grimp\u00e9e de Prapoutel\" width=\"400\" height=\"267\" class=\"alignleft size-full wp-image-5361\" srcset=\"https:\/\/www.rodolphe-passions.fr\/wordpress\/wp-content\/uploads\/2021\/09\/prapoutel_1.jpg 400w, https:\/\/www.rodolphe-passions.fr\/wordpress\/wp-content\/uploads\/2021\/09\/prapoutel_1-300x200.jpg 300w\" sizes=\"(max-width: 400px) 100vw, 400px\" \/>Le grand favori Colin aura fort \u00e0 faire face \u00e0 la jeune garde du GMC 38 (Antoine Boudsocq, Fabian Hollbach, Camden Kent&#8230;), tandis que le Team Vercors aligne une \u00e9quipe homog\u00e8ne et comp\u00e9titive avec Julien Gaillard, Arnaud Feodoroff et moi. D&rsquo;autres habitu\u00e9s sont pr\u00e9sents dans un peloton d&rsquo;une soixantaine de coureurs, pour une envol\u00e9e qui risque d&rsquo;\u00eatre explosive d\u00e8s le premier kilom\u00e8tre. Claude Costechareyre est l&rsquo;un des premiers \u00e0 acc\u00e9l\u00e9rer, plusieurs fois ; Colin et Antoine \u00e9tirent rapidement le peloton et je suis les roues non sans mal : heureusement que j&rsquo;ai soign\u00e9 l&rsquo;\u00e9chauffement.<\/p>\n<p align=\"justify\">Souvent entre 6 et 7 W\/kg l&rsquo;allure est tr\u00e8s soutenue pour un effort aussi long : souvent limite dans les roues je fais l&rsquo;\u00e9lastique avec Arnaud et Julien, profitant du moindre rel\u00e2chement devant pour revenir. A ce petit jeu nous nous isolons bient\u00f4t \u00e0 sept : Colin, Antoine, Fabian, Camden, Arnaud, Julien et moi&#8230; soit Colin \u00ab\u00a0encercl\u00e9\u00a0\u00bb par le GMC et Team Vercors \ud83d\ude00 \u00e0 force d&rsquo;acc\u00e9l\u00e9rations tranchantes Antoine et Colin finissent par faire le break avec Fabian dans un premier temps, puis Camden. Avant les Adrets je me retrouve intercal\u00e9 entre le quatuor de t\u00eate et mes deux \u00e9quipiers.<\/p>\n<p align=\"justify\"><img loading=\"lazy\" decoding=\"async\" src=\"https:\/\/www.rodolphe-passions.fr\/wordpress\/wp-content\/uploads\/2021\/09\/prapoutel_2.jpg\" alt=\"Grimp\u00e9e de Prapoutel\" width=\"267\" height=\"400\" class=\"alignright size-full wp-image-5362\" srcset=\"https:\/\/www.rodolphe-passions.fr\/wordpress\/wp-content\/uploads\/2021\/09\/prapoutel_2.jpg 267w, https:\/\/www.rodolphe-passions.fr\/wordpress\/wp-content\/uploads\/2021\/09\/prapoutel_2-200x300.jpg 200w\" sizes=\"(max-width: 267px) 100vw, 267px\" \/>A 15&Prime; des hommes de t\u00eate j&rsquo;h\u00e9site \u00e0 me relever, et poursuis l&rsquo;effort en attendant que \u00e7a se d\u00e9cante : plus loin Fabian l\u00e2che devant sur une nouvelle acc\u00e9l\u00e9ration, tandis qu&rsquo;Arnaud et Julien me reviennent dessus. A la moiti\u00e9 de l&rsquo;\u00e9preuve il faut maintenant s&rsquo;entendre, pour assurer classement\/chrono et attendre une autre d\u00e9faillance devant. Nous revenons progressivement sur Fabien qui ne s&rsquo;accroche pas au <strong>col des Ayes<\/strong> ; devant c&rsquo;est au tour de Camden de craquer. Le podium reste envisageable alors je prends de gros relais dans le faux-plat qui suit : Arnaud ne peut plus suivre, nous voil\u00e0 deux avec Julien \u00e0 la poursuite de la troisi\u00e8me place.\n<\/p>\n<p align=\"justify\">Camden est revu avant les derniers kilom\u00e8tres et il a bien g\u00e9r\u00e9 son affaire, puisque nous n&rsquo;arrivons pas \u00e0 le l\u00e2cher. Il participe m\u00eame activement \u00e0 la poursuite malgr\u00e9 nos attaques ; des relais qui me mettent souvent en difficult\u00e9. Si proche de l&rsquo;arriv\u00e9e le top 5 est quasi assur\u00e9, mais je ne vois pas trop comment m&rsquo;en sortir face \u00e0 Camden et Julien qui me semblent plus frais physiquement. Je tente le coup juste avant la flamme rouge, mais c&rsquo;est un p\u00e9tard mouill\u00e9 et Julien contre de l&rsquo;autre c\u00f4t\u00e9 de la route. Le timing est parfait mais le jeune N\u00e9o-Z\u00e9landais r\u00e9siste et sort \u00e0 son tour : aux 500 m je craque d\u00e9finitivement, observant de loin la lutte pour le podium.<\/p>\n<p align=\"justify\">Camden prend une l\u00e9g\u00e8re avance dans le mur, Julien revient progressivement et garde la main jusqu&rsquo;\u00e0 100 m de la ligne, avant de se faire coiffer par un adversaire plus explosif ; dommage il n&rsquo;est pas pass\u00e9 loin. De mon c\u00f4t\u00e9 j&rsquo;assure la cinqui\u00e8me place sous la pluie en 44&rsquo;45\u00a0\u00bb, un tr\u00e8s bon chrono compte tenu du d\u00e9part rapide et la m\u00e9t\u00e9o d\u00e9favorable. Arnaud compl\u00e8te le top 6 en moins de 45&prime;, \u00e0 une grosse minute d&rsquo;Antoine et Colin qui se jouent la victoire au sprint (\u00e0 l&rsquo;avantage du coureur mauriennais). Encore une belle performance collective de l&rsquo;\u00e9quipe (4-5-6), cap sur l&rsquo;Arzelier avec des sensations qui restent tr\u00e8s bonnes \ud83d\ude42 <\/p>\n<p align=\"justify\">R\u00e9sultat(s) : <a href=\"https:\/\/www.rodolphe-passions.fr\/wordpress\/wp-content\/uploads\/2021\/09\/prapoutel.pdf\">Grimp\u00e9e de Prapoutel<\/a><\/p>\n<p><center><iframe height='405' width='590' frameborder='0' allowtransparency='true' scrolling='no' src='https:\/\/www.strava.com\/activities\/5985092987\/embed\/de02bbc0e1f721d1332832d4541e5bad7e005ef8'><\/iframe><\/center><\/p>\n","protected":false},"excerpt":{"rendered":"<p>Comme souvent la m\u00e9t\u00e9o s&rsquo;annonce fra\u00eeche et humide \u00e0 Prapoutel, comme souvent le ciel nous offre une relative accalmie le temps de l&rsquo;\u00e9preuve. Une mont\u00e9e chronom\u00e9tr\u00e9e toujours aussi r\u00e9put\u00e9e et difficile \u00e0 dompter, tant le niveau est dense chaque ann\u00e9e. &hellip; <a href=\"https:\/\/www.rodolphe-passions.fr\/wordpress\/2021\/09\/grimpee-de-prapoutel-8\/\">Continuer la lecture <span class=\"meta-nav\">&rarr;<\/span><\/a><\/p>\n","protected":false},"author":1,"featured_media":0,"comment_status":"open","ping_status":"open","sticky":false,"template":"","format":"standard","meta":{"jetpack_post_was_ever_published":false,"_jetpack_newsletter_access":"","_jetpack_dont_email_post_to_subs":false,"_jetpack_newsletter_tier_id":0,"_jetpack_memberships_contains_paywalled_content":false,"_jetpack_memberships_contains_paid_content":false,"footnotes":"","jetpack_publicize_message":"","jetpack_publicize_feature_enabled":true,"jetpack_social_post_already_shared":true,"jetpack_social_options":{"image_generator_settings":{"template":"highway","enabled":false},"version":2}},"categories":[13],"tags":[],"class_list":["post-5358","post","type-post","status-publish","format-standard","hentry","category-grimpees"],"jetpack_publicize_connections":[],"jetpack_featured_media_url":"","jetpack_shortlink":"https:\/\/wp.me\/p12zYw-1oq","jetpack_sharing_enabled":true,"jetpack_likes_enabled":true,"_links":{"self":[{"href":"https:\/\/www.rodolphe-passions.fr\/wordpress\/wp-json\/wp\/v2\/posts\/5358"}],"collection":[{"href":"https:\/\/www.rodolphe-passions.fr\/wordpress\/wp-json\/wp\/v2\/posts"}],"about":[{"href":"https:\/\/www.rodolphe-passions.fr\/wordpress\/wp-json\/wp\/v2\/types\/post"}],"author":[{"embeddable":true,"href":"https:\/\/www.rodolphe-passions.fr\/wordpress\/wp-json\/wp\/v2\/users\/1"}],"replies":[{"embeddable":true,"href":"https:\/\/www.rodolphe-passions.fr\/wordpress\/wp-json\/wp\/v2\/comments?post=5358"}],"version-history":[{"count":9,"href":"https:\/\/www.rodolphe-passions.fr\/wordpress\/wp-json\/wp\/v2\/posts\/5358\/revisions"}],"predecessor-version":[{"id":5370,"href":"https:\/\/www.rodolphe-passions.fr\/wordpress\/wp-json\/wp\/v2\/posts\/5358\/revisions\/5370"}],"wp:attachment":[{"href":"https:\/\/www.rodolphe-passions.fr\/wordpress\/wp-json\/wp\/v2\/media?parent=5358"}],"wp:term":[{"taxonomy":"category","embeddable":true,"href":"https:\/\/www.rodolphe-passions.fr\/wordpress\/wp-json\/wp\/v2\/categories?post=5358"},{"taxonomy":"post_tag","embeddable":true,"href":"https:\/\/www.rodolphe-passions.fr\/wordpress\/wp-json\/wp\/v2\/tags?post=5358"}],"curies":[{"name":"wp","href":"https:\/\/api.w.org\/{rel}","templated":true}]}}