{"id":5494,"date":"2022-05-07T20:00:26","date_gmt":"2022-05-07T19:00:26","guid":{"rendered":"https:\/\/www.rodolphe-passions.fr\/wordpress\/?p=5494"},"modified":"2022-05-10T09:57:31","modified_gmt":"2022-05-10T08:57:31","slug":"grimpee-du-col-de-porte-5","status":"publish","type":"post","link":"https:\/\/www.rodolphe-passions.fr\/wordpress\/2022\/05\/grimpee-du-col-de-porte-5\/","title":{"rendered":"Grimp\u00e9e du col de Porte"},"content":{"rendered":"<p align=\"justify\">Les beaux jours reviennent, traditionnellement nous nous retrouvons \u00e0 la Tronche pour ouvrir la saison des mont\u00e9es chronom\u00e9tr\u00e9es, direction le col de Porte. L&rsquo;atmosph\u00e8re est fra\u00eeche et le plateau fourni et de qualit\u00e9 : plus de 130 concurrents au d\u00e9part, si le tenant du titre Colin Savioz est absent (engag\u00e9 avec l&rsquo;Equipe de France juniors \u00e0 la Course de la Paix) nous sommes une petite dizaine \u00e0 pr\u00e9tendre \u00e0 la victoire. Cela promet une grimp\u00e9e un peu tactique, pas forc\u00e9ment mon point fort mais \u00e0 moi de m&rsquo;adapter. Malgr\u00e9 deux semaines charg\u00e9es les sensations sont correctes pour la p\u00e9riode, pas aussi a\u00e9rien qu&rsquo;en septembre dernier&#8230; tout en ayant les moyens de peser sur la course.<\/p>\n<p align=\"justify\"><img loading=\"lazy\" decoding=\"async\" src=\"https:\/\/www.rodolphe-passions.fr\/wordpress\/wp-content\/uploads\/2022\/05\/col_de_porte_1.jpg\" alt=\"Grimp\u00e9e du col de Porte\" width=\"400\" height=\"267\" class=\"alignleft size-full wp-image-5500\" srcset=\"https:\/\/www.rodolphe-passions.fr\/wordpress\/wp-content\/uploads\/2022\/05\/col_de_porte_1.jpg 400w, https:\/\/www.rodolphe-passions.fr\/wordpress\/wp-content\/uploads\/2022\/05\/col_de_porte_1-300x200.jpg 300w\" sizes=\"(max-width: 400px) 100vw, 400px\" \/>Le d\u00e9part en c\u00f4te est toujours un peu houleux, je mets quelques instants \u00e0 remonter en apercevant \u00e0 peine le premier attaquant du jour : Vincent Reyboz, mon favori pour la victoire finale. L&rsquo;allure est d\u00e9j\u00e0 \u00e9lev\u00e9e et le peloton s&rsquo;\u00e9tire rapidement avec Arnaud Feodoroff, Julien Gaillard, Cyril Gaillard, Antony Cheytion, Laurent Derain, Julien B\u00e9rard aux avant-postes. Nous traversons Corenc \u00e0 toute allure, en rejoignant Vincent j&rsquo;essaie de contrer aussi fort qu&rsquo;en 2021, sans parvenir \u00e0 faire la diff\u00e9rence avec la meute. Apr\u00e8s un douzaine de minutes \u00e0 350 W le tri est fait : sous le <strong>col de Vence<\/strong> nous sommes huit en t\u00eate, jusqu&rsquo;\u00e0 ce que Vincent s&rsquo;isole seul apr\u00e8s quelques acc\u00e9l\u00e9rations.<\/p>\n<p align=\"justify\">Avec Arnaud et Julien nous roulons derri\u00e8re pour limiter l&rsquo;\u00e9cart, qui avoisine les 30&Prime; au replat. L&rsquo;allure baisse logiquement d&rsquo;un ton, et je subis un peu dans les roues o\u00f9 Antony et Laurent me font belle impression. Un peu au bluff je tente ma chance de derri\u00e8re en entrant au Sappey mais \u00e7a ne surprend personne et Julien B. contre quelques instants plus tard. L\u00e0 c&rsquo;est du s\u00e9rieux, Julien G. et Cyril me passent et je fais l&rsquo;\u00e9lastique dans la roue d&rsquo;Arnaud qui ne l\u00e2che rien. A la rupture je ne peux r\u00e9agir quand Antony et Laurent font le saut de puce vers le <strong>col de Palaquit<\/strong> ; payant la note avec Arnaud nous voyons s&rsquo;\u00e9loigner le groupe \u00e0 la poursuite de Vincent et Julien, le duo de t\u00eate d\u00e9sormais.<\/p>\n<p align=\"justify\">Les cinq derni\u00e8res minutes sont d\u00e9licates \u00e0 g\u00e9rer avec Antony qui encha\u00eene les attaques, coll\u00e9 \u00e0 300 W dans la roue d&rsquo;Arnaud je n&rsquo;arrive plus \u00e0 le relayer et je recolle uniquement lorsque le groupe se rel\u00e8ve. A ce petit jeu je l\u00e2che prise \u00e0 la flamme rouge, tandis qu&rsquo;Arnaud parvient \u00e0 disputer le sprint pour le podium. J&rsquo;observe tout \u00e7a de loin avec un seul objectif : franchir la ligne en 45&prime; ou moins, synonyme de nouveau record personnel sur la mont\u00e9e. C&rsquo;est chose faite, quelques instants apr\u00e8s la victoire au sprint de Vincent face \u00e0 Julien B. ; Laurent compl\u00e8te le podium suivi d&rsquo;Antony, Cyril, Arnaud, Julien G. et moi. Malgr\u00e9 quelques watts de moins par rapport \u00e0 2021 les sensations sont tr\u00e8s satisfaisantes, le chrono est paradoxalement meilleur gr\u00e2ce \u00e0 l&rsquo;effet de groupe mais le d\u00e9roul\u00e9 de la mont\u00e9e m&rsquo;\u00e9tait moins favorable que l&rsquo;an pass\u00e9 (on \u00e9tait \u00e9parpill\u00e9s d\u00e8s 10-15&prime; de course, donc il suffisait d&rsquo;\u00e9craser les p\u00e9dales au seuil sans r\u00e9fl\u00e9chir).<\/p>\n<p align=\"justify\">Prochaine \u00e9tape \u00e0 la Valence-Vercors, o\u00f9 un gros morceau (190 km) m&rsquo;attend pour la reprise cyclosport \ud83d\ude42<\/p>\n<p align=\"justify\">R\u00e9sultats : <a href=\"https:\/\/www.rodolphe-passions.fr\/wordpress\/wp-content\/uploads\/2022\/05\/col_de_porte.pdf\">Grimp\u00e9e du col de Porte<\/a><\/p>\n<p><center><iframe height='405' width='590' frameborder='0' allowtransparency='true' scrolling='no' src='https:\/\/www.strava.com\/activities\/7101887478\/embed\/21abea5ad453b3a9dea2f21c39859992e53ff201'><\/iframe><\/center><\/p>\n","protected":false},"excerpt":{"rendered":"<p>Les beaux jours reviennent, traditionnellement nous nous retrouvons \u00e0 la Tronche pour ouvrir la saison des mont\u00e9es chronom\u00e9tr\u00e9es, direction le col de Porte. L&rsquo;atmosph\u00e8re est fra\u00eeche et le plateau fourni et de qualit\u00e9 : plus de 130 concurrents au d\u00e9part, &hellip; <a href=\"https:\/\/www.rodolphe-passions.fr\/wordpress\/2022\/05\/grimpee-du-col-de-porte-5\/\">Continuer la lecture <span class=\"meta-nav\">&rarr;<\/span><\/a><\/p>\n","protected":false},"author":1,"featured_media":0,"comment_status":"open","ping_status":"open","sticky":false,"template":"","format":"standard","meta":{"jetpack_post_was_ever_published":false,"_jetpack_newsletter_access":"","_jetpack_dont_email_post_to_subs":false,"_jetpack_newsletter_tier_id":0,"_jetpack_memberships_contains_paywalled_content":false,"_jetpack_memberships_contains_paid_content":false,"footnotes":"","jetpack_publicize_message":"","jetpack_publicize_feature_enabled":true,"jetpack_social_post_already_shared":true,"jetpack_social_options":{"image_generator_settings":{"template":"highway","enabled":false},"version":2}},"categories":[13],"tags":[],"class_list":["post-5494","post","type-post","status-publish","format-standard","hentry","category-grimpees"],"jetpack_publicize_connections":[],"jetpack_featured_media_url":"","jetpack_shortlink":"https:\/\/wp.me\/p12zYw-1qC","jetpack_sharing_enabled":true,"jetpack_likes_enabled":true,"_links":{"self":[{"href":"https:\/\/www.rodolphe-passions.fr\/wordpress\/wp-json\/wp\/v2\/posts\/5494"}],"collection":[{"href":"https:\/\/www.rodolphe-passions.fr\/wordpress\/wp-json\/wp\/v2\/posts"}],"about":[{"href":"https:\/\/www.rodolphe-passions.fr\/wordpress\/wp-json\/wp\/v2\/types\/post"}],"author":[{"embeddable":true,"href":"https:\/\/www.rodolphe-passions.fr\/wordpress\/wp-json\/wp\/v2\/users\/1"}],"replies":[{"embeddable":true,"href":"https:\/\/www.rodolphe-passions.fr\/wordpress\/wp-json\/wp\/v2\/comments?post=5494"}],"version-history":[{"count":5,"href":"https:\/\/www.rodolphe-passions.fr\/wordpress\/wp-json\/wp\/v2\/posts\/5494\/revisions"}],"predecessor-version":[{"id":5502,"href":"https:\/\/www.rodolphe-passions.fr\/wordpress\/wp-json\/wp\/v2\/posts\/5494\/revisions\/5502"}],"wp:attachment":[{"href":"https:\/\/www.rodolphe-passions.fr\/wordpress\/wp-json\/wp\/v2\/media?parent=5494"}],"wp:term":[{"taxonomy":"category","embeddable":true,"href":"https:\/\/www.rodolphe-passions.fr\/wordpress\/wp-json\/wp\/v2\/categories?post=5494"},{"taxonomy":"post_tag","embeddable":true,"href":"https:\/\/www.rodolphe-passions.fr\/wordpress\/wp-json\/wp\/v2\/tags?post=5494"}],"curies":[{"name":"wp","href":"https:\/\/api.w.org\/{rel}","templated":true}]}}