{"id":812,"date":"2011-05-21T20:00:25","date_gmt":"2011-05-21T19:00:25","guid":{"rendered":"http:\/\/www.rodolphe-passions.info\/wordpress\/?p=812"},"modified":"2011-07-05T13:04:25","modified_gmt":"2011-07-05T12:04:25","slug":"ventoux-beaumes-de-venise","status":"publish","type":"post","link":"https:\/\/www.rodolphe-passions.fr\/wordpress\/2011\/05\/ventoux-beaumes-de-venise\/","title":{"rendered":"Ventoux &#8211; Beaumes de Venise"},"content":{"rendered":"<p align=\"justify\">La saison bat son plein, et les weekends de course s&rsquo;enchainent&#8230; Ce matin place \u00e0 la Ventoux &#8211; Beaumes de Venise, sur le parcours Master (144 km &#8211; 3000 m). Apr\u00e8s une performance moyenne au Granfondo Colnago il y a un mois, je suis tr\u00e8s motiv\u00e9 ce matin au d\u00e9part. Ce parcours convient mieux \u00e0 mes qualit\u00e9s de grimpeur, et les premi\u00e8res chaleurs sont l\u00e0. Dans le sas prioritaire on retrouve les habitu\u00e9s de Chamrousse (Fr\u00e9d\u00e9ric, Jean-Luc, Nicolas, Pierre), mais aussi Brice qui prend go\u00fbt au cyclosport, et pas mal de coureurs \u00e9lites d&rsquo;Aix et Martigues.<\/p>\n<p align=\"justify\"><img loading=\"lazy\" decoding=\"async\" src=\"http:\/\/www.rodolphe-passions.fr\/wordpress\/wp-content\/uploads\/2011\/05\/ventoux_master.jpg\" alt=\"Ventoux - Beaumes de Venise\" title=\"Ventoux - Beaumes de Venise\" width=\"266\" height=\"400\" class=\"alignleft size-full wp-image-819\" srcset=\"https:\/\/www.rodolphe-passions.fr\/wordpress\/wp-content\/uploads\/2011\/05\/ventoux_master.jpg 266w, https:\/\/www.rodolphe-passions.fr\/wordpress\/wp-content\/uploads\/2011\/05\/ventoux_master-199x300.jpg 199w\" sizes=\"(max-width: 266px) 100vw, 266px\" \/>Ces derniers se chargent d&rsquo;ailleurs de secouer le peloton d\u00e8s la premi\u00e8re difficult\u00e9, la c\u00f4te de Roque-Alric. Certains passages offrent du pourcentage \u00e0 deux chiffres, mais \u00e7a reste court et les jambes sont au rendez-vous ; je conserve ma place dans les 15-20 premi\u00e8res positions du peloton sans trop souffrir. M\u00eame sc\u00e9nario dans la difficult\u00e9 suivante, le col de la Cha\u00eene. Je passe sans encombre le palier apr\u00e8s Suzette, et me pr\u00e9sente id\u00e9alement plac\u00e9 \u00e0 Malauc\u00e8ne, pied de l&rsquo;ascension vers le Mont Chauve.<\/p>\n<p align=\"justify\">Ce versant (21.2 km @ 7.2 %) est moins connu que celui de B\u00e9doin, mais il est tout aussi difficile car la pente y est plus irr\u00e9guli\u00e8re. Les passages raides et replats se succ\u00e8dent, surtout au d\u00e9but, et je flirte avec la zone rouge pour suivre les meilleurs. Au bout de quelques kilom\u00e8tres une vingtaine de concurrents se d\u00e9gage, et je fais l&rsquo;\u00e9lastique pour tenir les roues : l\u00e2ch\u00e9 dans les pentes difficiles, pour revenir dans les parties plus roulantes. Fr\u00e9d\u00e9ric fait de m\u00eame, et nous finissons tous les deux par l\u00e2cher prise d\u00e9finitivement, \u00e0 9 km du sommet.<\/p>\n<p align=\"justify\">Devant \u00e7a explose, et je garde longtemps un petit groupe avec Brice en point de mire, tout en g\u00e9rant au mieux mon ascension. A l&rsquo;approche du sommet je finis par rejoindre Magdalena de St-Jean tout en prenant r\u00e9guli\u00e8rement du terrain \u00e0 Fr\u00e9d\u00e9ric : c&rsquo;est difficile pour tout le monde, mais je grimpe \u00e0 un bon rythme. Quelques traces d&rsquo;humidit\u00e9 subsistent au sol, suite aux orages de la veille : il fait un peu plus frais au sommet, c&rsquo;est appr\u00e9ciable ;-).<\/p>\n<p align=\"justify\">Le temps d&rsquo;enfiler un coupe-vent, et c&rsquo;est parti pour la descente, o\u00f9 nous gardons l&rsquo;espoir de recoller au groupe devant. Mais apr\u00e8s la s\u00e9paration des parcours plus personne en point de mire ; visiblement beaucoup sont partis sur le 100 km. Tant pis ; on commence \u00e0 rouler \u00e0 deux avec Magdalena, et je regarde de temps \u00e0 autre si Fr\u00e9d\u00e9ric revient de l&rsquo;arri\u00e8re. Bient\u00f4t deux cyclistes sans dossard nous d\u00e9passent, et proposent de nous offrir quelques bouts droits. Plus de 80 km restent \u00e0 couvrir ; nous acceptons avec plaisir :-). Cela permet de nous reposer jusqu&rsquo;\u00e0 Aurel, o\u00f9 ils poursuivent leur propre route.<\/p>\n<p align=\"justify\">Nous continuons ainsi \u00e0 deux, sans trop piocher dans nos r\u00e9serves quand Fr\u00e9d\u00e9ric et un autre coureur d\u00e9boulent de l&rsquo;arri\u00e8re apr\u00e8s 85 km de course. Leurs relais efficaces nous font m\u00eame revenir sur trois coureurs devant : impeccable ! Il sera ainsi jusqu&rsquo;au ravitaillement situ\u00e9 de St-L\u00e9ger-du-Ventoux o\u00f9 nous nous arr\u00eatons remplir les bidons, tandis que certains en profitent pour prendre de l&rsquo;avance. Nous repartons \u00e0 trois avec Fred et Magda, et le Chamroussien fait un boulot impressionnant pour rentrer sur des routes escarp\u00e9es et difficiles.<\/p>\n<p align=\"justify\">Dans les roues je tire la langue, change de plateau au gr\u00e9 des courtes ascensions\/descentes&#8230; Et nous finissons par revoir les fuyards \u00e0 environ 25 km de l&rsquo;arriv\u00e9e. Tout le monde semble bien entam\u00e9 et le col de la Cha\u00eene est aval\u00e9 dans l&rsquo;autre sens, mais au train. Je veille \u00e0 bien m&rsquo;alimenter (difficile avec cette chaleur) et passe en revue les membres du petit groupe : visiblement un seul semble de mon \u00e2ge, et il a l&rsquo;air encore fringant.<\/p>\n<p align=\"justify\">Les kilom\u00e8tres continuent de d\u00e9filer en passant devant les Dentelles de Montmirail, au panneau des 5 derniers km je commence \u00e0 r\u00e9fl\u00e9chir \u00e0 l&rsquo;arriv\u00e9e. C&rsquo;est \u00e9troit, tortueux et risqu\u00e9 en cas de sprint ; mieux vaut essayer de partir \u00e0 la flamme rouge. Malheureusement ma tentative est t\u00e9l\u00e9phon\u00e9e et le plus jeune du groupe saute imm\u00e9diatement dans ma roue, pour me d\u00e9border \u00e9paule contre \u00e9paule dans les derniers virages. Peu habitu\u00e9 \u00e0 ce genre d&rsquo;exercice je me rel\u00e8ve pour prendre la 16\u00b0 place scratch et la&#8230; 4\u00b0 place des 18-29 ans, \u00e9chouant au pied du podium sur un sprint mal n\u00e9goci\u00e9 :-(. Dans le m\u00eame temps Fr\u00e9d\u00e9ric et Magdalena prennent respectivement les 14\u00b0 et 18\u00b0 places, \u00e0 environ 15&prime; du vainqueur Currit.<\/p>\n<p align=\"justify\">Cela n&rsquo;enl\u00e8ve rien \u00e0 ma course du jour, meilleure que l&rsquo;an pass\u00e9 et conforme \u00e0 mon potentiel du moment. Apr\u00e8s une performance satisfaisante \u00e0 Voiron le weekend pr\u00e9c\u00e9dent, voil\u00e0 qui valide l&rsquo;entra\u00eenement effectu\u00e9 jusqu&rsquo;ici&#8230; Maintenant place \u00e0 la r\u00e9cup\u00e9ration, pour encha\u00eener \u00e0 domicile avec un Challenge Vercors rallong\u00e9 et durci d\u00e8s dimanche prochain.<\/p>\n<p align=\"justify\">Un dernier clin d&rsquo;oeil \u00e0 Brice, ex-coureur de l&rsquo;AS Fontaine Cyclisme qui remporte l&rsquo;\u00e9preuve Senior avec plusieurs minutes d&rsquo;avance, apr\u00e8s un raid solo de 50 km (seul en t\u00eate au sommet du G\u00e9ant de Provence). Bravo \u00e0 lui !<\/p>\n<p><center><iframe width='465' height='548' frameborder='0' src='http:\/\/connect.garmin.com:80\/activity\/embed\/87034088'><\/iframe><\/center><\/p>\n","protected":false},"excerpt":{"rendered":"<p>La saison bat son plein, et les weekends de course s&rsquo;enchainent&#8230; Ce matin place \u00e0 la Ventoux &#8211; Beaumes de Venise, sur le parcours Master (144 km &#8211; 3000 m). Apr\u00e8s une performance moyenne au Granfondo Colnago il y a &hellip; <a href=\"https:\/\/www.rodolphe-passions.fr\/wordpress\/2011\/05\/ventoux-beaumes-de-venise\/\">Continuer la lecture <span class=\"meta-nav\">&rarr;<\/span><\/a><\/p>\n","protected":false},"author":1,"featured_media":0,"comment_status":"open","ping_status":"open","sticky":false,"template":"","format":"standard","meta":{"jetpack_post_was_ever_published":false,"_jetpack_newsletter_access":"","_jetpack_dont_email_post_to_subs":false,"_jetpack_newsletter_tier_id":0,"_jetpack_memberships_contains_paywalled_content":false,"_jetpack_memberships_contains_paid_content":false,"footnotes":"","jetpack_publicize_message":"","jetpack_publicize_feature_enabled":true,"jetpack_social_post_already_shared":false,"jetpack_social_options":{"image_generator_settings":{"template":"highway","enabled":false},"version":2}},"categories":[4],"tags":[],"class_list":["post-812","post","type-post","status-publish","format-standard","hentry","category-cyclosportives"],"jetpack_publicize_connections":[],"jetpack_featured_media_url":"","jetpack_shortlink":"https:\/\/wp.me\/p12zYw-d6","jetpack_sharing_enabled":true,"jetpack_likes_enabled":true,"_links":{"self":[{"href":"https:\/\/www.rodolphe-passions.fr\/wordpress\/wp-json\/wp\/v2\/posts\/812"}],"collection":[{"href":"https:\/\/www.rodolphe-passions.fr\/wordpress\/wp-json\/wp\/v2\/posts"}],"about":[{"href":"https:\/\/www.rodolphe-passions.fr\/wordpress\/wp-json\/wp\/v2\/types\/post"}],"author":[{"embeddable":true,"href":"https:\/\/www.rodolphe-passions.fr\/wordpress\/wp-json\/wp\/v2\/users\/1"}],"replies":[{"embeddable":true,"href":"https:\/\/www.rodolphe-passions.fr\/wordpress\/wp-json\/wp\/v2\/comments?post=812"}],"version-history":[{"count":11,"href":"https:\/\/www.rodolphe-passions.fr\/wordpress\/wp-json\/wp\/v2\/posts\/812\/revisions"}],"predecessor-version":[{"id":904,"href":"https:\/\/www.rodolphe-passions.fr\/wordpress\/wp-json\/wp\/v2\/posts\/812\/revisions\/904"}],"wp:attachment":[{"href":"https:\/\/www.rodolphe-passions.fr\/wordpress\/wp-json\/wp\/v2\/media?parent=812"}],"wp:term":[{"taxonomy":"category","embeddable":true,"href":"https:\/\/www.rodolphe-passions.fr\/wordpress\/wp-json\/wp\/v2\/categories?post=812"},{"taxonomy":"post_tag","embeddable":true,"href":"https:\/\/www.rodolphe-passions.fr\/wordpress\/wp-json\/wp\/v2\/tags?post=812"}],"curies":[{"name":"wp","href":"https:\/\/api.w.org\/{rel}","templated":true}]}}