{"id":958,"date":"2011-08-28T17:02:02","date_gmt":"2011-08-28T16:02:02","guid":{"rendered":"http:\/\/www.rodolphe-passions.info\/wordpress\/?p=958"},"modified":"2012-01-23T22:55:13","modified_gmt":"2012-01-23T21:55:13","slug":"vercors-drome","status":"publish","type":"post","link":"https:\/\/www.rodolphe-passions.fr\/wordpress\/2011\/08\/vercors-drome\/","title":{"rendered":"Vercors-Dr\u00f4me"},"content":{"rendered":"<p align=\"justify\">Contrairement aux autres ann\u00e9es o\u00f9 je disputais la Pr\u00e9alpes, celle-ci est annul\u00e9e au dernier moment. Me voici donc en route vers Romans pour ma premi\u00e8re participation \u00e0 la Vercors-Dr\u00f4me, belle \u00e9preuve organis\u00e9e par le Cyclo-Club Romanais P\u00e9ageois. La m\u00e9t\u00e9o est incertaine jusqu&rsquo;\u00e0 la veille, aussi je m&rsquo;engage le matin m\u00eame sur le grand parcours. Long de 145 km, il offre une jolie boucle via les cols Jean Cavalli, des Limouches, de la Bataille, de la Portette, de l&rsquo;Echarasson et \u00e0 nouveau le col des Limouches au retour. Bref un bon chantier, plus difficile qu&rsquo;il n&rsquo;y para\u00eet sur le papier et sur des routes que je connais peu.<\/p>\n<p align=\"justify\"><img loading=\"lazy\" decoding=\"async\" src=\"http:\/\/www.rodolphe-passions.fr\/wordpress\/wp-content\/uploads\/2011\/08\/vercors_drome.jpg\" alt=\"Vercors-Dr\u00f4me\" title=\"Vercors-Dr\u00f4me\" width=\"252\" height=\"380\" class=\"alignleft size-full wp-image-967\" srcset=\"https:\/\/www.rodolphe-passions.fr\/wordpress\/wp-content\/uploads\/2011\/08\/vercors_drome.jpg 252w, https:\/\/www.rodolphe-passions.fr\/wordpress\/wp-content\/uploads\/2011\/08\/vercors_drome-198x300.jpg 198w\" sizes=\"(max-width: 252px) 100vw, 252px\" \/>Au moment du d\u00e9part le ciel est charg\u00e9 sur l&rsquo;Is\u00e8re, mais d\u00e9gag\u00e9 sur la Dr\u00f4me : je pars en manchettes et coupe-vent sans manches, \u00e7a devrait suffire pour la fra\u00eecheur matinale (15\u00b0C). A 8h00 la sir\u00e8ne retentit, et le millier de concurrents pr\u00e9sents sur les deux parcours d\u00e9file dans les rues de Romans, pour quelques kilom\u00e8tres neutralis\u00e9s avant la sortie de la ville. J&rsquo;en profite pour discuter avec Fr\u00e9d\u00e9ric (CTC) et les fr\u00e8res Vannier, deux ex-Fontainois venus faire du rythme sur le 90 km, avant les crit\u00e9riums de fin de saison.<\/p>\n<p align=\"justify\">Comme souvent \u00e7a ne roule pas bien vite avec pas mal de vagues, et d\u00e8s le d\u00e9part r\u00e9el j&rsquo;attaque s\u00e8chement ; autant pour me mettre en s\u00e9curit\u00e9 que pour faire monter le c\u0153ur, et quelques coureurs dont Fr\u00e9d\u00e9ric suivent le mouvement. Mais l&rsquo;\u00e9cart n&rsquo;est pas tr\u00e8s important et le peloton a vite fait de revenir sur les petites routes qui nous s\u00e9parent de la premi\u00e8re difficult\u00e9. Je reste tr\u00e8s vigilant et nous arrivons enfin \u00e0 Combovin pour attaquer le col Jean Cavalli.<\/p>\n<p align=\"justify\">Nous passons peu apr\u00e8s une petite \u00e9chapp\u00e9e, et les favoris remontent rapidement dans ce col roulant. Gastaldi (VS Hy\u00e9rois) m\u00e8ne grand train ; l&rsquo;\u00e9cr\u00e9mage se fait par l&rsquo;arri\u00e8re, et certains engag\u00e9s du petit parcours secouent le cocotier. Les hommes de t\u00eate sont repris dans l&rsquo;ascension, et \u00e0 la bifurcation nous sommes une bonne vingtaine en t\u00eate du grand parcours. Fr\u00e9d\u00e9ric et J\u00e9r\u00f4me sont l\u00e0, avec beaucoup de costauds comme Chevalier, Genthon (BAC01), Campagnole (GMC38), Girard (CCF) et deux jeunes coureurs de Sarras. La suite vers le col des Limouches est tr\u00e8s accident\u00e9e avec de courts passages \u00e0 14 %, mais nous passons group\u00e9s \u00e0 L\u00e9oncel, tandis que la pluie menace au loin.<\/p>\n<p align=\"justify\">Une grosse averse nous tombe dessus peu avant le col de la Bataille, et je commence \u00e0 regretter l&rsquo;imperm\u00e9able&#8230; Quelques attaques secouent le groupe : je suis \u00e0 bloc et nous perdons quelques unit\u00e9s, avant de basculer plein gaz dans la descente. Connaissant le terrain Genthon encha\u00eene les virages \u00e0 vive allure sur la route d\u00e9tremp\u00e9e ; je fais de m\u00eame en \u00e9vitant soigneusement les bandes blanches. Il fait froid et humide, mes doigts sont engourdis et je suis bien content de me r\u00e9chauffer en entamant la difficult\u00e9 suivante : le col de la Portette.<\/p>\n<p align=\"justify\">Le train est soutenu mais sans plus, chacun cherche \u00e0 se ravitailler. Dans le col de l&rsquo;Echarasson un coureur tente de nous fausser compagnie, mais le groupe est prompt \u00e0 r\u00e9agir et nous franchissons ensemble le sommet. C&rsquo;est l&rsquo;endroit que Chevalier et Genthon choisissent pour attaquer de concert ; sans me poser de question je leur embo\u00eete le pas. La descente est tortueuse mais s\u00e8che, et je reste au contact gr\u00e2ce \u00e0 quelques freinages dont j&rsquo;ai le secret :). Ils poursuivent leur effort jusqu&rsquo;\u00e0 St-Jean-en-Royans, si bien que nous sommes cinq ou six en t\u00eate avec une petite avance sur nos poursuivants.<\/p>\n<p align=\"justify\">Surpris de me retrouver en si bonne position apr\u00e8s 2\/3 de course j&rsquo;h\u00e9site \u00e0 me livrer totalement avec les deux \u00e9lites, et apr\u00e8s une grosse poursuite le regroupement est g\u00e9n\u00e9ral au pied du col des Limouches. Le groupe est encore trop fourni au go\u00fbt de certains : Gastaldi tente de partir, Girard contre et j&rsquo;y vais avec Fr\u00e9d\u00e9ric, mais les jambes commencent \u00e0 br\u00fbler. Sur ces acc\u00e9l\u00e9rations le groupe se r\u00e9duit petit \u00e0 petit, mais quand Chevalier contre je reste assis, impuissant. Il s&rsquo;\u00e9chappe en force avec Gastaldi et Bard (SSVC), bient\u00f4t suivi par Genthon et Begot (SSVC). Sentant le bon coup partir J\u00e9r\u00f4me d\u00e9marre \u00e0 son tour ; Fr\u00e9d\u00e9ric et moi souffrons quelques hectom\u00e8tres dans sa roue, avant de craquer sur sa seconde acc\u00e9l\u00e9ration. Il reviendra sur le groupe intercal\u00e9 pour la 4\u00b0 place, sans rejoindre la t\u00eate.<\/p>\n<p align=\"justify\">Fr\u00e9d\u00e9ric m\u00e8ne un train suffisamment soutenu dans le long faux-plat qui suit ; j&rsquo;essaie de relayer de temps en temps, mais j&rsquo;accuse le coup du d\u00e9but d&rsquo;ascension. Derri\u00e8re Campagnole d\u00e9croche, accompagn\u00e9 de Girard ; nous roulons maintenant \u00e0 six pour la septi\u00e8me place, pas mal \ud83d\ude09 ! Apr\u00e8s L\u00e9oncel la pente se durcit sur quelques kilom\u00e8tres avant le col des Limouches ; j&rsquo;en profite pour tester un peu mes compagnons, malgr\u00e9 le vent qui se l\u00e8ve. Le plus jeune d\u00e9croche irr\u00e9m\u00e9diablement et Fr\u00e9d\u00e9ric me relaie jusqu&rsquo;au sommet : il reste 30 km \u00e0 parcourir, dont une bonne dizaine en descente.<\/p>\n<p align=\"justify\">Un membre du groupe fait toute la descente en t\u00eate, tandis que nous retrouvons progressivement la chaleur dr\u00f4moise. Les 15 derniers kilom\u00e8tres sont couverts vent de c\u00f4t\u00e9, mais chacun effectue sa part de travail ; nous approchons rapidement de Bourg-de-P\u00e9age par la route emprunt\u00e9e 4 heures plus t\u00f4t. Dans Bourg-de-P\u00e9age, un panneau annonce la flamme rouge ; dernier virage \u00e0 500 m de la ligne, o\u00f9 je prends au sprint la 10\u00b0 place scratch en 4h25&prime;. Pas mal apr\u00e8s une r\u00e9cup\u00e9ration difficile du weekend pr\u00e9c\u00e9dent, m\u00eame s&rsquo;il m&rsquo;a manqu\u00e9 un peu de force pour suivre les meilleurs avant L\u00e9oncel. Une fois de plus je suis au pied du podium des 18-29 ans, mais pour y \u00eatre invit\u00e9 il fallait finir dans les cinq premiers du scratch&#8230; Donc pas de regrets.<\/p>\n<p align=\"justify\">Suivant la r\u00e9cup\u00e9ration et la m\u00e9t\u00e9o je poursuivrai peut-\u00eatre cette dynamique \u00e0 l&rsquo;Alpigap dimanche prochain, sur un parcours que j&rsquo;aimerais d\u00e9couvrir ; j&rsquo;ai quelques jours pour me d\u00e9cider&#8230;<\/p>\n<p><center><iframe loading=\"lazy\" src=\"http:\/\/connect.garmin.com:80\/activity\/embed\/109748914\" frameborder=\"0\" width=\"465\" height=\"548\"><\/iframe><\/center><\/p>\n","protected":false},"excerpt":{"rendered":"<p>Contrairement aux autres ann\u00e9es o\u00f9 je disputais la Pr\u00e9alpes, celle-ci est annul\u00e9e au dernier moment. Me voici donc en route vers Romans pour ma premi\u00e8re participation \u00e0 la Vercors-Dr\u00f4me, belle \u00e9preuve organis\u00e9e par le Cyclo-Club Romanais P\u00e9ageois. La m\u00e9t\u00e9o est &hellip; <a href=\"https:\/\/www.rodolphe-passions.fr\/wordpress\/2011\/08\/vercors-drome\/\">Continuer la lecture <span class=\"meta-nav\">&rarr;<\/span><\/a><\/p>\n","protected":false},"author":1,"featured_media":0,"comment_status":"open","ping_status":"open","sticky":false,"template":"","format":"standard","meta":{"jetpack_post_was_ever_published":false,"_jetpack_newsletter_access":"","_jetpack_dont_email_post_to_subs":false,"_jetpack_newsletter_tier_id":0,"_jetpack_memberships_contains_paywalled_content":false,"_jetpack_memberships_contains_paid_content":false,"footnotes":"","jetpack_publicize_message":"","jetpack_publicize_feature_enabled":true,"jetpack_social_post_already_shared":false,"jetpack_social_options":{"image_generator_settings":{"template":"highway","enabled":false},"version":2}},"categories":[4],"tags":[],"class_list":["post-958","post","type-post","status-publish","format-standard","hentry","category-cyclosportives"],"jetpack_publicize_connections":[],"jetpack_featured_media_url":"","jetpack_shortlink":"https:\/\/wp.me\/p12zYw-fs","jetpack_sharing_enabled":true,"jetpack_likes_enabled":true,"_links":{"self":[{"href":"https:\/\/www.rodolphe-passions.fr\/wordpress\/wp-json\/wp\/v2\/posts\/958"}],"collection":[{"href":"https:\/\/www.rodolphe-passions.fr\/wordpress\/wp-json\/wp\/v2\/posts"}],"about":[{"href":"https:\/\/www.rodolphe-passions.fr\/wordpress\/wp-json\/wp\/v2\/types\/post"}],"author":[{"embeddable":true,"href":"https:\/\/www.rodolphe-passions.fr\/wordpress\/wp-json\/wp\/v2\/users\/1"}],"replies":[{"embeddable":true,"href":"https:\/\/www.rodolphe-passions.fr\/wordpress\/wp-json\/wp\/v2\/comments?post=958"}],"version-history":[{"count":10,"href":"https:\/\/www.rodolphe-passions.fr\/wordpress\/wp-json\/wp\/v2\/posts\/958\/revisions"}],"predecessor-version":[{"id":1099,"href":"https:\/\/www.rodolphe-passions.fr\/wordpress\/wp-json\/wp\/v2\/posts\/958\/revisions\/1099"}],"wp:attachment":[{"href":"https:\/\/www.rodolphe-passions.fr\/wordpress\/wp-json\/wp\/v2\/media?parent=958"}],"wp:term":[{"taxonomy":"category","embeddable":true,"href":"https:\/\/www.rodolphe-passions.fr\/wordpress\/wp-json\/wp\/v2\/categories?post=958"},{"taxonomy":"post_tag","embeddable":true,"href":"https:\/\/www.rodolphe-passions.fr\/wordpress\/wp-json\/wp\/v2\/tags?post=958"}],"curies":[{"name":"wp","href":"https:\/\/api.w.org\/{rel}","templated":true}]}}