{"id":983,"date":"2011-09-25T20:00:50","date_gmt":"2011-09-25T19:00:50","guid":{"rendered":"http:\/\/www.rodolphe-passions.info\/wordpress\/?p=983"},"modified":"2012-01-09T22:08:55","modified_gmt":"2012-01-09T21:08:55","slug":"dromoise-2","status":"publish","type":"post","link":"https:\/\/www.rodolphe-passions.fr\/wordpress\/2011\/09\/dromoise-2\/","title":{"rendered":"Dr\u00f4moise"},"content":{"rendered":"<p align=\"justify\">Apr\u00e8s avoir pass\u00e9 la semaine \u00e0 h\u00e9siter sur la m\u00e9t\u00e9o, me voici au d\u00e9part de la troisi\u00e8me \u00e9dition de la Dr\u00f4moise, sur un grand parcours remani\u00e9 par rapport \u00e0 2010. A priori plus facile (143 km &#8211; 2200 m annonc\u00e9s), il emprunte cependant les routes escarp\u00e9es -et jamais plates- du Diois. Le ciel est charg\u00e9 mais reste sec ; en revanche les violents orages de la veille ont laiss\u00e9 des traces, l&rsquo;eau se m\u00ealant par endroits aux gravillons et \u00e0 la terre.<\/p>\n<p align=\"justify\">Bref il convient de rester vigilant d\u00e8s le d\u00e9part, l&rsquo;imposant peloton restant compact pendant plus de 30 km. La route est humide voire tremp\u00e9e et se r\u00e9tr\u00e9cit souvent ; malgr\u00e9 l&rsquo;allure peu soutenue je peux \u00e0 peine discuter avec mes diff\u00e9rentes connaissances cyclosportives pr\u00e9sentes aujourd&rsquo;hui (David, Fr\u00e9d\u00e9ric, S\u00e9bastien, Nicolas, etc). Tenant ma place dans les 20-30 premiers je passe au travers les chutes, et comme pr\u00e9vu Nicolas Fritsch passe \u00e0 l&rsquo;action d\u00e8s Roanne pour \u00e9cr\u00e9mer l&rsquo;imposant peloton.<\/p>\n<p align=\"justify\"><img loading=\"lazy\" decoding=\"async\" src=\"http:\/\/www.rodolphe-passions.fr\/wordpress\/wp-content\/uploads\/2011\/09\/dromoise.jpg\" alt=\"Dr\u00f4moise\" title=\"Dr\u00f4moise\" width=\"400\" height=\"266\" class=\"alignleft size-full wp-image-992\" srcset=\"https:\/\/www.rodolphe-passions.fr\/wordpress\/wp-content\/uploads\/2011\/09\/dromoise.jpg 400w, https:\/\/www.rodolphe-passions.fr\/wordpress\/wp-content\/uploads\/2011\/09\/dromoise-300x199.jpg 300w\" sizes=\"(max-width: 400px) 100vw, 400px\" \/>Il est vite relay\u00e9 par un concurrent, et je dois me mettre \u00e0 bloc pour tenir la cadence&#8230; sans savoir combien de temps dure l&rsquo;ascension. Les minutes sont longues, et je dois laisser filer une demi-douzaine de coureurs peu avant Tavard. On revient dans la courte descente qui suit, mais je ne suis pas aussi a\u00e9rien que d&rsquo;habitude&#8230; Apr\u00e8s St-Nazaire-le-D\u00e9sert vient le premier gros morceau de la matin\u00e9e : le col des Roustants par Volvent.<\/p>\n<p align=\"justify\">L\u00e0 encore nous sommes trop nombreux au go\u00fbt de Nicolas, qui acc\u00e9l\u00e8re : \u00e7a casse de partout, mais bien plac\u00e9 je r\u00e9siste avec la t\u00eate de course jusqu&rsquo;au col de Portail. Les jambes br\u00fblent, et logiquement je craque apr\u00e8s Volvent : le groupe de t\u00eate se d\u00e9coupe en deux, et Bonnafond (r\u00e9cent 26\u00b0 de la Vuelta) fait l&rsquo;effort pour ramener tout le monde. Je n&rsquo;arrive pas \u00e0 suivre le groupe de chasse, et dois me faire violence pour accrocher la roue de Fr\u00e9d\u00e9ric qui assure un bon tempo. Au sommet nous gardons le groupe en point de mire, et en prenant quelques risques mesur\u00e9s dans la descente nous rentrons sur la t\u00eate apr\u00e8s Chalan\u00e7on.<\/p>\n<p align=\"justify\">Deux fois l\u00e2ch\u00e9 en deux ascensions, je ne me fais gu\u00e8re d&rsquo;illusions pour la suite. A la s\u00e9paration des parcours 116\/143 km nous sommes une quinzaine \u00e0 partir sur le grand parcours, et d\u00e8s les premiers hectom\u00e8tres du col des Fays le groupe explose. A la rupture je ne cherche m\u00eame pas \u00e0 suivre la t\u00eate, me contentant de suivre le groupe de chasse avec notamment Fr\u00e9d\u00e9ric, Nicolas (Raybaud) et Rapha\u00ebl. Le rythme est bien assez soutenu, et devant les favoris se mettent rapidement hors de port\u00e9e.<\/p>\n<p align=\"justify\">Au sommet un dernier effort nous am\u00e8ne au col de Rossas, avant de descendre longuement sur Valdr\u00f4me et son fameux mur. Rien \u00e0 signaler ; 40 km restent \u00e0 couvrir, et point\u00e9s \u00e0 4&prime; de la t\u00eate de course il s&rsquo;agit maintenant de rallier l&rsquo;arriv\u00e9e ensemble. Nous arrivons group\u00e9s \u00e0 Beauri\u00e8res ; virage \u00e0 gauche direction Lesches-en-Diois et c&rsquo;est parti pour 6-7 km d&rsquo;ascension, le plus dur \u00e9tant au d\u00e9but. Deux concurrents d\u00e9crochent instantan\u00e9ment ; ne souhaitant pas finir seul je m&rsquo;accroche aux quatre autres. Fr\u00e9d\u00e9ric assure la majorit\u00e9 du train, Rapha\u00ebl semble encore fringant et je lutte le plus souvent en queue de groupe pour rester au contact.<\/p>\n<p align=\"justify\">A l&rsquo;approche du sommet la pente se radoucit, je franchis ce dernier avec le groupe : mission accomplie ! Maintenant place \u00e0 30 km de descente\/plat avant Die&#8230; Les relais sont efficaces, chacun assure sa part de travail et le compteur d\u00e9passe tr\u00e8s souvent les 40-45 km\/h. Les deux courtes ascensions vers Collet et St-Romans perturbent \u00e0 peine la belle m\u00e9canique ; \u00e0 chaque fois je flirte avec les crampes, mais \u00e7a passe.<\/p>\n<p align=\"justify\">Derni\u00e8re ligne droite avant Die, l\u00e0 o\u00f9 l&rsquo;an dernier j&rsquo;avais crev\u00e9&#8230; Cette fois-ci pas de p\u00e9pin m\u00e9canique, mais Nicolas plante une banderille \u00e0 5 km de l&rsquo;arriv\u00e9e, histoire de rappeler \u00e0 tous qu&rsquo;il y a une dixi\u00e8me place en jeu. Nous arrivons n\u00e9anmoins au sprint : j&rsquo;aborde le dernier rond-point en 2\u00b0 position derri\u00e8re Fr\u00e9d\u00e9ric, rate ma relance et lance mon sprint de beaucoup trop loin pour esp\u00e9rer r\u00e9sister \u00e0 mes adversaires. L&rsquo;acide lactique monte dans les cuisses, je me rasseois : game over&#8230; Dernier du groupe, je coupe la ligne en 4h00&rsquo;26\u00a0\u00bb \u00e0 la 14\u00b0 place ; Fr\u00e9d\u00e9ric remporte le sprint pour prendre la 10\u00b0 place, suivi de Nicolas. 8 minutes plus t\u00f4t les six meilleurs sont arriv\u00e9s au sprint pour la gagne : Michel Heydens l&#8217;emporte devant Lionel Genthon et Tony Mezure ; Geoffrey Bouchard, Nicolas Fritsch et Guillaume Bonnafond compl\u00e8tent le top 6.<\/p>\n<p align=\"justify\">Pas grand chose \u00e0 regretter sur ma course du jour, tant le niveau \u00e9tait relev\u00e9 (seulement 9\u00b0 de ma cat\u00e9gorie malgr\u00e9 un top 15 !). Le travail PMA entam\u00e9 la semaine m&rsquo;a certainement aid\u00e9 dans certains passages difficiles, mais il m&rsquo;a manqu\u00e9 un peu de fra\u00eecheur et de constance pour esp\u00e9rer mieux ce matin. La fin de saison est proche, avec une certaine lassitude&#8230; Il me reste quelques jours pour me d\u00e9cider entre la grimp\u00e9e de Montaud ou les Cimes du Lac d&rsquo;Annecy, nouvelle \u00e9preuve sur des routes compl\u00e8tement in\u00e9dites pour moi.<\/p>\n<p align=\"justify\">R\u00e9sultats : <a href=\"http:\/\/www.yaka-events.com\/doc\/Resultat\/2011\/DROMOISE%20CLASSEMENT%20GENERAL%20143KM.pdf\">Dr\u00f4moise &#8211; grand parcours<\/a><\/p>\n<p><center><iframe width='465' height='548' frameborder='0' src='http:\/\/connect.garmin.com:80\/activity\/embed\/116989114'><\/iframe><\/center><\/p>\n","protected":false},"excerpt":{"rendered":"<p>Apr\u00e8s avoir pass\u00e9 la semaine \u00e0 h\u00e9siter sur la m\u00e9t\u00e9o, me voici au d\u00e9part de la troisi\u00e8me \u00e9dition de la Dr\u00f4moise, sur un grand parcours remani\u00e9 par rapport \u00e0 2010. A priori plus facile (143 km &#8211; 2200 m annonc\u00e9s), &hellip; <a href=\"https:\/\/www.rodolphe-passions.fr\/wordpress\/2011\/09\/dromoise-2\/\">Continuer la lecture <span class=\"meta-nav\">&rarr;<\/span><\/a><\/p>\n","protected":false},"author":1,"featured_media":0,"comment_status":"open","ping_status":"open","sticky":false,"template":"","format":"standard","meta":{"jetpack_post_was_ever_published":false,"_jetpack_newsletter_access":"","_jetpack_dont_email_post_to_subs":false,"_jetpack_newsletter_tier_id":0,"_jetpack_memberships_contains_paywalled_content":false,"_jetpack_memberships_contains_paid_content":false,"footnotes":"","jetpack_publicize_message":"","jetpack_publicize_feature_enabled":true,"jetpack_social_post_already_shared":false,"jetpack_social_options":{"image_generator_settings":{"template":"highway","enabled":false},"version":2}},"categories":[4],"tags":[],"class_list":["post-983","post","type-post","status-publish","format-standard","hentry","category-cyclosportives"],"jetpack_publicize_connections":[],"jetpack_featured_media_url":"","jetpack_shortlink":"https:\/\/wp.me\/p12zYw-fR","jetpack_sharing_enabled":true,"jetpack_likes_enabled":true,"_links":{"self":[{"href":"https:\/\/www.rodolphe-passions.fr\/wordpress\/wp-json\/wp\/v2\/posts\/983"}],"collection":[{"href":"https:\/\/www.rodolphe-passions.fr\/wordpress\/wp-json\/wp\/v2\/posts"}],"about":[{"href":"https:\/\/www.rodolphe-passions.fr\/wordpress\/wp-json\/wp\/v2\/types\/post"}],"author":[{"embeddable":true,"href":"https:\/\/www.rodolphe-passions.fr\/wordpress\/wp-json\/wp\/v2\/users\/1"}],"replies":[{"embeddable":true,"href":"https:\/\/www.rodolphe-passions.fr\/wordpress\/wp-json\/wp\/v2\/comments?post=983"}],"version-history":[{"count":11,"href":"https:\/\/www.rodolphe-passions.fr\/wordpress\/wp-json\/wp\/v2\/posts\/983\/revisions"}],"predecessor-version":[{"id":1052,"href":"https:\/\/www.rodolphe-passions.fr\/wordpress\/wp-json\/wp\/v2\/posts\/983\/revisions\/1052"}],"wp:attachment":[{"href":"https:\/\/www.rodolphe-passions.fr\/wordpress\/wp-json\/wp\/v2\/media?parent=983"}],"wp:term":[{"taxonomy":"category","embeddable":true,"href":"https:\/\/www.rodolphe-passions.fr\/wordpress\/wp-json\/wp\/v2\/categories?post=983"},{"taxonomy":"post_tag","embeddable":true,"href":"https:\/\/www.rodolphe-passions.fr\/wordpress\/wp-json\/wp\/v2\/tags?post=983"}],"curies":[{"name":"wp","href":"https:\/\/api.w.org\/{rel}","templated":true}]}}