{"id":995,"date":"2011-10-02T20:00:04","date_gmt":"2011-10-02T19:00:04","guid":{"rendered":"http:\/\/www.rodolphe-passions.info\/wordpress\/?p=995"},"modified":"2012-01-09T22:08:13","modified_gmt":"2012-01-09T21:08:13","slug":"cimes-du-lac-dannecy","status":"publish","type":"post","link":"https:\/\/www.rodolphe-passions.fr\/wordpress\/2011\/10\/cimes-du-lac-dannecy\/","title":{"rendered":"Cimes du lac d&rsquo;Annecy"},"content":{"rendered":"<p align=\"justify\">Malgr\u00e9 un r\u00e9sultat mitig\u00e9 \u00e0 la Dr\u00f4moise quelques jours plus t\u00f4t, la curiosit\u00e9 me pousse \u00e0 participer aux Cimes du lac d&rsquo;Annecy ce dimanche. Nouvelle cyclosportive organis\u00e9e par LVO, elle propose un parcours all\u00e9chant dans le massif des Bauges (133 km &#8211; 3000 m), avec pas moins de cinq cols \u00e0 escalader (Leschaux, Cr\u00eat de Chatillon, Plainpalais, Pr\u00e9s, Leschaux) sur des routes jamais plates. Le niveau est \u00e9galement relev\u00e9 ; outre les participants au challenge Rotor Cyclo&rsquo;Tour, les teams BVSport et Scott sont bien repr\u00e9sent\u00e9s.<\/p>\n<p align=\"justify\"><img loading=\"lazy\" decoding=\"async\" src=\"http:\/\/www.rodolphe-passions.fr\/wordpress\/wp-content\/uploads\/2011\/10\/cimes_lac_annecy_1.jpg\" alt=\"Cimes du lac d&#039;Annecy\" title=\"Cimes du lac d&#039;Annecy\" width=\"400\" height=\"264\" class=\"alignright size-full wp-image-1004\" srcset=\"https:\/\/www.rodolphe-passions.fr\/wordpress\/wp-content\/uploads\/2011\/10\/cimes_lac_annecy_1.jpg 400w, https:\/\/www.rodolphe-passions.fr\/wordpress\/wp-content\/uploads\/2011\/10\/cimes_lac_annecy_1-300x198.jpg 300w\" sizes=\"(max-width: 400px) 100vw, 400px\" \/>Le d\u00e9part est donn\u00e9 au bord du lac d&rsquo;Annecy ; le col de Leschaux donne imm\u00e9diatement le ton. Le train est soutenu, et les sensations pas mauvaises contrairement aux entra\u00eenements de la semaine : vaut mieux \u00e7a que l&rsquo;inverse :-). Je retrouve les deux Nicolas (Fritsch et Raybaud) aux avants-postes, tout comme S\u00e9bastien et C\u00e9dric. Rien \u00e0 signaler si ce n&rsquo;est une acc\u00e9l\u00e9ration \u00e0 mi-pente, sans grands d\u00e9g\u00e2ts ; au sommet le peloton est encore compact. On prend la direction du Cr\u00eat de Chatillon, une longue ascension de 13 km avec des pourcentages soutenus (5-6 %).<\/p>\n<p align=\"justify\">Au premier lacet pentu je prends quelques longueurs sans vraiment le vouloir, Nicolas (Fritsch) contre : la grande bagarre est lanc\u00e9e. Dans un premier temps je ne cherche pas \u00e0 le suivre ; quand Nicolas Ougier part \u00e0 sa poursuite je tente de faire l&rsquo;effort&#8230; mais impossible de tenir la cadence. Nicolas Roux, \u00c9ric Wagon et C\u00e9dric partent en chasse ; derri\u00e8re j&rsquo;essaie de suivre le tempo impos\u00e9 par Philippe Colevret, mais apr\u00e8s quelques minutes j&rsquo;accuse le coup et d\u00e9croche du petit groupe. Je me ressaisis en voyant que derri\u00e8re \u00e7a explose ; j&rsquo;aper\u00e7ois Nicolas (Raybaud) quelques secondes plus bas : il finit par revenir avec un concurrent dans une portion plus roulante, tandis que je garde le groupe de chasse en point de mire.<\/p>\n<p align=\"justify\">J&rsquo;en remets une couche sur un passage raide \u00e0 5 km du sommet, et me retrouve \u00e0 nouveau seul. Plus haut je pointe \u00e0 40&Prime; du groupe de chasse qui a rattrap\u00e9 C\u00e9dric : avec la longue descente qui suit \u00e7a me laisse une chance de revenir. Je couvre les deux derniers kilom\u00e8tres \u00e0 bloc, profitant peu de la vue sur le Mont Blanc. Parfum d&rsquo;automne dans la descente : feuilles mortes et humidit\u00e9 jonchent les parties ombrag\u00e9es de la route, on se croirait au Tour de Lombardie. La descente est sinueuse, et bien aid\u00e9 par mes Continental GP4000S j&rsquo;encha\u00eene les virages presque comme sur le sec ; en quelques kilom\u00e8tres je rejoins le groupe.<\/p>\n<p align=\"justify\">Je poursuis l&rsquo;effort jusqu&rsquo;\u00e0 rejoindre Jean-Francis Pessey, d\u00e9croch\u00e9 lui aussi de la t\u00eate&#8230; d\u00e9j\u00e0 point\u00e9e \u00e0 3 minutes apr\u00e8s 40 km de course. Je coupe mon effort et le groupe se reconstitue : nous sommes une petite dizaine quand Nicolas nous rejoint. L&rsquo;entente n&rsquo;est pas bonne ; chacun pense \u00e0 la suite et n&rsquo;ose se d\u00e9couvrir&#8230; Malgr\u00e9 tout Philippe Colevret impose le rythme : leader du Cyclo&rsquo;Tour, il n&rsquo;a pas int\u00e9r\u00eat \u00e0 ce que \u00e7a revienne derri\u00e8re. Les relais tournent timidement, jusqu&rsquo;au pied du col du Plainpalais. Les sensations restent bonnes, mais je suis \u00e9tonn\u00e9 d&rsquo;avoir mal aux jambes si t\u00f4t dans la course. Rassur\u00e9 en voyant que c&rsquo;est pareil pour certains, je me force \u00e0 mouliner un peu plus pour \u00e9liminer les toxines : tactique payante pour la suite. Au sommet le cap de la mi-course est atteint ; nous descendons droit sur la difficult\u00e9 suivante : le col des Pr\u00e9s, annonc\u00e9 difficile avec ses passages \u00e0 12 %.<\/p>\n<p align=\"justify\"><img loading=\"lazy\" decoding=\"async\" src=\"http:\/\/www.rodolphe-passions.fr\/wordpress\/wp-content\/uploads\/2011\/10\/cimes_lac_annecy_2.jpg\" alt=\"Cimes du lac d&#039;Annecy\" title=\"Cimes du lac d&#039;Annecy\" width=\"400\" height=\"280\" class=\"alignleft size-full wp-image-1007\" srcset=\"https:\/\/www.rodolphe-passions.fr\/wordpress\/wp-content\/uploads\/2011\/10\/cimes_lac_annecy_2.jpg 400w, https:\/\/www.rodolphe-passions.fr\/wordpress\/wp-content\/uploads\/2011\/10\/cimes_lac_annecy_2-300x210.jpg 300w\" sizes=\"(max-width: 400px) 100vw, 400px\" \/>Il commence \u00e0 faire chaud ; au sein du groupe je me sens encore pas mal. D\u00e8s les premi\u00e8res rampes difficiles Pessey tente de partir : d&rsquo;habitude tr\u00e8s fort je le laisse partir, mais aujourd&rsquo;hui il plafonne. Philippe Colevret ram\u00e8ne la troupe qui se r\u00e9duit au fil des acc\u00e9l\u00e9rations : Nicolas, C\u00e9dric, Sylvain Oswarek, Jean-Francis Pessey et le leader du Cyclo&rsquo;Tour restons seuls dans le coup. Apr\u00e8s Thoiry Nicolas tente de contrer, je lui embo\u00eete le pas. L&rsquo;allure ne faiblit plus jusqu&rsquo;au sommet, bien au contraire. C\u00e9dric acc\u00e9l\u00e8re dans un passage plus raide ; Nicolas craque et je lutte pour rester au contact. A ce rythme-l\u00e0 je ne peux tenir tr\u00e8s longtemps, et \u00e0 3 km du sommet je dois les laisser filer, lentement mais s\u00fbrement. Au moment de basculer je les ai toujours en point de mire, mais malgr\u00e9 le retour de Nicolas dans la descente celle-ci n&rsquo;est pas assez longue et technique pour rentrer.<\/p>\n<p align=\"justify\">Il reste alors 40 km \u00e0 couvrir, et nous unissons nos forces ; autant pour essayer de revenir que pour conserver notre position. Sur des routes jamais plates et au rev\u00eatement irr\u00e9gulier nous les apercevons parfois en point de mire, mais au fil des courtes ascensions nous perdons du temps. Le final est tr\u00e8s usant, mon compagnon est de plus en plus fatigu\u00e9 ; dans le dernier passage au col de Leschaux j&rsquo;assure la majeure partie du travail. Le sommet est une d\u00e9livrance pour nous deux : plus qu&rsquo;une descente pour rallier la c\u00f4te de l&rsquo;arriv\u00e9e.<\/p>\n<p align=\"justify\">Nous arrivons ensemble au pied : 2 km suffisamment pentus pour faire la diff\u00e9rence. J&rsquo;acc\u00e9l\u00e8re d&rsquo;entr\u00e9e, et sens l&rsquo;acide lactique monter dans les cuisses ; Nicolas ne peut pas suivre, en bon gentleman il m&rsquo;aurait de toute fa\u00e7on laiss\u00e9 passer pour le travail fourni dans le final ;-). Je franchis la ligne \u00e0 la 8\u00b0 place scratch en 4h27&rsquo;38\u00a0\u00bb, avec un nouveau podium cat\u00e9gorie \u00e0 la cl\u00e9. Devant Nicolas Ougier (Scott &#8211; les Saisies) remporte la victoire l\u00e9g\u00e8rement d\u00e9tach\u00e9 devant \u00c9ric Wagon (GMC38) ; Nicolas Fritsch (BVSport) compl\u00e8te le podium scratch. Derni\u00e8re \u00e9preuve de la saison, et meilleur r\u00e9sultat : voil\u00e0 qui conclut une journ\u00e9e id\u00e9ale, en attendant la remise des prix sur le site magnifique du lac d&rsquo;Annecy&#8230; rendez-vous en 2012 !<\/p>\n<p align=\"justify\">R\u00e9sultats : <a href=\"http:\/\/www.challengecyclotour.com\/objets\/2011\/CLAclassement.pdf\">Cimes du lac d&rsquo;Annecy &#8211; grand parcours<\/a><\/p>\n<p><center><iframe width='465' height='548' frameborder='0' src='http:\/\/connect.garmin.com:80\/activity\/embed\/118694234'><\/iframe><\/center><\/p>\n","protected":false},"excerpt":{"rendered":"<p>Malgr\u00e9 un r\u00e9sultat mitig\u00e9 \u00e0 la Dr\u00f4moise quelques jours plus t\u00f4t, la curiosit\u00e9 me pousse \u00e0 participer aux Cimes du lac d&rsquo;Annecy ce dimanche. Nouvelle cyclosportive organis\u00e9e par LVO, elle propose un parcours all\u00e9chant dans le massif des Bauges (133 &hellip; <a href=\"https:\/\/www.rodolphe-passions.fr\/wordpress\/2011\/10\/cimes-du-lac-dannecy\/\">Continuer la lecture <span class=\"meta-nav\">&rarr;<\/span><\/a><\/p>\n","protected":false},"author":1,"featured_media":0,"comment_status":"open","ping_status":"open","sticky":false,"template":"","format":"standard","meta":{"jetpack_post_was_ever_published":false,"_jetpack_newsletter_access":"","_jetpack_dont_email_post_to_subs":false,"_jetpack_newsletter_tier_id":0,"_jetpack_memberships_contains_paywalled_content":false,"_jetpack_memberships_contains_paid_content":false,"footnotes":"","jetpack_publicize_message":"","jetpack_publicize_feature_enabled":true,"jetpack_social_post_already_shared":false,"jetpack_social_options":{"image_generator_settings":{"template":"highway","enabled":false},"version":2}},"categories":[4],"tags":[],"class_list":["post-995","post","type-post","status-publish","format-standard","hentry","category-cyclosportives"],"jetpack_publicize_connections":[],"jetpack_featured_media_url":"","jetpack_shortlink":"https:\/\/wp.me\/p12zYw-g3","jetpack_sharing_enabled":true,"jetpack_likes_enabled":true,"_links":{"self":[{"href":"https:\/\/www.rodolphe-passions.fr\/wordpress\/wp-json\/wp\/v2\/posts\/995"}],"collection":[{"href":"https:\/\/www.rodolphe-passions.fr\/wordpress\/wp-json\/wp\/v2\/posts"}],"about":[{"href":"https:\/\/www.rodolphe-passions.fr\/wordpress\/wp-json\/wp\/v2\/types\/post"}],"author":[{"embeddable":true,"href":"https:\/\/www.rodolphe-passions.fr\/wordpress\/wp-json\/wp\/v2\/users\/1"}],"replies":[{"embeddable":true,"href":"https:\/\/www.rodolphe-passions.fr\/wordpress\/wp-json\/wp\/v2\/comments?post=995"}],"version-history":[{"count":15,"href":"https:\/\/www.rodolphe-passions.fr\/wordpress\/wp-json\/wp\/v2\/posts\/995\/revisions"}],"predecessor-version":[{"id":1051,"href":"https:\/\/www.rodolphe-passions.fr\/wordpress\/wp-json\/wp\/v2\/posts\/995\/revisions\/1051"}],"wp:attachment":[{"href":"https:\/\/www.rodolphe-passions.fr\/wordpress\/wp-json\/wp\/v2\/media?parent=995"}],"wp:term":[{"taxonomy":"category","embeddable":true,"href":"https:\/\/www.rodolphe-passions.fr\/wordpress\/wp-json\/wp\/v2\/categories?post=995"},{"taxonomy":"post_tag","embeddable":true,"href":"https:\/\/www.rodolphe-passions.fr\/wordpress\/wp-json\/wp\/v2\/tags?post=995"}],"curies":[{"name":"wp","href":"https:\/\/api.w.org\/{rel}","templated":true}]}}